{"id":25990,"date":"2025-09-25T23:56:11","date_gmt":"2025-09-26T02:56:11","guid":{"rendered":"https:\/\/www.sportchaco.com.ar\/?p=25990"},"modified":"2025-09-26T00:00:16","modified_gmt":"2025-09-26T03:00:16","slug":"25990","status":"publish","type":"post","link":"https:\/\/www.sportchaco.com.ar\/?p=25990","title":{"rendered":"Efem\u00e9rides del 26 de septiembre"},"content":{"rendered":"<div class=\"container fullwidth-entry-title-wrapper\">\n<div class=\"container-wrapper fullwidth-entry-title\">\n<header class=\"entry-header-outer\">\n<div class=\"entry-header\">\n<div class=\"single-post-meta post-meta clearfix\">\n<h5 class=\"tie-alignright\"><\/h5>\n<\/div>\n<\/div>\n<\/header>\n<\/div>\n<\/div>\n<div id=\"content\" class=\"site-content container\">\n<div id=\"main-content-row\" class=\"tie-row main-content-row\">\n<div class=\"main-content tie-col-md-8 tie-col-xs-12\" role=\"main\">\n<article id=\"the-post\" class=\"container-wrapper post-content tie-standard\">\n<div class=\"featured-area-inner\"><\/div>\n<div class=\"entry-content entry clearfix\">\n<h5><strong>Esta es la Efem\u00e9rides del Deporte en el Chaco de un 26 de septiembre del periodista Luis Dar\u00edo Molodezky.<\/strong><\/h5>\n<p><img loading=\"lazy\" decoding=\"async\" class=\"alignnone size-medium wp-image-25992 aligncenter\" src=\"https:\/\/www.sportchaco.com.ar\/wp-content\/uploads\/2025\/09\/Luis-Dario-11-08-2025-3-1-226x300.jpeg\" alt=\"\" width=\"226\" height=\"300\" srcset=\"https:\/\/www.sportchaco.com.ar\/wp-content\/uploads\/2025\/09\/Luis-Dario-11-08-2025-3-1-226x300.jpeg 226w, https:\/\/www.sportchaco.com.ar\/wp-content\/uploads\/2025\/09\/Luis-Dario-11-08-2025-3-1-771x1024.jpeg 771w, https:\/\/www.sportchaco.com.ar\/wp-content\/uploads\/2025\/09\/Luis-Dario-11-08-2025-3-1-768x1021.jpeg 768w, https:\/\/www.sportchaco.com.ar\/wp-content\/uploads\/2025\/09\/Luis-Dario-11-08-2025-3-1-1156x1536.jpeg 1156w, https:\/\/www.sportchaco.com.ar\/wp-content\/uploads\/2025\/09\/Luis-Dario-11-08-2025-3-1.jpeg 1204w\" sizes=\"auto, (max-width: 226px) 100vw, 226px\" \/><\/p>\n<p>&nbsp;<\/p>\n<p><strong>1982 \/\u00a0<\/strong>Con 16 a\u00f1os y 2,16 metros llega a Resistencia desde El Colorado, Formosa, Jorge Gonz\u00e1lez. Su plan de entrenamiento es con Invernissi y Marcus Adams por la ma\u00f1ana y los profesores Dante Fermani y Victor Romero por la tarde. Se mueve con sus sandalias, ya que espera la llegada de un calzado N\u00b0 53 que le prometi\u00f3 la firma Adidas. La historia marcar\u00e1 luego su paso por Sport Club, Gimnasia y Esgrima y la Selecci\u00f3n Nacional, aunque no con demasiado suceso. Fue a EE.UU. para jugar al b\u00e1squetbol y termin\u00f3 haciendo lucha y filmando alguna pel\u00edcula. Una diabetes severa lo oblig\u00f3 a dejar todo y regresar a Formosa. Falleci\u00f3 un 24 de septiembre de 2010.<\/p>\n<p><strong>2006\u00a0<\/strong>\/ Fallece Horacio Ra\u00fal Panelo. Hab\u00eda traspasado la frontera de la regi\u00f3n porque su calidad como volante de creaci\u00f3n y definidor, due\u00f1o de un remate inigualable, sedujo a clubes de Buenos Aires en la d\u00e9cada del 60, Se inici\u00f3 en Resistencia y luego pas\u00f3 a Central Norte. En el \u201858 pas\u00f3 a Chacarita y Quilmes, para regresar a Sarmiento. Como DT condujo entre otros a Villa Alvear varias temporadas y Resistencia. Brill\u00f3 con la casaca de la Selecci\u00f3n Chaque\u00f1a.<\/p>\n<p><img loading=\"lazy\" decoding=\"async\" class=\"alignnone size-medium wp-image-25996 aligncenter\" src=\"https:\/\/www.sportchaco.com.ar\/wp-content\/uploads\/2025\/09\/Panelo-Ramon-S-O-Nelson-y-Manolo-Benitez-300x200.jpg\" alt=\"\" width=\"300\" height=\"200\" srcset=\"https:\/\/www.sportchaco.com.ar\/wp-content\/uploads\/2025\/09\/Panelo-Ramon-S-O-Nelson-y-Manolo-Benitez-300x200.jpg 300w, https:\/\/www.sportchaco.com.ar\/wp-content\/uploads\/2025\/09\/Panelo-Ramon-S-O-Nelson-y-Manolo-Benitez.jpg 600w\" sizes=\"auto, (max-width: 300px) 100vw, 300px\" \/><\/p>\n<p><strong>Horacio Panelo, Ramon Santos Oliveira, Nelson Mart\u00ednez y Manolo Benitez<\/strong><\/p>\n<p><strong>\u00a02014<\/strong> \/ \u00a0Fallece Juan Alberto Garc\u00eda (foto portada), dirigente de Uni\u00f3n de Pinedo y Chaco For Ever. presidiendo esta \u00faltima instituci\u00f3n a partir de 1986, en el ingreso al Nacional. Fue el responsable de la construcci\u00f3n del estadio de cemento, iluminaci\u00f3n, vestuarios y muchas otras obras. Fue titular del elenco chaque\u00f1o desde 1986 hasta 1988, aunque siempre estuvo ligado a la instituci\u00f3n. El estreno oficial del estadio fue el 18 de octubre de 1986, por la 16\u00aa fecha del Nacional \u201cB\u201d, y For Ever derrot\u00f3 por 2 a 1 a Atl\u00e9tico Concepci\u00f3n de la Banda del R\u00edo Sal\u00ed (Tucum\u00e1n), con goles de Roberto D. Forn\u00e9s y Alfredo \u201cPepo\u201d Fern\u00e1ndez. Ese d\u00eda, estuvo el presidente de AFA, Julio Humberto Grondona. A\u00f1os m\u00e1s tarde se le impuso su nombre al estadio.<\/p>\n<\/div>\n<h2 data-start=\"124\" data-end=\"166\">Efem\u00e9rides deportivas en Argentina<\/h2>\n<ul data-start=\"168\" data-end=\"860\">\n<li data-start=\"168\" data-end=\"417\">\n<p data-start=\"170\" data-end=\"417\">En <strong data-start=\"173\" data-end=\"181\">1937<\/strong>, el club <strong data-start=\"191\" data-end=\"230\">Independiente derrot\u00f3 7-1 a Quilmes<\/strong>, y <strong data-start=\"234\" data-end=\"251\">Arsenio Erico<\/strong> se convirti\u00f3 en el primer futbolista en marcar <strong data-start=\"299\" data-end=\"333\">seis goles en un mismo partido<\/strong> en la era profesional del f\u00fatbol argentino.<\/p>\n<\/li>\n<li data-start=\"168\" data-end=\"417\"><\/li>\n<li data-start=\"418\" data-end=\"632\">\n<p data-start=\"420\" data-end=\"632\">En <strong data-start=\"423\" data-end=\"431\">1998<\/strong>, <strong data-start=\"433\" data-end=\"454\">Gabriel Batistuta<\/strong> convirti\u00f3 un hat trick al Milan (3-1) y con eso se transform\u00f3 en <strong data-start=\"520\" data-end=\"573\">m\u00e1ximo goleador extranjero de la Serie A italiana<\/strong> hasta ese momento.<\/p>\n<\/li>\n<li data-start=\"633\" data-end=\"860\">\n<p data-start=\"635\" data-end=\"860\">En el supercl\u00e1sico de <strong data-start=\"657\" data-end=\"665\">1943<\/strong>, <strong data-start=\"667\" data-end=\"698\">Boca venci\u00f3 a River por 2-1<\/strong>, con goles de <strong data-start=\"713\" data-end=\"732\">Severino Varela<\/strong>, quien adquiri\u00f3 el apodo de \u201cLa Boina Fantasma\u201d por la boina blanca que usaba al jugar.<\/p>\n<\/li>\n<\/ul>\n<hr data-start=\"862\" data-end=\"865\" \/>\n<h2 data-start=\"867\" data-end=\"925\"> Efem\u00e9rides deportivas mundiales del 26 de septiembre<\/h2>\n<ul data-start=\"927\" data-end=\"1801\">\n<li data-start=\"927\" data-end=\"1120\">\n<p data-start=\"929\" data-end=\"1120\">En <strong data-start=\"932\" data-end=\"940\">1961<\/strong>, <strong data-start=\"942\" data-end=\"957\">Roger Maris<\/strong> de los New York Yankees conect\u00f3 su <strong data-start=\"993\" data-end=\"1013\">jonr\u00f3n n\u00famero 60<\/strong> en la temporada, igualando el r\u00e9cord de Babe Ruth (en juegos m\u00e1s).<\/p>\n<\/li>\n<li data-start=\"1592\" data-end=\"1801\">\n<p data-start=\"1594\" data-end=\"1801\">En golf, en la Ryder Cup de 1999, <strong data-start=\"1628\" data-end=\"1646\">Justin Leonard<\/strong> emboc\u00f3 un putt de 45 pies en el hoyo 17 para darle a Estados Unidos una remontada 14-13 sobre Europa en Brookline.<\/p>\n<\/li>\n<\/ul>\n<\/article>\n<\/div>\n<\/div>\n<\/div>\n","protected":false},"excerpt":{"rendered":"<p>Esta es la Efem\u00e9rides del Deporte en el Chaco de un 26 de septiembre del periodista Luis Dar\u00edo Molodezky. &nbsp; 1982 \/\u00a0Con 16 a\u00f1os y 2,16 metros llega a Resistencia desde El Colorado, Formosa, Jorge Gonz\u00e1lez. Su plan de entrenamiento es con Invernissi y Marcus Adams por la ma\u00f1ana y los profesores Dante Fermani y &hellip;<\/p>\n","protected":false},"author":2,"featured_media":25993,"comment_status":"open","ping_status":"open","sticky":false,"template":"","format":"standard","meta":{"footnotes":""},"categories":[45,39],"tags":[],"class_list":["post-25990","post","type-post","status-publish","format-standard","has-post-thumbnail","hentry","category-efemerides-dia-por-dia","category-septiembre"],"_links":{"self":[{"href":"https:\/\/www.sportchaco.com.ar\/index.php?rest_route=\/wp\/v2\/posts\/25990","targetHints":{"allow":["GET"]}}],"collection":[{"href":"https:\/\/www.sportchaco.com.ar\/index.php?rest_route=\/wp\/v2\/posts"}],"about":[{"href":"https:\/\/www.sportchaco.com.ar\/index.php?rest_route=\/wp\/v2\/types\/post"}],"author":[{"embeddable":true,"href":"https:\/\/www.sportchaco.com.ar\/index.php?rest_route=\/wp\/v2\/users\/2"}],"replies":[{"embeddable":true,"href":"https:\/\/www.sportchaco.com.ar\/index.php?rest_route=%2Fwp%2Fv2%2Fcomments&post=25990"}],"version-history":[{"count":4,"href":"https:\/\/www.sportchaco.com.ar\/index.php?rest_route=\/wp\/v2\/posts\/25990\/revisions"}],"predecessor-version":[{"id":26037,"href":"https:\/\/www.sportchaco.com.ar\/index.php?rest_route=\/wp\/v2\/posts\/25990\/revisions\/26037"}],"wp:featuredmedia":[{"embeddable":true,"href":"https:\/\/www.sportchaco.com.ar\/index.php?rest_route=\/wp\/v2\/media\/25993"}],"wp:attachment":[{"href":"https:\/\/www.sportchaco.com.ar\/index.php?rest_route=%2Fwp%2Fv2%2Fmedia&parent=25990"}],"wp:term":[{"taxonomy":"category","embeddable":true,"href":"https:\/\/www.sportchaco.com.ar\/index.php?rest_route=%2Fwp%2Fv2%2Fcategories&post=25990"},{"taxonomy":"post_tag","embeddable":true,"href":"https:\/\/www.sportchaco.com.ar\/index.php?rest_route=%2Fwp%2Fv2%2Ftags&post=25990"}],"curies":[{"name":"wp","href":"https:\/\/api.w.org\/{rel}","templated":true}]}}