{"id":25998,"date":"2025-09-26T00:00:27","date_gmt":"2025-09-26T03:00:27","guid":{"rendered":"https:\/\/www.sportchaco.com.ar\/?p=25998"},"modified":"2025-09-26T00:01:02","modified_gmt":"2025-09-26T03:01:02","slug":"juan-polo-garcia-a-11-anos-de-su-partida","status":"publish","type":"post","link":"https:\/\/www.sportchaco.com.ar\/?p=25998","title":{"rendered":"Juan \u00abPolo\u00bb Garc\u00eda a 11 a\u00f1os de su partida"},"content":{"rendered":"<hr \/>\n<h3><\/h3>\n<p><b>HACE 11 a\u00f1os part\u00eda Juan Alberto \u00abPolo\u00bb Garc\u00eda,\u00a0 empresario y expresidente de Chaco For Ever, que dej\u00f3 su huella\u00a0 en la geograf\u00eda provincial y en el coraz\u00f3n de los hinchas albinegros, ya que durante su mandato se levantaron las tribunas de cemento.<\/b><\/p>\n<p style=\"font-weight: 400;\">Autodidacta, nacido el 17 de noviembre de 1931 en General Pinedo en el seno de una familia humilde y muy numerosa, trabaj\u00f3 desde muy joven y fund\u00f3\u00a0 el 6 de septiembre de 1956 su propia empresa, \u201cJuan Alberto Garc\u00eda Construcciones SRL\u201d,\u00a0 que lleg\u00f3 a ser una de las m\u00e1s renombradas de la provincia y de la regi\u00f3n con importantes obras p\u00fablicas en la mayor\u00eda de las localidades\u00a0 de la extensa geograf\u00eda\u00a0 chaque\u00f1a.<\/p>\n<p style=\"font-weight: 400;\">Entre estas \u00faltimas se encuentran los principales edificios del pueblo de Fuerte Esperanza, fundado en El Impenetrable en 1978. Tambi\u00e9n levant\u00f3 el Domo del Centenario en Resistencia en el centenario de la primera colonizaci\u00f3n del Chaco y fundaci\u00f3n de la capital, y remodel\u00f3 el Parque 2 de Febrero.<\/p>\n<p style=\"font-weight: 400;\">Hasta 2011, la empresa construy\u00f3 m\u00e1s de 21.00 viviendas, no solo en el Chaco sino en otras provincias: 1.500 en diferentes ciudades de C\u00f3rdoba donde fue convocado por el gobernador, 1.100 en Ap\u00f3stoles, Misiones,\u00a0 y 775 en Yacyret\u00e1.<\/p>\n<p style=\"font-weight: 400;\">Hace unos diez a\u00f1os se hab\u00eda despedido de la actividad con una gran fiesta que les hizo a todos sus obreros y empleados y hab\u00eda dejado la empresa a sus cuatro hijos. Pero no pod\u00eda con su genio y sigui\u00f3 en la construcci\u00f3n con la pasi\u00f3n de siempre,\u00a0 hasta que la enfermedad lo sorprendi\u00f3.<\/p>\n<p style=\"font-weight: 400;\">Fue adem\u00e1s presidente del Club Chaco For Ever cuyo estadio construy\u00f3 para participar del Campeonato Nacional y cuyo nombre lleva. El estadio fue inaugurado en una tarde lluviosa, el 18 de octubre de 1986, que marc\u00f3 el debut de For Ever en el certamen nacional &#8211; ante su cl\u00e1sico rival el Deportivo Mandiy\u00fa (1-1) &#8211; y que a partir de entonces no dej\u00f3 sumar satisfacciones a los &#8216;albinegros&#8217; hasta lograr el ansiado ascenso a la Primera Divisi\u00f3n de AFA en 1989.<\/p>\n<p><img decoding=\"async\" class=\"aligncenter\" src=\"https:\/\/scontent.fcnq2-2.fna.fbcdn.net\/v\/t39.30808-6\/553341806_122104163691022572_1457451131654085297_n.jpg?_nc_cat=111&amp;ccb=1-7&amp;_nc_sid=127cfc&amp;_nc_ohc=5ByaKDeeT2YQ7kNvwHcN1Jz&amp;_nc_oc=AdltH_n3DdrMgjcSr0iHk_BwCmDG69rSf_5DI2EM5WaVIo_blnZyYW_5WD57Q_H5GA8&amp;_nc_zt=23&amp;_nc_ht=scontent.fcnq2-2.fna&amp;_nc_gid=s0h6SJUZMmq2zcx2UYGZxA&amp;oh=00_AfYByH0XrZyPAz0VPmhhbflQ8wOhIYG2i_CzeR6ABSlGMA&amp;oe=68DB31CE\" \/><\/p>\n<p style=\"font-weight: 400;\">Aunque parezca reducida e incompleta, esta selecci\u00f3n de obras supera con holgura la que hizo el propio Juan Alberto Garc\u00eda, donde s\u00f3lo figuran dos de ellas:<\/p>\n<p style=\"font-weight: 400;\">\u201cSi tengo que elegir las que fueron las obras m\u00e1s importantes de nuestra historia empresaria, tengo que repartir sentimientos entre el barrio \u00cdtalo Argentino y la escuela 242\u201d, manifest\u00f3 en una oportunidad\u201d<\/p>\n<p><img decoding=\"async\" src=\"https:\/\/www.diarionorte.com\/content\/bucket\/9\/424649w630h526c.jpg.webp\" \/><\/p>\n<p style=\"font-weight: 400;\">Precisamente fueron dos obras en las que, por diferentes razones, se puso de manifiesto una verdadera lucha contra el tiempo y se prob\u00f3 la capacidad organizativa para salir adelante en el desaf\u00edo que signific\u00f3 cada una de ellas.<\/p>\n<p style=\"font-weight: 400;\">En pol\u00edtica fue candidato a intendente de Resistencia para el per\u00edodo 1991 -1993. Frontal, pasional, pol\u00e9mico y solidario, Juan Alberto Garc\u00eda nunca dej\u00f3 de apoyar y acompa\u00f1ar a entidades de bien p\u00fablico, casi siempre en el mayor de los anonimatos. Su sencillez, y una humildad que acun\u00f3 en el seno de su familia, junto a su esposa e hijos, lo distinguieron en su paso por la vida.<\/p>\n<p><strong>Roli P\u00e9rez Beveraggi en una evocaci\u00f3n en el diario Norte, decia:<\/strong> \u00bb Su eterna compa\u00f1era de toda la vida fue Rosa, as\u00ed de simple como su vida, a quien los un\u00eda un amor incondicional. De esta relaci\u00f3n nacieron tres hijos que contin\u00faan la obra iniciada por su abuelo, luego Polo y hoy son los pilares de la empresa: Jorge, el ingeniero Jos\u00e9 Alberto (<em>Pepo<\/em>) y su amada hija Patricia.<\/p>\n<p><em>Polo<\/em>\u00a0ten\u00eda dos pasiones el f\u00fatbol y el tango; con el primero, en su Pinedo natal, fue dirigente del Club Uni\u00f3n de Pinedo y ya instalado en Resistencia su pasi\u00f3n fue Chaco For Ever, llegando a ocupar la presidencia, en cuyo mandato construy\u00f3 el estadio El Gigante que hoy lleva su nombre.<\/p>\n<p>Su otra pasi\u00f3n era el tango y lo disfrutaba permanentemente, en cuanta velada tanguera hab\u00eda en la ciudad, \u00e9l estaba presente. Su cantante fetiche y amigo de toda la vida era Carlitos G\u00f3ngora, un cantante excepcional a quien reiterativamente le ped\u00eda que cante\u00a0<em>De puro curda<\/em>\u00a0y al finalizar romp\u00eda su copa contra la mesa.<\/p>\n<p>En la vida social fue presidente del Club Progreso y del Club Social. Tuve el orgullo de compartir su amistad, a pesar de una buena diferencia de edad. Este v\u00ednculo comenz\u00f3 en alguna mesa del Progreso, continu\u00f3 en alg\u00fan tabl\u00f3n de una cancha de f\u00fatbol, en alguna velada tanguera en el Fog\u00f3n, en la vereda de su casa por Santa Fe ya que \u00e9ramos vecinos, cuando construy\u00f3 el pavimento de la Avenida Rivadavia, donde ten\u00eda mi local comercial y muchas veces lo usaba de oficina, en alg\u00fan bar de la ciudad, pero fundamentalmente en La Biela.<\/p>\n<p style=\"font-weight: 400;\">El 15 de septiembre de 2008 la C\u00e1mara de Diputados del Chaco le rindi\u00f3 un homenaje por su trayectoria.<\/p>\n<p>&nbsp;<\/p>\n<p><img loading=\"lazy\" decoding=\"async\" class=\"alignnone wp-image-26003\" src=\"https:\/\/www.sportchaco.com.ar\/wp-content\/uploads\/2025\/09\/Inauguracion-for-ever-1987-300x208.jpg\" alt=\"\" width=\"369\" height=\"256\" srcset=\"https:\/\/www.sportchaco.com.ar\/wp-content\/uploads\/2025\/09\/Inauguracion-for-ever-1987-300x208.jpg 300w, https:\/\/www.sportchaco.com.ar\/wp-content\/uploads\/2025\/09\/Inauguracion-for-ever-1987-1024x711.jpg 1024w, https:\/\/www.sportchaco.com.ar\/wp-content\/uploads\/2025\/09\/Inauguracion-for-ever-1987-768x533.jpg 768w, https:\/\/www.sportchaco.com.ar\/wp-content\/uploads\/2025\/09\/Inauguracion-for-ever-1987-1536x1066.jpg 1536w, https:\/\/www.sportchaco.com.ar\/wp-content\/uploads\/2025\/09\/Inauguracion-for-ever-1987-2048x1421.jpg 2048w\" sizes=\"auto, (max-width: 369px) 100vw, 369px\" \/><img loading=\"lazy\" decoding=\"async\" class=\"alignnone wp-image-26005\" src=\"https:\/\/www.sportchaco.com.ar\/wp-content\/uploads\/2025\/09\/Inaug-FE-1986-300x188.jpg\" alt=\"\" width=\"402\" height=\"252\" srcset=\"https:\/\/www.sportchaco.com.ar\/wp-content\/uploads\/2025\/09\/Inaug-FE-1986-300x188.jpg 300w, https:\/\/www.sportchaco.com.ar\/wp-content\/uploads\/2025\/09\/Inaug-FE-1986.jpg 600w\" sizes=\"auto, (max-width: 402px) 100vw, 402px\" \/><\/p>\n<p>EN CHACO FOR EVER<\/p>\n<p style=\"font-weight: 400;\">uan Alberto Garc\u00eda fue presidente de <b>Chaco For Ever<\/b>, y su visi\u00f3n lo llev\u00f3 a unificar sus dos mundos para dejar su legado como el principal impulsor y constructor de las tribunas de cemento, y el armado junto a\u00a0 un excelente grupo de trabajo del equipo que jug\u00f3 el primerNacional B 86\/87 y que coronara con el ascenso en 1989. El estadio lleva su nombre, aunque algunos .<\/p>\n<p>La historia de For Ever se divide en un antes y un despu\u00e9s de la inauguraci\u00f3n del estadio. Aquella tarde lluviosa del 18 de octubre de 1986, el equipo debut\u00f3 en el Campeonato Nacional ante Mandiy\u00fa en su nueva casa, un hito que marcar\u00eda el inicio de una era de gloria. Su liderazgo, unido al nuevo hogar albinegro, se convertir\u00eda en el cimiento del ascenso a la <b>Primera Divisi\u00f3n de AFA en 1989<\/b>, el sue\u00f1o m\u00e1s anhelado por cada hincha.<\/p>\n<p>&nbsp;<\/p>\n<p><img loading=\"lazy\" decoding=\"async\" class=\"alignnone wp-image-25827\" src=\"https:\/\/www.sportchaco.com.ar\/wp-content\/uploads\/2025\/09\/Luis-carita-287x300-4.jpg\" alt=\"\" width=\"48\" height=\"50\" \/>\u00a0 <strong>Por LUIS DARIO MOLODEZKY\u00a0\u00a0<\/strong><\/p>\n","protected":false},"excerpt":{"rendered":"<p>HACE 11 a\u00f1os part\u00eda Juan Alberto \u00abPolo\u00bb Garc\u00eda,\u00a0 empresario y expresidente de Chaco For Ever, que dej\u00f3 su huella\u00a0 en la geograf\u00eda provincial y en el coraz\u00f3n de los hinchas albinegros, ya que durante su mandato se levantaron las tribunas de cemento. Autodidacta, nacido el 17 de noviembre de 1931 en General Pinedo en el &hellip;<\/p>\n","protected":false},"author":2,"featured_media":26010,"comment_status":"open","ping_status":"open","sticky":false,"template":"","format":"standard","meta":{"footnotes":""},"categories":[1],"tags":[],"class_list":["post-25998","post","type-post","status-publish","format-standard","has-post-thumbnail","hentry","category-fotos-del-recuerdo"],"_links":{"self":[{"href":"https:\/\/www.sportchaco.com.ar\/index.php?rest_route=\/wp\/v2\/posts\/25998","targetHints":{"allow":["GET"]}}],"collection":[{"href":"https:\/\/www.sportchaco.com.ar\/index.php?rest_route=\/wp\/v2\/posts"}],"about":[{"href":"https:\/\/www.sportchaco.com.ar\/index.php?rest_route=\/wp\/v2\/types\/post"}],"author":[{"embeddable":true,"href":"https:\/\/www.sportchaco.com.ar\/index.php?rest_route=\/wp\/v2\/users\/2"}],"replies":[{"embeddable":true,"href":"https:\/\/www.sportchaco.com.ar\/index.php?rest_route=%2Fwp%2Fv2%2Fcomments&post=25998"}],"version-history":[{"count":7,"href":"https:\/\/www.sportchaco.com.ar\/index.php?rest_route=\/wp\/v2\/posts\/25998\/revisions"}],"predecessor-version":[{"id":26011,"href":"https:\/\/www.sportchaco.com.ar\/index.php?rest_route=\/wp\/v2\/posts\/25998\/revisions\/26011"}],"wp:featuredmedia":[{"embeddable":true,"href":"https:\/\/www.sportchaco.com.ar\/index.php?rest_route=\/wp\/v2\/media\/26010"}],"wp:attachment":[{"href":"https:\/\/www.sportchaco.com.ar\/index.php?rest_route=%2Fwp%2Fv2%2Fmedia&parent=25998"}],"wp:term":[{"taxonomy":"category","embeddable":true,"href":"https:\/\/www.sportchaco.com.ar\/index.php?rest_route=%2Fwp%2Fv2%2Fcategories&post=25998"},{"taxonomy":"post_tag","embeddable":true,"href":"https:\/\/www.sportchaco.com.ar\/index.php?rest_route=%2Fwp%2Fv2%2Ftags&post=25998"}],"curies":[{"name":"wp","href":"https:\/\/api.w.org\/{rel}","templated":true}]}}