{"id":26015,"date":"2025-09-25T20:21:59","date_gmt":"2025-09-25T23:21:59","guid":{"rendered":"https:\/\/www.sportchaco.com.ar\/?p=26015"},"modified":"2025-09-25T22:36:40","modified_gmt":"2025-09-26T01:36:40","slug":"26015","status":"publish","type":"post","link":"https:\/\/www.sportchaco.com.ar\/?p=26015","title":{"rendered":"La mujer m\u00e1s poderosa del f\u00fatbol, Leila Pereira"},"content":{"rendered":"<h5>Qui\u00e9n es Leila Pereira, la presidenta del Palmeiras que se transform\u00f3 en la mujer m\u00e1s poderosa del f\u00fatbol sudamericano. La empresaria de 60 a\u00f1os est\u00e1 a cargo del Verdao desde diciembre de 2021, aunque su v\u00ednculo con la instituci\u00f3n data desde 2015, cuando era su principal acreedora. Su fortuna, su \u00e9xito y su alto perfil, la distinguen.<\/h5>\n<div class=\"containerGrid\">\n<div class=\"col6 author\"><\/div>\n<\/div>\n<figure data-modal-description=\"Leila Pereira estar\u00e1 al frente del Palmeiras hasta 2027.\" data-modal-image=\"https:\/\/media.tycsports.com\/files\/2025\/09\/22\/885482\/pereira_w862.webp\"><img loading=\"lazy\" decoding=\"async\" class=\"mainImg r16x9\" title=\"pereira\" src=\"https:\/\/media.tycsports.com\/files\/2025\/09\/22\/885482\/pereira_416x234.webp?v=2\" srcset=\"https:\/\/media.tycsports.com\/files\/2025\/09\/22\/885482\/pereira_416x234.webp?v=2 960w,https:\/\/media.tycsports.com\/files\/2025\/09\/22\/885482\/pereira_416x234.webp?v=2 1024w\" alt=\"pereira\" width=\"416\" height=\"234\" \/><figcaption><strong>Leila Pereira seguir\u00e1 al frente del Palmeiras hasta 2027.<\/strong><\/figcaption><\/figure>\n<p><i><b>\u201cTodav\u00eda hay personas que dicen que las mujeres no entienden de f\u00fatbol. Imagina si yo entendiese, entonces, \u00bfcu\u00e1ntos t\u00edtulos conseguir\u00edamos?\u201d<\/b>,<\/i>\u00a0se pregunt\u00f3\u00a0<b>Leila Pereira<\/b>, presidenta de Palmeiras, en di\u00e1logo con el sitio web oficial de<i>\u00a0FIFA<\/i>\u00a0en la previa del \u00faltimo Mundial de Clubes. Lo cierto es que trofeos no le faltan, ya quedesde que asumi\u00f3 el mando del Verdao en diciembre de 2021,\u00a0<b>gan\u00f3 la Recopa Sudamericana (2022), la Supercopa de Brasil (2023), dos ligas brasile\u00f1as (2022-2023) y tres campeonatos paulistas (2022-2023-2024).<\/b><\/p>\n<p>A pesar de no ser paulista sino carioca, ya que naci\u00f3 en la localidad de Cambuci, en el norte de R\u00edo de Janeiro, el 11 de noviembre de 1964,\u00a0<b>es la primera mandam\u00e1s mujer en los 107 a\u00f1os de historia del Palmeiras.<\/b>\u00a0<b>Pero su lazo con el Verdao comenz\u00f3 en 2015, cuando se convirti\u00f3 en la principal acreedora de la instituci\u00f3n.\u00a0<\/b>En aquel entonces, el club hab\u00eda esquivado con lo justo el descenso y no contaba con el poder\u00edo econ\u00f3mico que maneja actualmente.<\/p>\n<p>Sin embargo, su amor por el f\u00fatbol no la acompa\u00f1a desde la cuna.\u00a0<b>Cuando era ni\u00f1a ten\u00eda poco inter\u00e9s por el deporte m\u00e1s popular del planeta<\/b>, a pesar de haberse criado en el seno de una familia de fan\u00e1ticos ac\u00e9rrimos del Vasco da Gama. Mientras sus hermanos (uno mayo y otro menor) jugaban con la n\u00famero cinco, ella dedicaba su tiempo en otras actividades.<\/p>\n<p>De joven,\u00a0<b>estudi\u00f3 periodismo y aunque quer\u00eda dedicarse a temas generales, uno de sus primeros trabajos fue cubrir los partidos del Flamengo en el m\u00edtico Maracan\u00e1.<\/b>\u00a0Con una actitud t\u00edmida y humilde, sin sospechar que un d\u00eda liderar\u00eda uno de los clubes m\u00e1s grandes de Brasil, se sentaba en un banquito detr\u00e1s del arco y se asombraba con la multitud. Pero luego se cambi\u00f3 a derecho y se recibi\u00f3 de abogada en la Universidad C\u00e1ndido Mendes a principios de los 90.<\/p>\n<p><b>Pereira ocup\u00f3 el cuarto lugar en el ranking de las mujeres m\u00e1s ricas de Brasil,<\/b>\u00a0elaborado por la revista especializada en negocios y finanzas, Forbes, en 2023,\u00a0<b>con una fortuna estimada en 8.000 millones de reales.\u00a0<\/b>Su riqueza proviene de su conglomerado de once empresas heredadas de su marido, Jos\u00e9 Roberto Lamacchia.<\/p>\n<figure class=\"imgContain\" data-modal-description=\"Leila Pereira junto a Abel Ferreira, entrenador multicampe\u00f3n con Palmeiras.\" data-modal-image=\"https:\/\/media.tycsports.com\/files\/2025\/09\/22\/885484\/pereira-2_w862.webp\"><img decoding=\"async\" class=\"mainImg\" title=\"pereira 2\" src=\"https:\/\/media.tycsports.com\/files\/2025\/09\/22\/885484\/pereira-2_w862.webp\" alt=\"pereira 2\" data-src=\"https:\/\/media.tycsports.com\/files\/2025\/09\/22\/885484\/pereira-2_w862.webp\" \/><\/figure>\n<p><strong>Leila Pereyra con el DT de Palmeirasw en un viaje mostrando uno de los trofeos ganados durante su gesti\u00f3n<\/strong><\/p>\n<p>Fuente TyC Sports<\/p>\n","protected":false},"excerpt":{"rendered":"<p>Qui\u00e9n es Leila Pereira, la presidenta del Palmeiras que se transform\u00f3 en la mujer m\u00e1s poderosa del f\u00fatbol sudamericano. La empresaria de 60 a\u00f1os est\u00e1 a cargo del Verdao desde diciembre de 2021, aunque su v\u00ednculo con la instituci\u00f3n data desde 2015, cuando era su principal acreedora. Su fortuna, su \u00e9xito y su alto perfil, &hellip;<\/p>\n","protected":false},"author":2,"featured_media":26016,"comment_status":"open","ping_status":"open","sticky":false,"template":"","format":"standard","meta":{"footnotes":""},"categories":[6],"tags":[],"class_list":["post-26015","post","type-post","status-publish","format-standard","has-post-thumbnail","hentry","category-internacionales"],"_links":{"self":[{"href":"https:\/\/www.sportchaco.com.ar\/index.php?rest_route=\/wp\/v2\/posts\/26015","targetHints":{"allow":["GET"]}}],"collection":[{"href":"https:\/\/www.sportchaco.com.ar\/index.php?rest_route=\/wp\/v2\/posts"}],"about":[{"href":"https:\/\/www.sportchaco.com.ar\/index.php?rest_route=\/wp\/v2\/types\/post"}],"author":[{"embeddable":true,"href":"https:\/\/www.sportchaco.com.ar\/index.php?rest_route=\/wp\/v2\/users\/2"}],"replies":[{"embeddable":true,"href":"https:\/\/www.sportchaco.com.ar\/index.php?rest_route=%2Fwp%2Fv2%2Fcomments&post=26015"}],"version-history":[{"count":2,"href":"https:\/\/www.sportchaco.com.ar\/index.php?rest_route=\/wp\/v2\/posts\/26015\/revisions"}],"predecessor-version":[{"id":26018,"href":"https:\/\/www.sportchaco.com.ar\/index.php?rest_route=\/wp\/v2\/posts\/26015\/revisions\/26018"}],"wp:featuredmedia":[{"embeddable":true,"href":"https:\/\/www.sportchaco.com.ar\/index.php?rest_route=\/wp\/v2\/media\/26016"}],"wp:attachment":[{"href":"https:\/\/www.sportchaco.com.ar\/index.php?rest_route=%2Fwp%2Fv2%2Fmedia&parent=26015"}],"wp:term":[{"taxonomy":"category","embeddable":true,"href":"https:\/\/www.sportchaco.com.ar\/index.php?rest_route=%2Fwp%2Fv2%2Fcategories&post=26015"},{"taxonomy":"post_tag","embeddable":true,"href":"https:\/\/www.sportchaco.com.ar\/index.php?rest_route=%2Fwp%2Fv2%2Ftags&post=26015"}],"curies":[{"name":"wp","href":"https:\/\/api.w.org\/{rel}","templated":true}]}}