{"id":26019,"date":"2025-09-25T21:48:39","date_gmt":"2025-09-26T00:48:39","guid":{"rendered":"https:\/\/www.sportchaco.com.ar\/?p=26019"},"modified":"2025-09-25T22:15:03","modified_gmt":"2025-09-26T01:15:03","slug":"este-viernes-se-larga-la-tercera-del-clausura","status":"publish","type":"post","link":"https:\/\/www.sportchaco.com.ar\/?p=26019","title":{"rendered":"Este viernes se larga la tercera del Clausura"},"content":{"rendered":"<p><strong>25-09-2025<\/strong><\/p>\n<p><img loading=\"lazy\" decoding=\"async\" class=\"aligncenter size-large wp-image-19472\" src=\"https:\/\/www.sportchaco.com.ar\/wp-content\/uploads\/2025\/05\/Red-de-empeleos-1200x200-1-1024x171.gif\" sizes=\"auto, (max-width: 1024px) 100vw, 1024px\" srcset=\"https:\/\/www.sportchaco.com.ar\/wp-content\/uploads\/2025\/05\/Red-de-empeleos-1200x200-1-1024x171.gif 1024w, https:\/\/www.sportchaco.com.ar\/wp-content\/uploads\/2025\/05\/Red-de-empeleos-1200x200-1-300x50.gif 300w, https:\/\/www.sportchaco.com.ar\/wp-content\/uploads\/2025\/05\/Red-de-empeleos-1200x200-1-768x128.gif 768w, https:\/\/www.sportchaco.com.ar\/wp-content\/uploads\/2025\/05\/Red-de-empeleos-1200x200-1-1536x256.gif 1536w, https:\/\/www.sportchaco.com.ar\/wp-content\/uploads\/2025\/05\/Red-de-empeleos-1200x200-1-2048x341.gif 2048w\" alt=\"\" width=\"1024\" height=\"171\" \/><\/p>\n<p>El torneo Clausura de la Liga Chaque\u00f1a de f\u00fatbol estableci\u00f3 d\u00edas y horarios para el desarrollo de la 3\u00aa fecha. La misma tendr\u00e1 actividad el viernes, s\u00e1bado y domingo.<\/p>\n<p>El l\u00edder de la zona \u00abA\u00bb, Resistencia Central, jugar\u00e1 este s\u00e1bado cuando visite a Estudiantes que en su debut le sac\u00f3 un punto al \u00faltimo campe\u00f3n, Deportivo Luj\u00e1n.<\/p>\n<p>Mientras que en la zona \u00abB\u00bb, el primer puntero en jugar ser\u00e1 Defensores que el viernes recibir\u00e1 a CUNE; tanto que Don Orione lo har\u00e1 el s\u00e1bado ante Regional y Deportivo Itat\u00ed ir\u00e1 reci\u00e9n el domingo con Villa Alvear.<\/p>\n<p><strong>TODA LA 3\u00aa FECHA<\/strong><br \/>\n<strong>Zona \u00abA\u00bb<br \/>\n<\/strong><b>Viernes 26-09<\/b><br \/>\nA las 17, Juventud de Tirol \u2013 Sarmiento<br \/>\nA las 18, Central Ben\u00edtez &#8211; Policiales<\/p>\n<p><b>S\u00e1bado 27-09<\/b><br \/>\nA las 16, Estudiantes \u2013 Rcia, Central<br \/>\nA las 16, San Mart\u00edn (MB) \u2013 Bancarios<br \/>\nA las 16, Indep. Tirol \u2013 Municipal (MB)<\/p>\n<p><strong>Libre:<\/strong>\u00a0Dep. Luj\u00e1n<\/p>\n<p><strong>Zona \u00abB\u00bb<br \/>\n<\/strong><b>Viernes 26-09<\/b><br \/>\nA las 18, Defensores \u2013 CUNE<\/p>\n<p><b>S\u00e1bado 27-09<\/b><br \/>\nA las 16, El Nacional \u2013 Tiro FC, en Bancarios<br \/>\nA las 16, Regional \u2013 Don Orione<br \/>\nA las 18, Central Norte \u2013 For Ever<\/p>\n<p><b>Domingo 28-09<\/b><br \/>\nA las 16, Villa Alvear \u2013 Dep. Itat\u00ed<\/p>\n<p><strong>Libre:<\/strong>\u00a0Fontana<\/p>\n<p><strong>POSICIONES<\/strong><br \/>\n<strong>ZONA \u00abA\u00bb<\/strong><br \/>\nRcia. Central 6<br \/>\nDep. Luj\u00e1n 4<br \/>\nJuventud 4<br \/>\nCentral Ben\u00edtez 3<br \/>\nMunicipal (MB) 3<br \/>\nBancarios 2<br \/>\nEstudiantes 1<br \/>\nIndep. Tirol 1<br \/>\nSarmiento 1<br \/>\nPoliciales 1<br \/>\nSan Mart\u00edn (MB) 0<\/p>\n<p><strong>ZONA \u00abB\u00bb<\/strong><br \/>\nDefensores 6<br \/>\nDep. Itat\u00ed 6<br \/>\nDon Orione 6<br \/>\nFontana 4<br \/>\nCentral Norte 3<br \/>\nFor Ever 3<br \/>\nRegional 1<br \/>\nCUNE 0<br \/>\nEl Nacional 0<br \/>\nTiro FC 0<br \/>\nVilla Alvear 0<\/p>\n<p><em><strong>Foto: Gentileza Agust\u00edn G\u00f3mez<\/strong><\/em><\/p>\n<p><img loading=\"lazy\" decoding=\"async\" class=\"aligncenter size-large wp-image-17160\" src=\"https:\/\/www.sportchaco.com.ar\/wp-content\/uploads\/2025\/03\/gob-makalle-821x1024.jpg\" sizes=\"auto, (max-width: 821px) 100vw, 821px\" srcset=\"https:\/\/www.sportchaco.com.ar\/wp-content\/uploads\/2025\/03\/gob-makalle-821x1024.jpg 821w, https:\/\/www.sportchaco.com.ar\/wp-content\/uploads\/2025\/03\/gob-makalle-240x300.jpg 240w, https:\/\/www.sportchaco.com.ar\/wp-content\/uploads\/2025\/03\/gob-makalle-768x958.jpg 768w, https:\/\/www.sportchaco.com.ar\/wp-content\/uploads\/2025\/03\/gob-makalle-1231x1536.jpg 1231w, https:\/\/www.sportchaco.com.ar\/wp-content\/uploads\/2025\/03\/gob-makalle.jpg 1440w\" alt=\"\" width=\"821\" height=\"1024\" \/><\/p>\n","protected":false},"excerpt":{"rendered":"<p>25-09-2025 El torneo Clausura de la Liga Chaque\u00f1a de f\u00fatbol estableci\u00f3 d\u00edas y horarios para el desarrollo de la 3\u00aa fecha. La misma tendr\u00e1 actividad el viernes, s\u00e1bado y domingo. El l\u00edder de la zona \u00abA\u00bb, Resistencia Central, jugar\u00e1 este s\u00e1bado cuando visite a Estudiantes que en su debut le sac\u00f3 un punto al \u00faltimo &hellip;<\/p>\n","protected":false},"author":3,"featured_media":26020,"comment_status":"open","ping_status":"open","sticky":false,"template":"","format":"standard","meta":{"footnotes":""},"categories":[5],"tags":[],"class_list":["post-26019","post","type-post","status-publish","format-standard","has-post-thumbnail","hentry","category-futbol"],"_links":{"self":[{"href":"https:\/\/www.sportchaco.com.ar\/index.php?rest_route=\/wp\/v2\/posts\/26019","targetHints":{"allow":["GET"]}}],"collection":[{"href":"https:\/\/www.sportchaco.com.ar\/index.php?rest_route=\/wp\/v2\/posts"}],"about":[{"href":"https:\/\/www.sportchaco.com.ar\/index.php?rest_route=\/wp\/v2\/types\/post"}],"author":[{"embeddable":true,"href":"https:\/\/www.sportchaco.com.ar\/index.php?rest_route=\/wp\/v2\/users\/3"}],"replies":[{"embeddable":true,"href":"https:\/\/www.sportchaco.com.ar\/index.php?rest_route=%2Fwp%2Fv2%2Fcomments&post=26019"}],"version-history":[{"count":3,"href":"https:\/\/www.sportchaco.com.ar\/index.php?rest_route=\/wp\/v2\/posts\/26019\/revisions"}],"predecessor-version":[{"id":26023,"href":"https:\/\/www.sportchaco.com.ar\/index.php?rest_route=\/wp\/v2\/posts\/26019\/revisions\/26023"}],"wp:featuredmedia":[{"embeddable":true,"href":"https:\/\/www.sportchaco.com.ar\/index.php?rest_route=\/wp\/v2\/media\/26020"}],"wp:attachment":[{"href":"https:\/\/www.sportchaco.com.ar\/index.php?rest_route=%2Fwp%2Fv2%2Fmedia&parent=26019"}],"wp:term":[{"taxonomy":"category","embeddable":true,"href":"https:\/\/www.sportchaco.com.ar\/index.php?rest_route=%2Fwp%2Fv2%2Fcategories&post=26019"},{"taxonomy":"post_tag","embeddable":true,"href":"https:\/\/www.sportchaco.com.ar\/index.php?rest_route=%2Fwp%2Fv2%2Ftags&post=26019"}],"curies":[{"name":"wp","href":"https:\/\/api.w.org\/{rel}","templated":true}]}}