{"id":26025,"date":"2025-09-25T22:39:44","date_gmt":"2025-09-26T01:39:44","guid":{"rendered":"https:\/\/www.sportchaco.com.ar\/?p=26025"},"modified":"2025-09-25T22:39:44","modified_gmt":"2025-09-26T01:39:44","slug":"liga-de-quito-vuelve-a-semifinales-de-libertadores-y-sera-rival-de-palmeiras","status":"publish","type":"post","link":"https:\/\/www.sportchaco.com.ar\/?p=26025","title":{"rendered":"Liga de Quito vuelve a semifinales de Libertadores y ser\u00e1 rival de Palmeiras"},"content":{"rendered":"<article class=\"article\" data-id=\"15728327\" data-behavior=\"story_scroll story_progress iframe\" data-src=\"\/futbol\/copa-libertadores\/nota\/_\/id\/15728327\/liga-de-quito-la-ultima-vez-que-jugo-semifinales\">\n<div class=\"container\">\n<header class=\"article-header\">\n<h1><span style=\"font-size: 16px; font-weight: 400;\">25-9-2025<\/span><\/h1>\n<\/header>\n<figure class=\"iframe-video article-figure video\" data-video=\"watch,640,360,15728284,whitelist-BS|BZ|AW|DO|HN|PY|MX|CL|GT|SV|VE|NI|CO|BO|EC|CR|CU|UY|PE|PA|BB|JM|AR|GD|\" data-cerebro-id=\"68d5d6307ed452331441bf83\" data-title=\"Liga de Quito se llev\u00f3 un triunfazo del Morumb\u00ed y elimin\u00f3 al San Pablo de Crespo\" data-source=\"deportes\">\n<div class=\"img-wrap\"><\/div><figcaption>\n<div class=\"caption-wrapper\">\n<div class=\"text-container\">\n<p>Con gol de Medina, el conjunto de Tiago Nunes gan\u00f3 1-0 y avanz\u00f3 a las semifinales de la Libertadores.<\/p>\n<\/div>\n<\/div>\n<\/figcaption><\/figure>\n<div class=\"article-body\">\n<div class=\"article-meta\">\n<ul class=\"authors\">\n<li>\n<div class=\"author\"><\/div>\n<\/li>\n<\/ul>\n<\/div>\n<div class=\"content-reactions reactions-not-allowed\" data-behavior=\"content_reactions\" data-contentid=\"15728327\" data-nowid=\"18-15728327\" data-contenttitle=\"Liga de Quito vuelve a semifinales de Libertadores: \u00bfcu\u00e1ndo fue la \u00faltima vez que jug\u00f3 esa instancia?\">\n<div class=\"content-reactions_reactions-wrapper\">\n<div class=\"share-button-wrapper\"><\/div>\n<\/div>\n<h5 class=\"content-reactions_count-wrapper\"><\/h5>\n<\/div>\n<h5><span style=\"color: #000000;\"><a style=\"color: #000000;\" href=\"https:\/\/www.espn.com.ar\/futbol\/equipo\/_\/id\/4816\/liga-de-quito\" target=\"_blank\" rel=\"noopener\">Liga de Quito<\/a>\u00a0se impuso a\u00a0<a style=\"color: #000000;\" href=\"https:\/\/www.espn.com.ar\/futbol\/equipo\/\/_\/id\/2026\/sao-paulo\" target=\"_blank\" rel=\"noopener\">Sao Paulo<\/a>\u00a0por un global de 3-0 y se clasific\u00f3 a semifinales de la\u00a0<a style=\"color: #000000;\" href=\"https:\/\/www.espn.com.ar\/futbol\/liga\/_\/nombre\/conmebol.libertadores\" target=\"_blank\" rel=\"noopener\">CONMEBOL Libertadores<\/a>, una instancia que a la que no llegaba hace mucho tiempo. Ahora est\u00e1 entre los cuatro mejores del torneo y\u00a0se enfrentar\u00e1 a Palmeiras por el boleto a la gran final.<\/span><\/h5>\n<aside class=\"inline inline-photo full\">\n<figure><picture><source srcset=\"https:\/\/a4.espncdn.com\/combiner\/i?img=%2Fphoto%2F2025%2F0926%2Fr1551187_1296x729_16%2D9.jpg&amp;w=570&amp;format=jpg, https:\/\/a4.espncdn.com\/combiner\/i?img=%2Fphoto%2F2025%2F0926%2Fr1551187_1296x729_16%2D9.jpg&amp;w=1140&amp;cquality=40&amp;format=jpg 2x\" media=\"(min-width: 376px)\" data-srcset=\"https:\/\/a4.espncdn.com\/combiner\/i?img=%2Fphoto%2F2025%2F0926%2Fr1551187_1296x729_16%2D9.jpg&amp;w=570&amp;format=jpg, https:\/\/a4.espncdn.com\/combiner\/i?img=%2Fphoto%2F2025%2F0926%2Fr1551187_1296x729_16%2D9.jpg&amp;w=1140&amp;cquality=40&amp;format=jpg 2x\" \/><source srcset=\"https:\/\/a4.espncdn.com\/combiner\/i?img=%2Fphoto%2F2025%2F0926%2Fr1551187_1296x729_16%2D9.jpg&amp;w=375, https:\/\/a4.espncdn.com\/combiner\/i?img=%2Fphoto%2F2025%2F0926%2Fr1551187_1296x729_16%2D9.jpg&amp;w=750&amp;cquality=40&amp;format=jpg 2x\" media=\"(max-width: 375px)\" data-srcset=\"https:\/\/a4.espncdn.com\/combiner\/i?img=%2Fphoto%2F2025%2F0926%2Fr1551187_1296x729_16%2D9.jpg&amp;w=375, https:\/\/a4.espncdn.com\/combiner\/i?img=%2Fphoto%2F2025%2F0926%2Fr1551187_1296x729_16%2D9.jpg&amp;w=750&amp;cquality=40&amp;format=jpg 2x\" \/><img class=\" imageLoaded lazyloaded\" width=\"570\" height=\"320\" data-image-container=\".inline-photo\" \/><\/picture><figcaption class=\"photoCaption\"><cite>EFE<\/cite><\/figcaption><\/figure>\n<\/aside>\n<aside class=\"inline float-r inline-track\">&nbsp;<\/p>\n<\/aside>\n<p>La \u00faltima vez que el cuadro ecuatoriano lleg\u00f3 a semifinales fue en 2008,\u00a0edici\u00f3n en la que consigui\u00f3 el t\u00edtulo m\u00e1ximo en la regi\u00f3n, que es por ahora la \u00fanica vez que un equipo ecuatoriano gan\u00f3 la Libertadores.<\/p>\n<p>En ese a\u00f1o,\u00a0Liga se impuso en cuartos de final a San Lorenzo de Almagro, en una serie dram\u00e1tica que termin\u00f3 2-2, por el 1-1 en Quito y tambi\u00e9n en Buenos Aires. En los penales, el cuadro ecuatoriano se impuso por 5-3.<\/p>\n<p>En semifinales su rival fue Am\u00e9rica de M\u00e9xico,\u00a0cuando los equipos de ese pa\u00eds a\u00fan disputaban el torneo. Como visitante, Liga empat\u00f3 1-1 y en la vuelta el marcador fue 0-0, en una \u00e9poca en la que contaba el gol de visita.<\/p>\n<p>Anteriormente\u00a0disput\u00f3 en otras dos ocasiones semifinales, en las ediciones de 1975 y 1976.\u00a0Hay que recordar que en esos torneos se disputaban de otra manera,\u00a0con cinco grupos de cuatro equipos cada uno y se clasificaban a la siguiente instancia los primeros de cada grupo.<\/p>\n<p>Despu\u00e9s se sumaba el campe\u00f3n vigente y se divid\u00edan en dos grupos de tres; esas eran las semifinales. El ganador de cada grupo se clasificaba a la final.<\/p>\n<p>Ahora los albos vuelven a una instancia decisiva, en la que se enfrentar\u00e1n a uno de los candidatos y que adem\u00e1s marcha invicto en la competici\u00f3n, con nueve victorias y solo un empate.<\/p>\n<\/div>\n<footer class=\"article-footer\" data-behavior=\"footer_region\">\n<footer class=\"article-legal-footer article-legal-footer--bottom-fixed\" data-behavior=\"footer_region\">\n<div class=\"text\" data-region=\"\"><\/div>\n<\/footer>\n<\/footer>\n<\/div>\n<\/article>\n<article class=\"article\" data-id=\"15711741\" data-behavior=\"story_scroll story_progress iframe\" data-src=\"\/futbol\/copa-libertadores\/nota\/_\/id\/15711741\/estudiantes-la-plata-vs-flamengo-revancha-cuartos-de-final-copa-libertadores-equipo-fecha-hora-tv-en-vivo\">\n<div class=\"container\">\n<header class=\"article-header\">\n<h1><\/h1>\n<\/header>\n<div class=\"article-body\">\n<p>&nbsp;<\/p>\n<aside class=\"inline inline-photo full\">\n<figure><\/figure>\n<\/aside>\n<\/div>\n<\/div>\n<\/article>\n","protected":false},"excerpt":{"rendered":"<p>25-9-2025 Con gol de Medina, el conjunto de Tiago Nunes gan\u00f3 1-0 y avanz\u00f3 a las semifinales de la Libertadores. Liga de Quito\u00a0se impuso a\u00a0Sao Paulo\u00a0por un global de 3-0 y se clasific\u00f3 a semifinales de la\u00a0CONMEBOL Libertadores, una instancia que a la que no llegaba hace mucho tiempo. Ahora est\u00e1 entre los cuatro mejores &hellip;<\/p>\n","protected":false},"author":2,"featured_media":26026,"comment_status":"open","ping_status":"open","sticky":false,"template":"","format":"standard","meta":{"footnotes":""},"categories":[6],"tags":[],"class_list":["post-26025","post","type-post","status-publish","format-standard","has-post-thumbnail","hentry","category-internacionales"],"_links":{"self":[{"href":"https:\/\/www.sportchaco.com.ar\/index.php?rest_route=\/wp\/v2\/posts\/26025","targetHints":{"allow":["GET"]}}],"collection":[{"href":"https:\/\/www.sportchaco.com.ar\/index.php?rest_route=\/wp\/v2\/posts"}],"about":[{"href":"https:\/\/www.sportchaco.com.ar\/index.php?rest_route=\/wp\/v2\/types\/post"}],"author":[{"embeddable":true,"href":"https:\/\/www.sportchaco.com.ar\/index.php?rest_route=\/wp\/v2\/users\/2"}],"replies":[{"embeddable":true,"href":"https:\/\/www.sportchaco.com.ar\/index.php?rest_route=%2Fwp%2Fv2%2Fcomments&post=26025"}],"version-history":[{"count":1,"href":"https:\/\/www.sportchaco.com.ar\/index.php?rest_route=\/wp\/v2\/posts\/26025\/revisions"}],"predecessor-version":[{"id":26027,"href":"https:\/\/www.sportchaco.com.ar\/index.php?rest_route=\/wp\/v2\/posts\/26025\/revisions\/26027"}],"wp:featuredmedia":[{"embeddable":true,"href":"https:\/\/www.sportchaco.com.ar\/index.php?rest_route=\/wp\/v2\/media\/26026"}],"wp:attachment":[{"href":"https:\/\/www.sportchaco.com.ar\/index.php?rest_route=%2Fwp%2Fv2%2Fmedia&parent=26025"}],"wp:term":[{"taxonomy":"category","embeddable":true,"href":"https:\/\/www.sportchaco.com.ar\/index.php?rest_route=%2Fwp%2Fv2%2Fcategories&post=26025"},{"taxonomy":"post_tag","embeddable":true,"href":"https:\/\/www.sportchaco.com.ar\/index.php?rest_route=%2Fwp%2Fv2%2Ftags&post=26025"}],"curies":[{"name":"wp","href":"https:\/\/api.w.org\/{rel}","templated":true}]}}