{"id":2604,"date":"2023-11-08T00:18:47","date_gmt":"2023-11-08T03:18:47","guid":{"rendered":"https:\/\/www.sportchaco.com.ar\/?p=2604"},"modified":"2023-11-07T22:22:49","modified_gmt":"2023-11-08T01:22:49","slug":"efemerides-del-8-de-noviembre","status":"publish","type":"post","link":"https:\/\/www.sportchaco.com.ar\/?p=2604","title":{"rendered":"Efem\u00e9rides del 8 de noviembre"},"content":{"rendered":"<p><strong>Esta es la Efem\u00e9rides del Deporte en el Chaco de un 8 de noviembre del periodista Luis Dar\u00edo Molodezky<\/strong><\/p>\n<p><img loading=\"lazy\" decoding=\"async\" class=\"alignnone size-medium wp-image-2419\" src=\"https:\/\/www.sportchaco.com.ar\/wp-content\/uploads\/2023\/10\/Molodezky-Luis-300x199.jpg\" alt=\"\" width=\"300\" height=\"199\" srcset=\"https:\/\/www.sportchaco.com.ar\/wp-content\/uploads\/2023\/10\/Molodezky-Luis-300x199.jpg 300w, https:\/\/www.sportchaco.com.ar\/wp-content\/uploads\/2023\/10\/Molodezky-Luis-768x508.jpg 768w, https:\/\/www.sportchaco.com.ar\/wp-content\/uploads\/2023\/10\/Molodezky-Luis.jpg 772w\" sizes=\"auto, (max-width: 300px) 100vw, 300px\" \/><\/p>\n<p><strong>\u00a0<\/strong><\/p>\n<p><strong>1939<\/strong> \/ Se funda en Presidencia Roque S\u00e1enz Pe\u00f1a el \u00abClub Social\u00bb, en la misma sede que ocupa actualmente.<\/p>\n<p><strong>\u00a0<\/strong><\/p>\n<p><strong>1948 <\/strong>\/ El chaque\u00f1o Eduardo Ger\u00f3nimo Orcola con su Chevrolet N\u00ba 46, arriba decimotercero en la carrera Buenos Aires-Caracas, en aquella carrera de conflictiva definici\u00f3n ganada por Toscanito Marim\u00f3n.<\/p>\n<p>&nbsp;<\/p>\n<p><strong>1985 <\/strong>\/ Sale por primera vez al aire el primer programa deportivo en la nueva Radio Chaco, LRH 251, y que lleva por nombre La Voz del deporte. Integraron el primer equipo Edmundo Duncan Molina, Emilio Miguel Lagranja, Eduardo Rub\u00e9n Ferreyra, Alejandro Lionel Cardozo, Ricardo Coco Ruiz y Marcelo Lagranja.<\/p>\n<p>&nbsp;<\/p>\n<p><strong>Colagge fotos de Eduardo Orcola de Julio Carauni<\/strong><\/p>\n","protected":false},"excerpt":{"rendered":"<p>Esta es la Efem\u00e9rides del Deporte en el Chaco de un 8 de noviembre del periodista Luis Dar\u00edo Molodezky \u00a0 1939 \/ Se funda en Presidencia Roque S\u00e1enz Pe\u00f1a el \u00abClub Social\u00bb, en la misma sede que ocupa actualmente. \u00a0 1948 \/ El chaque\u00f1o Eduardo Ger\u00f3nimo Orcola con su Chevrolet N\u00ba 46, arriba decimotercero en &hellip;<\/p>\n","protected":false},"author":2,"featured_media":2605,"comment_status":"open","ping_status":"open","sticky":false,"template":"","format":"standard","meta":{"footnotes":""},"categories":[45],"tags":[],"class_list":["post-2604","post","type-post","status-publish","format-standard","has-post-thumbnail","hentry","category-efemerides-dia-por-dia"],"_links":{"self":[{"href":"https:\/\/www.sportchaco.com.ar\/index.php?rest_route=\/wp\/v2\/posts\/2604","targetHints":{"allow":["GET"]}}],"collection":[{"href":"https:\/\/www.sportchaco.com.ar\/index.php?rest_route=\/wp\/v2\/posts"}],"about":[{"href":"https:\/\/www.sportchaco.com.ar\/index.php?rest_route=\/wp\/v2\/types\/post"}],"author":[{"embeddable":true,"href":"https:\/\/www.sportchaco.com.ar\/index.php?rest_route=\/wp\/v2\/users\/2"}],"replies":[{"embeddable":true,"href":"https:\/\/www.sportchaco.com.ar\/index.php?rest_route=%2Fwp%2Fv2%2Fcomments&post=2604"}],"version-history":[{"count":1,"href":"https:\/\/www.sportchaco.com.ar\/index.php?rest_route=\/wp\/v2\/posts\/2604\/revisions"}],"predecessor-version":[{"id":2606,"href":"https:\/\/www.sportchaco.com.ar\/index.php?rest_route=\/wp\/v2\/posts\/2604\/revisions\/2606"}],"wp:featuredmedia":[{"embeddable":true,"href":"https:\/\/www.sportchaco.com.ar\/index.php?rest_route=\/wp\/v2\/media\/2605"}],"wp:attachment":[{"href":"https:\/\/www.sportchaco.com.ar\/index.php?rest_route=%2Fwp%2Fv2%2Fmedia&parent=2604"}],"wp:term":[{"taxonomy":"category","embeddable":true,"href":"https:\/\/www.sportchaco.com.ar\/index.php?rest_route=%2Fwp%2Fv2%2Fcategories&post=2604"},{"taxonomy":"post_tag","embeddable":true,"href":"https:\/\/www.sportchaco.com.ar\/index.php?rest_route=%2Fwp%2Fv2%2Ftags&post=2604"}],"curies":[{"name":"wp","href":"https:\/\/api.w.org\/{rel}","templated":true}]}}