{"id":26042,"date":"2025-09-26T23:26:01","date_gmt":"2025-09-27T02:26:01","guid":{"rendered":"https:\/\/www.sportchaco.com.ar\/?p=26042"},"modified":"2025-09-26T23:26:34","modified_gmt":"2025-09-27T02:26:34","slug":"efemerides-del-27-de-septiembre","status":"publish","type":"post","link":"https:\/\/www.sportchaco.com.ar\/?p=26042","title":{"rendered":"Efem\u00e9rides del 27 de septiembre"},"content":{"rendered":"<div class=\"container fullwidth-entry-title-wrapper\">\n<div class=\"container-wrapper fullwidth-entry-title\">\n<header class=\"entry-header-outer\">\n<div class=\"entry-header\">\n<h1 class=\"post-title entry-title\">Efem\u00e9rides del 27 de septiembre<\/h1>\n<div class=\"single-post-meta post-meta clearfix\"><\/div>\n<\/div>\n<\/header>\n<\/div>\n<\/div>\n<div id=\"content\" class=\"site-content container\">\n<div id=\"main-content-row\" class=\"tie-row main-content-row\">\n<div class=\"main-content tie-col-md-8 tie-col-xs-12\" role=\"main\">\n<article id=\"the-post\" class=\"container-wrapper post-content tie-standard\">\n<div class=\"featured-area\">\n<div class=\"featured-area-inner\"><\/div>\n<\/div>\n<div class=\"entry-content entry clearfix\">\n<p><strong>Esta es la Efem\u00e9rides del Deporte en el Chaco de un 27 de septiembre del periodista Luis Dar\u00edo Molodezky.<\/strong><\/p>\n<p><strong>\u00a0<\/strong><\/p>\n<p><img loading=\"lazy\" decoding=\"async\" class=\"alignnone size-medium wp-image-25992 aligncenter\" src=\"https:\/\/www.sportchaco.com.ar\/wp-content\/uploads\/2025\/09\/Luis-Dario-11-08-2025-3-1-226x300.jpeg\" alt=\"\" width=\"226\" height=\"300\" srcset=\"https:\/\/www.sportchaco.com.ar\/wp-content\/uploads\/2025\/09\/Luis-Dario-11-08-2025-3-1-226x300.jpeg 226w, https:\/\/www.sportchaco.com.ar\/wp-content\/uploads\/2025\/09\/Luis-Dario-11-08-2025-3-1-771x1024.jpeg 771w, https:\/\/www.sportchaco.com.ar\/wp-content\/uploads\/2025\/09\/Luis-Dario-11-08-2025-3-1-768x1021.jpeg 768w, https:\/\/www.sportchaco.com.ar\/wp-content\/uploads\/2025\/09\/Luis-Dario-11-08-2025-3-1-1156x1536.jpeg 1156w, https:\/\/www.sportchaco.com.ar\/wp-content\/uploads\/2025\/09\/Luis-Dario-11-08-2025-3-1.jpeg 1204w\" sizes=\"auto, (max-width: 226px) 100vw, 226px\" \/><\/p>\n<p>&nbsp;<\/p>\n<p><strong>\u00a0<\/strong><\/p>\n<p><strong>1936\u00a0<\/strong>\/ Se realiza una competencia de triciclos de reparto organizada por el Club Ciclista Resistencia, favorecido por el elevado n\u00famero de ese medio de transporte que hay en la ciudad. Gana la competencia El\u00edas Carpas, empleado de Casa Gabardini.<\/p>\n<p><strong>1948\u00a0<\/strong>\/ Se funda el Club N\u00e1utico Barranqueras. El hist\u00f3rico club de pesca tiene su sede en la confluencia del R\u00edo Negro y Paran\u00e1.<\/p>\n<p><img loading=\"lazy\" decoding=\"async\" class=\"alignnone size-medium wp-image-26043\" src=\"https:\/\/www.sportchaco.com.ar\/wp-content\/uploads\/2025\/09\/nautico-barranqueras-300x226.jpg\" alt=\"\" width=\"300\" height=\"226\" srcset=\"https:\/\/www.sportchaco.com.ar\/wp-content\/uploads\/2025\/09\/nautico-barranqueras-300x226.jpg 300w, https:\/\/www.sportchaco.com.ar\/wp-content\/uploads\/2025\/09\/nautico-barranqueras.jpg 335w\" sizes=\"auto, (max-width: 300px) 100vw, 300px\" \/><\/p>\n<p><strong>1992<\/strong>\u00a0\/ En un partido por el Torneo Selectivo de la Liga Chaque\u00f1a de F\u00fatbol Sarmiento derrot\u00f3 por 6 a 1 a Villa Alvear. En el encuentro el joven delantero Gerardo Augusto convirti\u00f3 cinco goles, en el lapso de 15 minutos, estableciendo u r\u00e9cord en el f\u00fatbol chaque\u00f1o. Los goles fueron convertidos entre los minutos 16 y 31 del segundo tiempo.<\/p>\n<p><strong>1981<\/strong>\u00a0\/ Finaliza el IX\u00b0 Abierto del Nordeste de Golf con el triunfo del chaque\u00f1o Marcelo C\u00e1ceres Manevy (foto portada), que se impuso por tres golpes de ventaja a Federico Mac Neill, figura nacional. C\u00e1ceres venci\u00f3 sin h\u00e1ndicap y tambi\u00e9n de 0-9; Jorge Delfino de 10-16; Ra\u00fal Barros de 17 a 24; Luis Capdevila de 25 a 36. En damas se impuso Mar\u00eda In\u00e9s Sosa; Seniros Ricardo Aguilar y por equipos el Chaco Golf Club.<\/p>\n<p><strong>1995\u00a0<\/strong>\/ Queda constituido el Instituto Chaque\u00f1o de Artes Marciales \u201cBushi-Do\u201d (Camino del Guerrero). Tiene su sede en la calle Libertad 1510 de Resistencia y tiene un espacio cubierto para la pr\u00e1ctica del deporte de 170 m2. Esta actividad deportiva se practica en nuestra provincia desde 1987, cuando el profesor Fabi\u00e1n Zalazar comenz\u00f3 a dictar clases en el Sal\u00f3n Parroquial de Villa Don Enrique y en la Municipalidad de Barranqueras.<\/p>\n<p><strong>1997\u00a0<\/strong>\/ Mar\u00eda Laura Spellmeyer se consagra Campeona Nacional Juvenil de Clubes en Lanzamiento de Martillo, durante el torneo disputado en Ol\u00edmpico de la ciudad de C\u00f3rdoba.<\/p>\n<p>Foto de un rinc\u00f3n del Club N\u00e1utico Barranqueras<\/p>\n<\/div>\n<\/article>\n<\/div>\n<\/div>\n<\/div>\n","protected":false},"excerpt":{"rendered":"<p>Efem\u00e9rides del 27 de septiembre Esta es la Efem\u00e9rides del Deporte en el Chaco de un 27 de septiembre del periodista Luis Dar\u00edo Molodezky. \u00a0 &nbsp; \u00a0 1936\u00a0\/ Se realiza una competencia de triciclos de reparto organizada por el Club Ciclista Resistencia, favorecido por el elevado n\u00famero de ese medio de transporte que hay en &hellip;<\/p>\n","protected":false},"author":2,"featured_media":26051,"comment_status":"open","ping_status":"open","sticky":false,"template":"","format":"standard","meta":{"footnotes":""},"categories":[45,39],"tags":[],"class_list":["post-26042","post","type-post","status-publish","format-standard","has-post-thumbnail","hentry","category-efemerides-dia-por-dia","category-septiembre"],"_links":{"self":[{"href":"https:\/\/www.sportchaco.com.ar\/index.php?rest_route=\/wp\/v2\/posts\/26042","targetHints":{"allow":["GET"]}}],"collection":[{"href":"https:\/\/www.sportchaco.com.ar\/index.php?rest_route=\/wp\/v2\/posts"}],"about":[{"href":"https:\/\/www.sportchaco.com.ar\/index.php?rest_route=\/wp\/v2\/types\/post"}],"author":[{"embeddable":true,"href":"https:\/\/www.sportchaco.com.ar\/index.php?rest_route=\/wp\/v2\/users\/2"}],"replies":[{"embeddable":true,"href":"https:\/\/www.sportchaco.com.ar\/index.php?rest_route=%2Fwp%2Fv2%2Fcomments&post=26042"}],"version-history":[{"count":3,"href":"https:\/\/www.sportchaco.com.ar\/index.php?rest_route=\/wp\/v2\/posts\/26042\/revisions"}],"predecessor-version":[{"id":26050,"href":"https:\/\/www.sportchaco.com.ar\/index.php?rest_route=\/wp\/v2\/posts\/26042\/revisions\/26050"}],"wp:featuredmedia":[{"embeddable":true,"href":"https:\/\/www.sportchaco.com.ar\/index.php?rest_route=\/wp\/v2\/media\/26051"}],"wp:attachment":[{"href":"https:\/\/www.sportchaco.com.ar\/index.php?rest_route=%2Fwp%2Fv2%2Fmedia&parent=26042"}],"wp:term":[{"taxonomy":"category","embeddable":true,"href":"https:\/\/www.sportchaco.com.ar\/index.php?rest_route=%2Fwp%2Fv2%2Fcategories&post=26042"},{"taxonomy":"post_tag","embeddable":true,"href":"https:\/\/www.sportchaco.com.ar\/index.php?rest_route=%2Fwp%2Fv2%2Ftags&post=26042"}],"curies":[{"name":"wp","href":"https:\/\/api.w.org\/{rel}","templated":true}]}}