{"id":26047,"date":"2025-09-26T10:46:43","date_gmt":"2025-09-26T13:46:43","guid":{"rendered":"https:\/\/www.sportchaco.com.ar\/?p=26047"},"modified":"2025-09-26T10:46:43","modified_gmt":"2025-09-26T13:46:43","slug":"con-grandes-duelos-se-larga-la-septima-del-pre-federal","status":"publish","type":"post","link":"https:\/\/www.sportchaco.com.ar\/?p=26047","title":{"rendered":"Con grandes duelos, se larga la s\u00e9ptima del Pre-Federal"},"content":{"rendered":"<p><strong>26-09-2025<\/strong><\/p>\n<div id=\"right-content\" class=\"relative\">\n<div id=\"content-area\" class=\"left relative\">\n<div id=\"tps_slideContainer_28518\" class=\"theiaPostSlider_slides\">\n<p><img loading=\"lazy\" decoding=\"async\" class=\"aligncenter size-large wp-image-20253\" src=\"https:\/\/www.sportchaco.com.ar\/wp-content\/uploads\/2025\/06\/Campo-720x90-13-1024x128.gif\" sizes=\"auto, (max-width: 1024px) 100vw, 1024px\" srcset=\"https:\/\/www.sportchaco.com.ar\/wp-content\/uploads\/2025\/06\/Campo-720x90-13-1024x128.gif 1024w, https:\/\/www.sportchaco.com.ar\/wp-content\/uploads\/2025\/06\/Campo-720x90-13-300x38.gif 300w, https:\/\/www.sportchaco.com.ar\/wp-content\/uploads\/2025\/06\/Campo-720x90-13-768x96.gif 768w\" alt=\"\" width=\"1024\" height=\"128\" \/><\/p>\n<p>La s\u00e9ptima fecha del Torneo Provincial Pre Federal de B\u00e1squet tendr\u00e1 este viernes varios duelos de peso, entre los que se destaca uno de los cl\u00e1sicos del interior entre Asociaci\u00f3n Espa\u00f1ola y Progresista; adem\u00e1s de Regatas-H\u00e9rcules y Don Bosco-Cultural. La jornada tambi\u00e9n tendr\u00e1 los enfrentamientos de Acci\u00f3n Social, Alvear Hind\u00fa y Don Orione-Juventud.<\/p>\n<p>En Charata se reeditar\u00e1 uno de los partidos con protagonistas de relieve, con un Asociaci\u00f3n Espa\u00f1ola que intentar\u00e1 frenar el andar victorioso del invicto Uni\u00f3n Progresista, dirigidos por Sebasti\u00e1n Vasallo y Carlos Galarza, con Alejandro Villanueva de comisionado t\u00e9cnico.<\/p>\n<p>En Resistencia se presentar\u00e1n los otros dos punteros, que comandan la Zona \u201cA\u201d. Por un lado Regatas recibir\u00e1 a H\u00e9rcules, y por otro Cultural ir\u00e1 a la casa de Don Bosco. Los charatenses y el \u201csalesiano\u201d tienen la chance inmejorable de darles alcance en la cima, pero nada les ser\u00e1 sencillo; y en S\u00e1enz Pe\u00f1a, Acci\u00f3n buscar\u00e1 su primer festejo ante Social de Las Bre\u00f1as.<\/p>\n<p>La segunda fecha de las revanchas tambi\u00e9n tendr\u00e1 en Villa \u00c1ngela otro partido con todos los condimentos para no decepcionar, con Alvear recibiendo a Hind\u00fa; y en Barranqueras se completar\u00e1 con el compromiso de Don Orione y Juventud de Villa Centenario.<\/p>\n<p><em><strong>Fuente: Federaci\u00f3n Chaque\u00f1a de B\u00e1squet\u00a0<\/strong><\/em><\/p>\n<p><strong>TODA LA <\/strong><strong>7\u00aa FECHA<\/strong><br \/>\n<strong>ZONA \u00abA\u00bb<br \/>\nViernes 26-09<\/strong><br \/>\nA las 21:30, Regatas Rcia. \u2013 H\u00e9rcules<br \/>\n<strong>Jueces:<\/strong> Diego Acu\u00f1a y Lucas Sotelo<br \/>\n<strong>Comisionada t\u00e9cnica:<\/strong> Daniela Kessler<\/p>\n<p>A las 21:30, Don Bosco \u2013 Cultural<br \/>\n<strong>Jueces:<\/strong> Juan Gonz\u00e1lez y Julio V\u00e1zquez<br \/>\n<strong>Comisionada t\u00e9cnica:<\/strong> Carolina Ferrer<\/p>\n<p>A las 22, Acci\u00f3n \u2013 Social<br \/>\n<strong>Jueces:<\/strong> Sebasti\u00e1n Quiroga y Nicol\u00e1s Zapata<br \/>\n<strong>Comisionado t\u00e9cnico:<\/strong> Alberto N\u00fa\u00f1ez<\/p>\n<p><strong>ZONA \u00abB\u00bb<br \/>\nViernes 26-09<\/strong><br \/>\nA las 21:30, Asoc. Espa\u00f1ola \u2013 Progresista<br \/>\n<strong>Jueces:<\/strong> Sebasti\u00e1n Vasallo y Carlos Galarza<br \/>\n<strong>Comisionado t\u00e9cnico:<\/strong> Alejandro Villanueva<\/p>\n<p>A las 21:30, Don Orione \u2013 Juventud VC<br \/>\n<strong>Jueces:<\/strong> Fabricio Ranea y Juli\u00e1n Ch\u00e1vez<br \/>\n<strong>Comisionada t\u00e9cnica:<\/strong> Nancy Filipof<\/p>\n<p>A las 22, Alvear \u2013 Hind\u00fa Club<br \/>\n<strong>Jueces:<\/strong> Lucas T\u00e9vez y Gonzalo Castro<br \/>\n<strong>Comisionado t\u00e9cnico:<\/strong> Guillermo Duarte<\/p>\n<p><strong>POSICIONES<\/strong><br \/>\n<strong>Zona \u00abA\u00bb<\/strong><br \/>\nCultural 11<br \/>\nRegatas Rcia. 11<br \/>\nH\u00e9rcules 10<br \/>\nDon Bosco 9<br \/>\nSocial 7<br \/>\nAcci\u00f3n 6<\/p>\n<p><strong>Zona \u00abB\u00bb<\/strong><br \/>\nProgresista 12<br \/>\nAlvear 10<br \/>\nAsoc. Espa\u00f1ola 9<br \/>\nHind\u00fa Club 9<br \/>\nDon Orione 8<br \/>\nJuventud VC 6<\/p>\n<p><img loading=\"lazy\" decoding=\"async\" class=\"aligncenter size-full wp-image-20169\" src=\"https:\/\/www.sportchaco.com.ar\/wp-content\/uploads\/2025\/06\/PARQUE-SOLAR_250x250-01.gif\" alt=\"\" width=\"300\" height=\"300\" \/><\/p>\n<\/div>\n<\/div>\n<\/div>\n","protected":false},"excerpt":{"rendered":"<p>26-09-2025 La s\u00e9ptima fecha del Torneo Provincial Pre Federal de B\u00e1squet tendr\u00e1 este viernes varios duelos de peso, entre los que se destaca uno de los cl\u00e1sicos del interior entre Asociaci\u00f3n Espa\u00f1ola y Progresista; adem\u00e1s de Regatas-H\u00e9rcules y Don Bosco-Cultural. La jornada tambi\u00e9n tendr\u00e1 los enfrentamientos de Acci\u00f3n Social, Alvear Hind\u00fa y Don Orione-Juventud. En &hellip;<\/p>\n","protected":false},"author":3,"featured_media":26048,"comment_status":"open","ping_status":"open","sticky":false,"template":"","format":"standard","meta":{"footnotes":""},"categories":[3],"tags":[],"class_list":["post-26047","post","type-post","status-publish","format-standard","has-post-thumbnail","hentry","category-basquetbol"],"_links":{"self":[{"href":"https:\/\/www.sportchaco.com.ar\/index.php?rest_route=\/wp\/v2\/posts\/26047","targetHints":{"allow":["GET"]}}],"collection":[{"href":"https:\/\/www.sportchaco.com.ar\/index.php?rest_route=\/wp\/v2\/posts"}],"about":[{"href":"https:\/\/www.sportchaco.com.ar\/index.php?rest_route=\/wp\/v2\/types\/post"}],"author":[{"embeddable":true,"href":"https:\/\/www.sportchaco.com.ar\/index.php?rest_route=\/wp\/v2\/users\/3"}],"replies":[{"embeddable":true,"href":"https:\/\/www.sportchaco.com.ar\/index.php?rest_route=%2Fwp%2Fv2%2Fcomments&post=26047"}],"version-history":[{"count":1,"href":"https:\/\/www.sportchaco.com.ar\/index.php?rest_route=\/wp\/v2\/posts\/26047\/revisions"}],"predecessor-version":[{"id":26049,"href":"https:\/\/www.sportchaco.com.ar\/index.php?rest_route=\/wp\/v2\/posts\/26047\/revisions\/26049"}],"wp:featuredmedia":[{"embeddable":true,"href":"https:\/\/www.sportchaco.com.ar\/index.php?rest_route=\/wp\/v2\/media\/26048"}],"wp:attachment":[{"href":"https:\/\/www.sportchaco.com.ar\/index.php?rest_route=%2Fwp%2Fv2%2Fmedia&parent=26047"}],"wp:term":[{"taxonomy":"category","embeddable":true,"href":"https:\/\/www.sportchaco.com.ar\/index.php?rest_route=%2Fwp%2Fv2%2Fcategories&post=26047"},{"taxonomy":"post_tag","embeddable":true,"href":"https:\/\/www.sportchaco.com.ar\/index.php?rest_route=%2Fwp%2Fv2%2Ftags&post=26047"}],"curies":[{"name":"wp","href":"https:\/\/api.w.org\/{rel}","templated":true}]}}