{"id":26081,"date":"2025-09-26T22:09:44","date_gmt":"2025-09-27T01:09:44","guid":{"rendered":"https:\/\/www.sportchaco.com.ar\/?p=26081"},"modified":"2025-09-26T22:09:44","modified_gmt":"2025-09-27T01:09:44","slug":"despues-de-tres-dias-internado-russo-recibio-el-alto","status":"publish","type":"post","link":"https:\/\/www.sportchaco.com.ar\/?p=26081","title":{"rendered":"Despu\u00e9s de tres d\u00edas internado, Russo recibi\u00f3 el alto"},"content":{"rendered":"<p><span style=\"color: #000000;\"><a style=\"color: #000000;\" href=\"https:\/\/www.elgrafico.com.ar\/etiqueta\/miguel%20angel%20russo\" target=\"_blank\" rel=\"noopener\"><strong>MIGUEL \u00c1NGEL RUSSO<\/strong><\/a>\u00a0<\/span><strong><span style=\"color: #000000;\">f<\/span>ue el protagonista de\u00a0la buena noticia del d\u00eda en\u00a0Boca.<\/strong>\u00a0La novedad que todos esperaban lleg\u00f3 y, al menos por el momento,\u00a0<strong>la preocupaci\u00f3n le dio paso al alivio: este viernes el t\u00e9cnico recibi\u00f3 el alta m\u00e9dica.<\/strong><\/p>\n<p>El entrenador xeneize estuvo<strong>\u00a0internado\u00a0<\/strong>en la cl\u00ednica Fleni desde el mi\u00e9rcoles y se ausent\u00f3 de los entrenamientos por tres d\u00edas, que<strong>\u00a0quedaron a cargo de\u00a0<\/strong><b><strong>Cla<\/strong>udio \u00dabeda<\/b>\u00a0y\u00a0<b>Juvenal Rodr\u00edguez de cara al partido ante Defensa y Justicia, en Florencio Varela\u00a0<\/b>por la fecha 10 del Torneo Clausura,\u00a0de este s\u00e1bado a las 19.<\/p>\n<p>&nbsp;<\/p>\n<p>La salud del\u00a0t\u00e9cnico de 69 a\u00f1os gener\u00f3 angustia e incertidumbre despu\u00e9s que<strong>\u00a0los chequeos m\u00e9dicos que ten\u00eda programados esta semana no le hab\u00edan resultado con los valores esperados<\/strong>. Por eso, hab\u00eda quedado en observaci\u00f3n en la cl\u00ednica.<\/p>\n<p>Tras recibir el alta, Russo podr\u00e1 irse a su casa y seguir recuper\u00e1ndose all\u00ed.<strong>\u00a0Habr\u00e1 que esperar c\u00f3mo sigue su estado y qu\u00e9 decisi\u00f3n toma el t\u00e9cnico,<\/strong>\u00a0pero\u00a0todo indicar\u00eda que la dupla que estar\u00e1 en el banco de suplentes ante el Halc\u00f3n ser\u00e1 la de \u00dabeda y Rodr\u00edguez.<\/p>\n","protected":false},"excerpt":{"rendered":"<p>MIGUEL \u00c1NGEL RUSSO\u00a0fue el protagonista de\u00a0la buena noticia del d\u00eda en\u00a0Boca.\u00a0La novedad que todos esperaban lleg\u00f3 y, al menos por el momento,\u00a0la preocupaci\u00f3n le dio paso al alivio: este viernes el t\u00e9cnico recibi\u00f3 el alta m\u00e9dica. El entrenador xeneize estuvo\u00a0internado\u00a0en la cl\u00ednica Fleni desde el mi\u00e9rcoles y se ausent\u00f3 de los entrenamientos por tres d\u00edas, &hellip;<\/p>\n","protected":false},"author":2,"featured_media":26082,"comment_status":"open","ping_status":"open","sticky":false,"template":"","format":"standard","meta":{"footnotes":""},"categories":[47],"tags":[],"class_list":["post-26081","post","type-post","status-publish","format-standard","has-post-thumbnail","hentry","category-nacionales"],"_links":{"self":[{"href":"https:\/\/www.sportchaco.com.ar\/index.php?rest_route=\/wp\/v2\/posts\/26081","targetHints":{"allow":["GET"]}}],"collection":[{"href":"https:\/\/www.sportchaco.com.ar\/index.php?rest_route=\/wp\/v2\/posts"}],"about":[{"href":"https:\/\/www.sportchaco.com.ar\/index.php?rest_route=\/wp\/v2\/types\/post"}],"author":[{"embeddable":true,"href":"https:\/\/www.sportchaco.com.ar\/index.php?rest_route=\/wp\/v2\/users\/2"}],"replies":[{"embeddable":true,"href":"https:\/\/www.sportchaco.com.ar\/index.php?rest_route=%2Fwp%2Fv2%2Fcomments&post=26081"}],"version-history":[{"count":1,"href":"https:\/\/www.sportchaco.com.ar\/index.php?rest_route=\/wp\/v2\/posts\/26081\/revisions"}],"predecessor-version":[{"id":26083,"href":"https:\/\/www.sportchaco.com.ar\/index.php?rest_route=\/wp\/v2\/posts\/26081\/revisions\/26083"}],"wp:featuredmedia":[{"embeddable":true,"href":"https:\/\/www.sportchaco.com.ar\/index.php?rest_route=\/wp\/v2\/media\/26082"}],"wp:attachment":[{"href":"https:\/\/www.sportchaco.com.ar\/index.php?rest_route=%2Fwp%2Fv2%2Fmedia&parent=26081"}],"wp:term":[{"taxonomy":"category","embeddable":true,"href":"https:\/\/www.sportchaco.com.ar\/index.php?rest_route=%2Fwp%2Fv2%2Fcategories&post=26081"},{"taxonomy":"post_tag","embeddable":true,"href":"https:\/\/www.sportchaco.com.ar\/index.php?rest_route=%2Fwp%2Fv2%2Ftags&post=26081"}],"curies":[{"name":"wp","href":"https:\/\/api.w.org\/{rel}","templated":true}]}}