{"id":26099,"date":"2025-09-27T12:00:01","date_gmt":"2025-09-27T15:00:01","guid":{"rendered":"https:\/\/www.sportchaco.com.ar\/?p=26099"},"modified":"2025-09-27T12:09:21","modified_gmt":"2025-09-27T15:09:21","slug":"la-lluvia-paro-la-pelota","status":"publish","type":"post","link":"https:\/\/www.sportchaco.com.ar\/?p=26099","title":{"rendered":"La lluvia par\u00f3 la pelota"},"content":{"rendered":"<p><strong>27-09-2025<\/strong><\/p>\n<p><img loading=\"lazy\" decoding=\"async\" class=\"aligncenter size-full wp-image-20491\" src=\"https:\/\/www.sportchaco.com.ar\/wp-content\/uploads\/2025\/06\/PARQUE-SOLAR_720x90-01.gif\" alt=\"\" width=\"720\" height=\"90\" \/><\/p>\n<p>La Liga Chaque\u00f1a de F\u00fatbol avis\u00f3 de manera oficial que toda la actividad pactada para este d\u00eda s\u00e1bado fue suspendida a ra\u00edz de las lluvias matutinas.<\/p>\n<p>De esta manera los seis partidos de la Primera Divisi\u00f3n no se disputar\u00e1n al igual que todos los cruces de playoffs del Reducido de la Primera B. Todos los encuentros pasar\u00e1n a una nueva reprogramaci\u00f3n.<\/p>\n<p>Por el momento, en ambas categor\u00edas, se mantiene la programaci\u00f3n del d\u00eda domingo.<\/p>\n<p><img loading=\"lazy\" decoding=\"async\" class=\"aligncenter size-large wp-image-16974\" src=\"https:\/\/www.sportchaco.com.ar\/wp-content\/uploads\/2025\/03\/gob-produccion-821x1024.jpg\" alt=\"\" width=\"821\" height=\"1024\" srcset=\"https:\/\/www.sportchaco.com.ar\/wp-content\/uploads\/2025\/03\/gob-produccion-821x1024.jpg 821w, https:\/\/www.sportchaco.com.ar\/wp-content\/uploads\/2025\/03\/gob-produccion-240x300.jpg 240w, https:\/\/www.sportchaco.com.ar\/wp-content\/uploads\/2025\/03\/gob-produccion-768x958.jpg 768w, https:\/\/www.sportchaco.com.ar\/wp-content\/uploads\/2025\/03\/gob-produccion-1231x1536.jpg 1231w, https:\/\/www.sportchaco.com.ar\/wp-content\/uploads\/2025\/03\/gob-produccion.jpg 1440w\" sizes=\"auto, (max-width: 821px) 100vw, 821px\" \/><\/p>\n","protected":false},"excerpt":{"rendered":"<p>27-09-2025 La Liga Chaque\u00f1a de F\u00fatbol avis\u00f3 de manera oficial que toda la actividad pactada para este d\u00eda s\u00e1bado fue suspendida a ra\u00edz de las lluvias matutinas. De esta manera los seis partidos de la Primera Divisi\u00f3n no se disputar\u00e1n al igual que todos los cruces de playoffs del Reducido de la Primera B. Todos &hellip;<\/p>\n","protected":false},"author":3,"featured_media":14337,"comment_status":"open","ping_status":"open","sticky":false,"template":"","format":"standard","meta":{"footnotes":""},"categories":[5],"tags":[],"class_list":["post-26099","post","type-post","status-publish","format-standard","has-post-thumbnail","hentry","category-futbol"],"_links":{"self":[{"href":"https:\/\/www.sportchaco.com.ar\/index.php?rest_route=\/wp\/v2\/posts\/26099","targetHints":{"allow":["GET"]}}],"collection":[{"href":"https:\/\/www.sportchaco.com.ar\/index.php?rest_route=\/wp\/v2\/posts"}],"about":[{"href":"https:\/\/www.sportchaco.com.ar\/index.php?rest_route=\/wp\/v2\/types\/post"}],"author":[{"embeddable":true,"href":"https:\/\/www.sportchaco.com.ar\/index.php?rest_route=\/wp\/v2\/users\/3"}],"replies":[{"embeddable":true,"href":"https:\/\/www.sportchaco.com.ar\/index.php?rest_route=%2Fwp%2Fv2%2Fcomments&post=26099"}],"version-history":[{"count":1,"href":"https:\/\/www.sportchaco.com.ar\/index.php?rest_route=\/wp\/v2\/posts\/26099\/revisions"}],"predecessor-version":[{"id":26100,"href":"https:\/\/www.sportchaco.com.ar\/index.php?rest_route=\/wp\/v2\/posts\/26099\/revisions\/26100"}],"wp:featuredmedia":[{"embeddable":true,"href":"https:\/\/www.sportchaco.com.ar\/index.php?rest_route=\/wp\/v2\/media\/14337"}],"wp:attachment":[{"href":"https:\/\/www.sportchaco.com.ar\/index.php?rest_route=%2Fwp%2Fv2%2Fmedia&parent=26099"}],"wp:term":[{"taxonomy":"category","embeddable":true,"href":"https:\/\/www.sportchaco.com.ar\/index.php?rest_route=%2Fwp%2Fv2%2Fcategories&post=26099"},{"taxonomy":"post_tag","embeddable":true,"href":"https:\/\/www.sportchaco.com.ar\/index.php?rest_route=%2Fwp%2Fv2%2Ftags&post=26099"}],"curies":[{"name":"wp","href":"https:\/\/api.w.org\/{rel}","templated":true}]}}