{"id":2612,"date":"2023-11-08T10:49:18","date_gmt":"2023-11-08T13:49:18","guid":{"rendered":"https:\/\/www.sportchaco.com.ar\/?p=2612"},"modified":"2023-11-08T10:49:18","modified_gmt":"2023-11-08T13:49:18","slug":"con-mucho-en-juego-san-lorenzo-vs-boca-a-las-19","status":"publish","type":"post","link":"https:\/\/www.sportchaco.com.ar\/?p=2612","title":{"rendered":"Con mucho en juego, San Lorenzo vs. Boca a las 19"},"content":{"rendered":"<h1><\/h1>\n<p class=\"description\">El Cicl\u00f3n y el Xeneize se enfrentar\u00e1n este mi\u00e9rcoles, desde las 19, en el Nuevo Gas\u00f3metro en el cierre de la fecha 12, obligados a sumar de a tres para seguir en la pelea por meterse en la pr\u00f3xima Copa Libertadores. Fuente TyC Sports<\/p>\n<figure class=\"rat16x9\"><img decoding=\"async\" title=\"Boca vs San Lorenzo\" src=\"https:\/\/media.tycsports.com\/files\/2023\/11\/07\/642993\/boca-vs-san-lorenzo_416x234.webp\" srcset=\"https:\/\/media.tycsports.com\/files\/2023\/11\/07\/642993\/boca-vs-san-lorenzo_416x234.webp 480w ,https:\/\/media.tycsports.com\/files\/2023\/11\/07\/642993\/boca-vs-san-lorenzo_862x485.webp 1080w \" alt=\"Boca vs San Lorenzo\" \/><\/figure>\n<div class=\"mam-async show\" data-channel=\"deportes.futbol.copalpf.ficha.643585\" data-size=\"big\">\n<div class=\"mam-scores futbol\">\n<div class=\"mam-team mam-local\">\n<div class=\"mam-team-name\">\n<div class=\"mam-escudo\"><\/div>\n<\/div>\n<\/div>\n<div class=\"mam-team mam-visitor\">\n<div class=\"mam-team-name\">\n<div class=\"mam-escudo\"><\/div>\n<\/div>\n<\/div>\n<\/div>\n<div class=\"mam-legend\">\n<div class=\"mam-timer\"><\/div>\n<div class=\"mam-data show\"><\/div>\n<\/div>\n<\/div>\n<p class=\"capital\">San Lorenzo y Boca\u00a0se enfrentar\u00e1n este mi\u00e9rcoles, desde las 19 en el Nuevo Gas\u00f3metro, en el cierre de la fecha 12 de la zona B de la\u00a0Copa de la Liga. Alejados de los primeros cuatro puestos que dan boleto a la pr\u00f3xima etapa,\u00a0ambos est\u00e1n obligados a sumar para seguir en la pelea por meterse en la pr\u00f3xima Copa Libertadores a trav\u00e9s de la tabla anual, especialmente el Xeneize, que viene de perder la final ante Fluminense y\u00a0tendr\u00e1 el estreno de Mariano Herr\u00f3n como t\u00e9cnico interino.<\/p>\n<div class=\"watchto-wrap\">\n<div class=\"watchto\"><a class=\"imgwrap\" href=\"https:\/\/www.tycsports.com\/boca-juniors\/formacion-boca-vs-san-lorenzo-copa-de-la-liga-id546225.html\"><picture><source srcset=\"https:\/\/media.tycsports.com\/files\/2023\/11\/07\/643053\/herron-placa_267x150.webp\" media=\"(min-width: 721px)\" \/><source srcset=\"https:\/\/media.tycsports.com\/files\/2023\/11\/07\/643053\/herron-placa_267x356.webp?v=3\" media=\"(max-width: 721px)\" \/><\/picture><\/a><\/p>\n<div class=\"watchto-text\"><\/div>\n<div class=\"watchto-btn-view\"><\/div>\n<\/div>\n<\/div>\n<p>El conjunto de la Ribera tendr\u00e1 su primer encuentro con el DT de la Reserva al mando, quien se hizo cargo del equipo el lunes luego de la renuncia de Jorge Almir\u00f3n tras haber ca\u00eddo en el Maracan\u00e1 ante el elenco carioca.\u00a0El Xeneize est\u00e1 en la zona baja de su grupo y los \u00fanicos caminos que le quedan para sacar boleto a la pr\u00f3xima Libertadores es la tabla anual\u00a0-est\u00e1 noveno, en zona de Sudamericana-\u00a0o ganar la Copa Argentina.<\/p>\n<p>Herr\u00f3n apenas pudo dirigir dos pr\u00e1cticas, pero todo indica que\u00a0mantendr\u00e1 a la mayor\u00eda de los titulares, a excepci\u00f3n de los que terminaron al l\u00edmite. Respecto de la final,\u00a0las dos bajas son Frank Fabra\u00a0(sufri\u00f3 un golpe)\u00a0y Ezequiel Fern\u00e1ndez\u00a0(molestia en uno de los gemelos), que ni concentraron.\u00a0Sus reemplazantes ser\u00e1n Marcelo Saracchi y Jorman Campuzano.\u00a0A su vez,\u00a0tampoco fueron citados Marcos Rojo, que arrastra una lesi\u00f3n, ni Vicente Taborda, por decisi\u00f3n t\u00e9cnica.<\/p>\n<figure class=\"w-100\"><img decoding=\"async\" title=\"Herr\u00f3n\" src=\"https:\/\/media.tycsports.com\/files\/2023\/11\/06\/642956\/herron_w416.webp\" srcset=\"https:\/\/media.tycsports.com\/files\/2023\/11\/06\/642956\/herron_w416.webp 480w, https:\/\/media.tycsports.com\/files\/2023\/11\/06\/642956\/herron_w862.webp 1080w\" alt=\"Herr\u00f3n\" data-src=\"https:\/\/media.tycsports.com\/files\/2023\/11\/06\/642956\/herron_w416.webp\" data-srcset=\"https:\/\/media.tycsports.com\/files\/2023\/11\/06\/642956\/herron_w416.webp 480w, https:\/\/media.tycsports.com\/files\/2023\/11\/06\/642956\/herron_w862.webp 1080w\" \/><\/figure>\n<p>Por su parte,\u00a0el Cicl\u00f3n est\u00e1 \u00faltimo en la zona B y tiene apenas un triunfo en este certamen. Hoy se ubica s\u00e9ptimo en la general y en el torneo gan\u00f3 solo en el debut frente a Lan\u00fas. Aunque\u00a0si suma de a tres volver\u00e1 a quedar cuarto en la anual.\u00a0Tras el empate sin goles como visitante ante Sarmiento, buscar\u00e1 revertir la situaci\u00f3n ante su cl\u00e1sico rival al que le lleva ventaja en el historial.<\/p>\n<p>Para este compromiso, Rub\u00e9n Dar\u00edo Insua tiene el once definido:\u00a0Gonzalo Maroni ingresar\u00e1 en el mediocampo por Carlos S\u00e1nchez.\u00a0Si bien Agust\u00edn Giay estuvo con fiebre el fin de semana, no tendr\u00eda problemas para jugar al igual que Malcom Braida, que se ausent\u00f3 en la pr\u00e1ctica dle jueves por un problema estomacal. En el ataque, en tanto, reaparecer\u00e1\u00a0Iv\u00e1n Leguizam\u00f3n por Federico Girotti para acompa\u00f1ar a Nahuel Barrios y Adam Bareiro.<\/p>\n<figure class=\"w-100\"><img decoding=\"async\" title=\"Entrenamiento de San Lorenzo 6\/11\" src=\"https:\/\/media.tycsports.com\/files\/2023\/11\/06\/642702\/entrenamiento-de-san-lorenzo-611_w416.webp\" srcset=\"https:\/\/media.tycsports.com\/files\/2023\/11\/06\/642702\/entrenamiento-de-san-lorenzo-611_w416.webp 480w, https:\/\/media.tycsports.com\/files\/2023\/11\/06\/642702\/entrenamiento-de-san-lorenzo-611_w862.webp 1080w\" alt=\"Entrenamiento de San Lorenzo 6\/11\" data-src=\"https:\/\/media.tycsports.com\/files\/2023\/11\/06\/642702\/entrenamiento-de-san-lorenzo-611_w416.webp\" data-srcset=\"https:\/\/media.tycsports.com\/files\/2023\/11\/06\/642702\/entrenamiento-de-san-lorenzo-611_w416.webp 480w, https:\/\/media.tycsports.com\/files\/2023\/11\/06\/642702\/entrenamiento-de-san-lorenzo-611_w862.webp 1080w\" \/><\/figure>\n<div class=\"watchto-wrap\">\n<div class=\"watchto\">\n<div class=\"watchto-btn-view\"><\/div>\n<\/div>\n<\/div>\n<h2>El posible once de San Lorenzo vs. Boca, por la Copa de la Liga<\/h2>\n<p><strong>Augusto\u00a0Batalla; Rafael\u00a0P\u00e9rez, Gast\u00f3n\u00a0Campi, Gast\u00f3n\u00a0Hern\u00e1ndez; Agust\u00edn\u00a0Giay, Jalil\u00a0El\u00edas, Gonzalo\u00a0Maroni, Malcom\u00a0Braida; Nahuel\u00a0Barrios, Iv\u00e1n\u00a0Leguizam\u00f3n\u00a0y Adam\u00a0Bareiro.<\/strong><\/p>\n<p>&nbsp;<\/p>\n","protected":false},"excerpt":{"rendered":"<p>El Cicl\u00f3n y el Xeneize se enfrentar\u00e1n este mi\u00e9rcoles, desde las 19, en el Nuevo Gas\u00f3metro en el cierre de la fecha 12, obligados a sumar de a tres para seguir en la pelea por meterse en la pr\u00f3xima Copa Libertadores. Fuente TyC Sports San Lorenzo y Boca\u00a0se enfrentar\u00e1n este mi\u00e9rcoles, desde las 19 en &hellip;<\/p>\n","protected":false},"author":2,"featured_media":2613,"comment_status":"open","ping_status":"open","sticky":false,"template":"","format":"standard","meta":{"footnotes":""},"categories":[5],"tags":[],"class_list":["post-2612","post","type-post","status-publish","format-standard","has-post-thumbnail","hentry","category-futbol"],"_links":{"self":[{"href":"https:\/\/www.sportchaco.com.ar\/index.php?rest_route=\/wp\/v2\/posts\/2612","targetHints":{"allow":["GET"]}}],"collection":[{"href":"https:\/\/www.sportchaco.com.ar\/index.php?rest_route=\/wp\/v2\/posts"}],"about":[{"href":"https:\/\/www.sportchaco.com.ar\/index.php?rest_route=\/wp\/v2\/types\/post"}],"author":[{"embeddable":true,"href":"https:\/\/www.sportchaco.com.ar\/index.php?rest_route=\/wp\/v2\/users\/2"}],"replies":[{"embeddable":true,"href":"https:\/\/www.sportchaco.com.ar\/index.php?rest_route=%2Fwp%2Fv2%2Fcomments&post=2612"}],"version-history":[{"count":1,"href":"https:\/\/www.sportchaco.com.ar\/index.php?rest_route=\/wp\/v2\/posts\/2612\/revisions"}],"predecessor-version":[{"id":2614,"href":"https:\/\/www.sportchaco.com.ar\/index.php?rest_route=\/wp\/v2\/posts\/2612\/revisions\/2614"}],"wp:featuredmedia":[{"embeddable":true,"href":"https:\/\/www.sportchaco.com.ar\/index.php?rest_route=\/wp\/v2\/media\/2613"}],"wp:attachment":[{"href":"https:\/\/www.sportchaco.com.ar\/index.php?rest_route=%2Fwp%2Fv2%2Fmedia&parent=2612"}],"wp:term":[{"taxonomy":"category","embeddable":true,"href":"https:\/\/www.sportchaco.com.ar\/index.php?rest_route=%2Fwp%2Fv2%2Fcategories&post=2612"},{"taxonomy":"post_tag","embeddable":true,"href":"https:\/\/www.sportchaco.com.ar\/index.php?rest_route=%2Fwp%2Fv2%2Ftags&post=2612"}],"curies":[{"name":"wp","href":"https:\/\/api.w.org\/{rel}","templated":true}]}}