{"id":26134,"date":"2025-09-27T20:16:24","date_gmt":"2025-09-27T23:16:24","guid":{"rendered":"https:\/\/www.sportchaco.com.ar\/?p=26134"},"modified":"2025-09-27T21:06:33","modified_gmt":"2025-09-28T00:06:33","slug":"empieza-a-definirse-en-tc-mouras-carabajal-gano-una-seri","status":"publish","type":"post","link":"https:\/\/www.sportchaco.com.ar\/?p=26134","title":{"rendered":"Empieza a definirse en TC Mouras: Carabajal gan\u00f3 una serie"},"content":{"rendered":"<div class=\"container-fluid showcase-light-grey\">\n<div class=\"container\">\n<div class=\"noticias-header\">\n<div class=\"row\">\n<div class=\"col-lg-9 col-md-9 col-sm-8 col-xs-12\">\n<div class=\"info\">\n<div class=\"date\"><\/div>\n<h4><strong>Foto portada: Lucas Carabajal con autoridad gan\u00f3 la segunda serie y largha en primera fila del TC Mouras<\/strong><\/h4>\n<\/div>\n<\/div>\n<div class=\"col-lg-3 col-md-3 col-sm-4 col-xs-12\">\n<div class=\"sharer-module pull-right\">\n<div class=\"wrapper-add-this\"><\/div>\n<\/div>\n<\/div>\n<\/div>\n<\/div>\n<\/div>\n<\/div>\n<div class=\"container\">\n<div class=\"wrapper-brand-skin\"><\/div>\n<div class=\"noticias-expanded\">\n<div class=\"row\">\n<div class=\"col-lg-8 col-md-8 col-sm-8\">\n<div class=\"content\">\n<p>La primera serie fue ganada por el piloto chaque\u00f1o Lucas Carabajal con el Ford del equipo Moriatis Competici\u00f3n, que sobresali\u00f3 a la hora de encarar el curv\u00f3n platense y sacar una importante ventaja sobre Francisco Luengo con Chevrolet que lleg\u00f3 segundo, tercero, Lucas Bohdanowicz , cuarto Thomas Pozner, ambos con Dodge y quinto, Benjam\u00edn Ant\u00f3n, con Ford.<\/p>\n<p>La segunda serie, que fue la m\u00e1s r\u00e1pida, fue un paseo veloz del piloto Eugenio Provens, que con el Dodge del equipo Galarza Racing mantuvo a raya a Manuel Borgert que con el Ford del equipo de Mariano Werner finalmente lleg\u00f3 segundo, tercero, Juan Pablo Guiffrey con Chevrolet, cuarto, Leandro Gonzalez, tambi\u00e9n con Chevrolet \u00a0y quinto, Agust\u00edn Ayala, con Ford.<\/p>\n<p>Con este resultado, a las 12.45 hs. del domingo, con Provens y Carabajal en la primera fila, se pondr\u00e1 en marcha la 11\u00aa. carrera de la temporada para recorrer 14 giros al trazado perimetral del aut\u00f3dromo Roberto Mouras de la ciudad de La Plata.<\/p>\n<div class=\"cuerda right\">GRILLA DE PARTIDA<\/div>\n<div><\/div>\n<div class=\"cuerda right\">cuerda<\/div>\n<ul class=\"row\">\n<li class=\"col-lg-6 col-md-6 col-sm-6 col-xs-12 pull-right\">\n<div class=\"driver\">\n<div class=\"pos\">1<\/div>\n<div class=\"separator-grid\"><\/div>\n<div class=\"info clearfix\">\n<p><span class=\"num\">53<\/span><\/p>\n<div class=\"casco\"><img decoding=\"async\" class=\"lazy\" src=\"https:\/\/actc.org.ar\/upload\/autos\/7773\/imgs_v3\/imgcasco\/eugenio-provens.png\" data-original=\"\/upload\/autos\/7773\/imgs_v3\/imgcasco\/eugenio-provens.png\" \/><\/div>\n<div class=\"name\">Provens, E<\/div>\n<div class=\"team clearfix\"><img decoding=\"async\" class=\"lazy\" src=\"https:\/\/actc.org.ar\/vistas\/v3\/images\/logos\/logo-dodge-xs.png\" data-original=\"\/vistas\/v3\/images\/logos\/logo-dodge-xs.png\" \/>Galarza Racing<\/div>\n<div>XXXXXXXXXXXXXXXXXXXXXXXXXXX<\/div>\n<\/div>\n<\/div>\n<\/li>\n<li class=\"col-lg-6 col-md-6 col-sm-6 col-xs-12 pull-right\">\n<div class=\"driver\">\n<div class=\"pos\">2<\/div>\n<div class=\"separator-grid\"><\/div>\n<div class=\"info clearfix\">\n<p><span class=\"num\">81<\/span><\/p>\n<div class=\"casco\"><img decoding=\"async\" class=\"lazy\" src=\"https:\/\/actc.org.ar\/upload\/autos\/5728\/imgs_v3\/imgcasco\/lucas-carabajal.png\" data-original=\"\/upload\/autos\/5728\/imgs_v3\/imgcasco\/lucas-carabajal.png\" \/><\/div>\n<div class=\"name\">Carabajal, L<\/div>\n<div class=\"team clearfix\"><img decoding=\"async\" class=\"lazy\" src=\"https:\/\/actc.org.ar\/vistas\/v3\/images\/logos\/logo-ford-xs.png\" data-original=\"\/vistas\/v3\/images\/logos\/logo-ford-xs.png\" \/>Moriatis Competici\u00f3n<\/div>\n<div>XXXXXXXXXXXXXXXXXXXXXXXXXXXX<\/div>\n<\/div>\n<\/div>\n<\/li>\n<li class=\"col-lg-6 col-md-6 col-sm-6 col-xs-12 pull-right\">\n<div class=\"driver\">\n<div class=\"pos\">3<\/div>\n<div class=\"separator-grid\"><\/div>\n<div class=\"info clearfix\">\n<p><span class=\"num\">105<\/span><\/p>\n<div class=\"casco\"><img decoding=\"async\" class=\"lazy\" src=\"https:\/\/actc.org.ar\/upload\/autos\/7812\/imgs_v3\/imgcasco\/manuel-borgert.png\" data-original=\"\/upload\/autos\/7812\/imgs_v3\/imgcasco\/manuel-borgert.png\" \/><\/div>\n<div class=\"name\">Borgert, M<\/div>\n<div class=\"team clearfix\"><img decoding=\"async\" class=\"lazy\" src=\"https:\/\/actc.org.ar\/vistas\/v3\/images\/logos\/logo-ford-xs.png\" data-original=\"\/vistas\/v3\/images\/logos\/logo-ford-xs.png\" \/>Fadel Werner Competici\u00f3n<\/div>\n<div>XXXXXXXXXXXXXXXXXXXXXXXXXXXXXXXXX<\/div>\n<\/div>\n<\/div>\n<\/li>\n<li class=\"col-lg-6 col-md-6 col-sm-6 col-xs-12 pull-right\">\n<div class=\"driver\">\n<div class=\"pos\">4<\/div>\n<div class=\"separator-grid\"><\/div>\n<div class=\"info clearfix\">\n<p><span class=\"num\">141<\/span><\/p>\n<div class=\"casco\"><\/div>\n<div class=\"name\">Luengo, F<\/div>\n<div class=\"team clearfix\"><img decoding=\"async\" class=\"lazy\" src=\"https:\/\/actc.org.ar\/vistas\/v3\/images\/logos\/logo-chevrolet-xs.png\" data-original=\"\/vistas\/v3\/images\/logos\/logo-chevrolet-xs.png\" \/>RE PERFORMANCE<\/div>\n<div>XXXXXXXXXXXXXXXXXXXXXXXXXXXXXXX<\/div>\n<\/div>\n<\/div>\n<\/li>\n<li class=\"col-lg-6 col-md-6 col-sm-6 col-xs-12 pull-right\">\n<div class=\"driver\">\n<div class=\"pos\">5<\/div>\n<div class=\"separator-grid\"><\/div>\n<div class=\"info clearfix\">\n<p><span class=\"num\">71<\/span><\/p>\n<div class=\"casco\"><\/div>\n<div class=\"name\">Guiffrey, J<\/div>\n<div class=\"team clearfix\"><img decoding=\"async\" class=\"lazy\" src=\"https:\/\/actc.org.ar\/vistas\/v3\/images\/logos\/logo-chevrolet-xs.png\" data-original=\"\/vistas\/v3\/images\/logos\/logo-chevrolet-xs.png\" \/>RUS MED Team<\/div>\n<div>XXXXXXXXXXXXXXXXXXXXXXXXXXXXXXXXXXXXX<\/div>\n<\/div>\n<\/div>\n<\/li>\n<li class=\"col-lg-6 col-md-6 col-sm-6 col-xs-12 pull-right\">\n<div class=\"driver\">\n<div class=\"pos\">6<\/div>\n<div class=\"separator-grid\"><\/div>\n<div class=\"info clearfix\">\n<p><span class=\"num\">61<\/span><\/p>\n<div class=\"casco\"><img decoding=\"async\" class=\"lazy\" src=\"https:\/\/actc.org.ar\/upload\/autos\/7807\/imgs_v3\/imgcasco\/lucas-bohdanowicz.png\" data-original=\"\/upload\/autos\/7807\/imgs_v3\/imgcasco\/lucas-bohdanowicz.png\" \/><\/div>\n<div class=\"name\">Bohdanowicz, L<\/div>\n<div class=\"team clearfix\"><img decoding=\"async\" class=\"lazy\" src=\"https:\/\/actc.org.ar\/vistas\/v3\/images\/logos\/logo-dodge-xs.png\" data-original=\"\/vistas\/v3\/images\/logos\/logo-dodge-xs.png\" \/>Galarza Racing<\/div>\n<div>XXXXXXXXXXXXXXXXXXXXXXXXXXXXXXXXXXXXXX<\/div>\n<\/div>\n<\/div>\n<\/li>\n<li class=\"col-lg-6 col-md-6 col-sm-6 col-xs-12 pull-right\">\n<div class=\"driver\">\n<div class=\"pos\">7<\/div>\n<div class=\"separator-grid\"><\/div>\n<div class=\"info clearfix\">\n<p><span class=\"num\">77<\/span><\/p>\n<div class=\"casco\"><img decoding=\"async\" class=\"lazy\" src=\"https:\/\/actc.org.ar\/upload\/autos\/7889\/imgs_v3\/imgcasco\/leandro-gonzalez.png\" data-original=\"\/upload\/autos\/7889\/imgs_v3\/imgcasco\/leandro-gonzalez.png\" \/><\/div>\n<div class=\"name\">Gonz\u00e1lez, L<\/div>\n<div class=\"team clearfix\"><img decoding=\"async\" class=\"lazy\" src=\"https:\/\/actc.org.ar\/vistas\/v3\/images\/logos\/logo-chevrolet-xs.png\" data-original=\"\/vistas\/v3\/images\/logos\/logo-chevrolet-xs.png\" \/>Canning Motorsport<\/div>\n<div>XXXXXXXXXXXXXXXXXXXXXXXXXXXXXXXXXXXXXXXX<\/div>\n<\/div>\n<\/div>\n<\/li>\n<li class=\"col-lg-6 col-md-6 col-sm-6 col-xs-12 pull-right\">\n<div class=\"driver\">\n<div class=\"pos\">8<\/div>\n<div class=\"separator-grid\"><\/div>\n<div class=\"info clearfix\">\n<p><span class=\"num\">44<\/span><\/p>\n<div class=\"casco\"><img decoding=\"async\" class=\"lazy\" src=\"https:\/\/actc.org.ar\/upload\/autos\/6579\/imgs_v3\/imgcasco\/thomas-pozner.png\" data-original=\"\/upload\/autos\/6579\/imgs_v3\/imgcasco\/thomas-pozner.png\" \/><\/div>\n<div class=\"name\">Pozner, T<\/div>\n<div class=\"team clearfix\"><img decoding=\"async\" class=\"lazy\" src=\"https:\/\/actc.org.ar\/vistas\/v3\/images\/logos\/logo-dodge-xs.png\" data-original=\"\/vistas\/v3\/images\/logos\/logo-dodge-xs.png\" \/>Canning Motorsport<\/div>\n<div>XXXXXXXXXXXXXXXXXXXXXXXXXXXXXXXXXXXXXXXXXX<\/div>\n<\/div>\n<\/div>\n<\/li>\n<li class=\"col-lg-6 col-md-6 col-sm-6 col-xs-12 pull-right\">\n<div class=\"driver\">\n<div class=\"pos\">9<\/div>\n<div class=\"separator-grid\"><\/div>\n<div class=\"info clearfix\">\n<p><span class=\"num\">43<\/span><\/p>\n<div class=\"casco\"><\/div>\n<div class=\"name\">Ant\u00f3n, B<\/div>\n<div class=\"team clearfix\"><img decoding=\"async\" class=\"lazy\" src=\"https:\/\/actc.org.ar\/vistas\/v3\/images\/logos\/logo-ford-xs.png\" data-original=\"\/vistas\/v3\/images\/logos\/logo-ford-xs.png\" \/>Fadel Werner Competici\u00f3n<\/div>\n<div>XXXXXXXXXXXXXXXXXXXXXXXXXXXXXXXXXXXXXXXXXX<\/div>\n<\/div>\n<\/div>\n<\/li>\n<li class=\"col-lg-6 col-md-6 col-sm-6 col-xs-12 pull-right\">\n<div class=\"driver\">\n<div class=\"pos\">10<\/div>\n<div class=\"separator-grid\"><\/div>\n<div class=\"info clearfix\">\n<p><span class=\"num\">50<\/span><\/p>\n<div class=\"casco\"><img decoding=\"async\" class=\"lazy\" src=\"https:\/\/actc.org.ar\/upload\/autos\/7772\/imgs_v3\/imgcasco\/agustin-ayala.png\" data-original=\"\/upload\/autos\/7772\/imgs_v3\/imgcasco\/agustin-ayala.png\" \/><\/div>\n<div class=\"name\">Ayala, A<\/div>\n<div class=\"team clearfix\"><img decoding=\"async\" class=\"lazy\" src=\"https:\/\/actc.org.ar\/vistas\/v3\/images\/logos\/logo-ford-xs.png\" data-original=\"\/vistas\/v3\/images\/logos\/logo-ford-xs.png\" \/>Frano Race<\/div>\n<div>XXXXXXXXXXXXXXXXXXXXXXXXXXXXXXXXXXXXXX<\/div>\n<\/div>\n<\/div>\n<\/li>\n<li class=\"col-lg-6 col-md-6 col-sm-6 col-xs-12 pull-right\">\n<div class=\"driver\">\n<div class=\"pos\">11<\/div>\n<div class=\"separator-grid\"><\/div>\n<div class=\"info clearfix\">\n<p><span class=\"num\">87<\/span><\/p>\n<div class=\"casco\"><\/div>\n<div class=\"name\">Guerra, L<\/div>\n<div class=\"team clearfix\"><img decoding=\"async\" class=\"lazy\" src=\"https:\/\/actc.org.ar\/vistas\/v3\/images\/logos\/logo-chevrolet-xs.png\" data-original=\"\/vistas\/v3\/images\/logos\/logo-chevrolet-xs.png\" \/>SJ Racing<\/div>\n<div>XXXXXXXXXXXXXXXXXXXXXXXXXXXXXXXXXXXXXX<\/div>\n<\/div>\n<\/div>\n<\/li>\n<li class=\"col-lg-6 col-md-6 col-sm-6 col-xs-12 pull-right\">\n<div class=\"driver\">\n<div class=\"pos\">12<\/div>\n<div class=\"separator-grid\"><\/div>\n<div class=\"info clearfix\">\n<p><span class=\"num\">119<\/span><\/p>\n<div class=\"casco\"><img decoding=\"async\" class=\"lazy\" src=\"https:\/\/actc.org.ar\/upload\/autos\/7813\/imgs_v3\/imgcasco\/facundo-ledesma.png\" data-original=\"\/upload\/autos\/7813\/imgs_v3\/imgcasco\/facundo-ledesma.png\" \/><\/div>\n<div class=\"name\">Ledesma, F<\/div>\n<div class=\"team clearfix\"><img decoding=\"async\" class=\"lazy\" src=\"https:\/\/actc.org.ar\/vistas\/v3\/images\/logos\/logo-chevrolet-xs.png\" data-original=\"\/vistas\/v3\/images\/logos\/logo-chevrolet-xs.png\" \/>Impiombato Motorsport<\/div>\n<div>XXXXXXXXXXXXXXXXXXXXXXXXXXXXXXXXXXXXXX<\/div>\n<\/div>\n<\/div>\n<\/li>\n<li class=\"col-lg-6 col-md-6 col-sm-6 col-xs-12 pull-right\">\n<div class=\"driver\">\n<div class=\"pos\">13<\/div>\n<div class=\"separator-grid\"><\/div>\n<div class=\"info clearfix\">\n<p><span class=\"num\">177<\/span><\/p>\n<div class=\"casco\"><img decoding=\"async\" class=\"lazy\" src=\"https:\/\/actc.org.ar\/upload\/autos\/6558\/imgs_v3\/imgcasco\/luca-demarco.png\" data-original=\"\/upload\/autos\/6558\/imgs_v3\/imgcasco\/luca-demarco.png\" \/><\/div>\n<div class=\"name\">Demarco, L<\/div>\n<div class=\"team clearfix\"><img decoding=\"async\" class=\"lazy\" src=\"https:\/\/actc.org.ar\/vistas\/v3\/images\/logos\/logo-dodge-xs.png\" data-original=\"\/vistas\/v3\/images\/logos\/logo-dodge-xs.png\" \/>Galarza Racing<\/div>\n<div>XXXXXXXXXXXXXXXXXXXXXXXXXXXXXXXXXXX<\/div>\n<\/div>\n<\/div>\n<\/li>\n<li class=\"col-lg-6 col-md-6 col-sm-6 col-xs-12 pull-right\">\n<div class=\"driver\">\n<div class=\"pos\">14<\/div>\n<div class=\"separator-grid\"><\/div>\n<div class=\"info clearfix\">\n<p><span class=\"num\">85<\/span><\/p>\n<div class=\"casco\"><\/div>\n<div class=\"name\">Dose, J<\/div>\n<div class=\"team clearfix\"><img decoding=\"async\" class=\"lazy\" src=\"https:\/\/actc.org.ar\/vistas\/v3\/images\/logos\/logo-chevrolet-xs.png\" data-original=\"\/vistas\/v3\/images\/logos\/logo-chevrolet-xs.png\" \/>DOSE COMPETICION<\/div>\n<div>XXXXXXXXXXXXXXXXXXXXXXXXXXXXXXXXXXXXXXXXXXXXXXXX<\/div>\n<\/div>\n<\/div>\n<\/li>\n<li class=\"col-lg-6 col-md-6 col-sm-6 col-xs-12 pull-right\">\n<div class=\"driver\">\n<div class=\"pos\">15<\/div>\n<div class=\"separator-grid\"><\/div>\n<div class=\"info clearfix\">\n<p><span class=\"num\">66<\/span><\/p>\n<div class=\"casco\"><img decoding=\"async\" class=\"lazy\" src=\"https:\/\/actc.org.ar\/upload\/autos\/8070\/imgs_v3\/imgcasco\/gustavo-tadei.png\" data-original=\"\/upload\/autos\/8070\/imgs_v3\/imgcasco\/gustavo-tadei.png\" \/><\/div>\n<div class=\"name\">Tadei, G<\/div>\n<div class=\"team clearfix\"><img decoding=\"async\" class=\"lazy\" src=\"https:\/\/actc.org.ar\/vistas\/v3\/images\/logos\/logo-chevrolet-xs.png\" data-original=\"\/vistas\/v3\/images\/logos\/logo-chevrolet-xs.png\" \/>GT Racing<\/div>\n<\/div>\n<\/div>\n<\/li>\n<\/ul>\n<div class=\"driver\"><\/div>\n<\/div>\n<\/div>\n<\/div>\n<\/div>\n<\/div>\n","protected":false},"excerpt":{"rendered":"<p>Foto portada: Lucas Carabajal con autoridad gan\u00f3 la segunda serie y largha en primera fila del TC Mouras La primera serie fue ganada por el piloto chaque\u00f1o Lucas Carabajal con el Ford del equipo Moriatis Competici\u00f3n, que sobresali\u00f3 a la hora de encarar el curv\u00f3n platense y sacar una importante ventaja sobre Francisco Luengo con &hellip;<\/p>\n","protected":false},"author":2,"featured_media":26135,"comment_status":"open","ping_status":"open","sticky":false,"template":"","format":"standard","meta":{"footnotes":""},"categories":[2],"tags":[],"class_list":["post-26134","post","type-post","status-publish","format-standard","has-post-thumbnail","hentry","category-automovilismo"],"_links":{"self":[{"href":"https:\/\/www.sportchaco.com.ar\/index.php?rest_route=\/wp\/v2\/posts\/26134","targetHints":{"allow":["GET"]}}],"collection":[{"href":"https:\/\/www.sportchaco.com.ar\/index.php?rest_route=\/wp\/v2\/posts"}],"about":[{"href":"https:\/\/www.sportchaco.com.ar\/index.php?rest_route=\/wp\/v2\/types\/post"}],"author":[{"embeddable":true,"href":"https:\/\/www.sportchaco.com.ar\/index.php?rest_route=\/wp\/v2\/users\/2"}],"replies":[{"embeddable":true,"href":"https:\/\/www.sportchaco.com.ar\/index.php?rest_route=%2Fwp%2Fv2%2Fcomments&post=26134"}],"version-history":[{"count":3,"href":"https:\/\/www.sportchaco.com.ar\/index.php?rest_route=\/wp\/v2\/posts\/26134\/revisions"}],"predecessor-version":[{"id":26142,"href":"https:\/\/www.sportchaco.com.ar\/index.php?rest_route=\/wp\/v2\/posts\/26134\/revisions\/26142"}],"wp:featuredmedia":[{"embeddable":true,"href":"https:\/\/www.sportchaco.com.ar\/index.php?rest_route=\/wp\/v2\/media\/26135"}],"wp:attachment":[{"href":"https:\/\/www.sportchaco.com.ar\/index.php?rest_route=%2Fwp%2Fv2%2Fmedia&parent=26134"}],"wp:term":[{"taxonomy":"category","embeddable":true,"href":"https:\/\/www.sportchaco.com.ar\/index.php?rest_route=%2Fwp%2Fv2%2Fcategories&post=26134"},{"taxonomy":"post_tag","embeddable":true,"href":"https:\/\/www.sportchaco.com.ar\/index.php?rest_route=%2Fwp%2Fv2%2Ftags&post=26134"}],"curies":[{"name":"wp","href":"https:\/\/api.w.org\/{rel}","templated":true}]}}