{"id":2615,"date":"2023-11-08T11:01:32","date_gmt":"2023-11-08T14:01:32","guid":{"rendered":"https:\/\/www.sportchaco.com.ar\/?p=2615"},"modified":"2023-11-08T11:01:32","modified_gmt":"2023-11-08T14:01:32","slug":"villa-queda-libre-s-se-va-a-europa","status":"publish","type":"post","link":"https:\/\/www.sportchaco.com.ar\/?p=2615","title":{"rendered":"Villa queda libre s se va a Europa"},"content":{"rendered":"<div class=\"\"><\/div>\n<div class=\"\">\n<h1 class=\"\"><\/h1>\n<p>El delantero colombiano acord\u00f3 su llegada al equipo de la Primera Divisi\u00f3n b\u00falgara y viajar\u00e1 el fin de semana para realizar los chequeos m\u00e9dicos y firmar el contrato.<\/p>\n<div>\n<div id=\"carouselExampleControls\" class=\"carousel slide\" data-ride=\"carousel\">\n<div class=\"carousel-inner\">\n<div class=\"carousel-item active\"><img decoding=\"async\" class=\"d-block w-100\" src=\"http:\/\/agenciafoco.com.ar\/media\/cache\/quality\/uploads\/noticias\/654ae3233ccc5796035200.jpeg\" \/><\/div>\n<\/div>\n<\/div>\n<p>&nbsp;<\/p>\n<p>&nbsp;<\/p>\n<\/div>\n<div class=\"sharethis-inline-share-buttons pb-3\"><\/div>\n<p>Luego de estar inactivo desde el 2 de junio de este a\u00f1o, fecha en la que jug\u00f3 su \u00faltimo partido oficial frente a Arsenal por la Liga Profesional, Sebasti\u00e1n Villa dejar\u00e1 libre Boca para convertirse en nuevo jugador de Beroe Stara Zagora de Bulgaria.<\/p>\n<p>Tras coquetear con la posibilidad de sumarse al equipo de WestCol y Arc\u00e1ngel en la Kings League Am\u00e9ricas, el delantero colombiano de 27 a\u00f1os finalmente seguir\u00e1 desempe\u00f1\u00e1ndose en el f\u00fatbol profesional y lo har\u00e1 en\u00a0la primera divisi\u00f3n b\u00falgara. Villa lleg\u00f3 a un acuerdo de palabra y el fin de semana viajar\u00e1 para realizar el chequeo m\u00e9dico y la firma del contrato por un a\u00f1o.<\/p>\n<p>De este modo, quien se form\u00f3 en Deportes Tolima de Colombia (club que le har\u00e1 un juicio a Boca por haber perdido su porcentaje del jugador) y se encuentra en medio de un litigio con el Xeneize\u00a0volver\u00e1 a jugar tras no hacer desde haber sido condenado a prisi\u00f3n condicional de dos a\u00f1os y un mes por \u00abamenazas coactivas, en concurso real, con lesiones leves calificadas\u00bb contra su expareja\u00a0Daniela Cort\u00e9s y en consecuencia apartado por el club de La Ribera.<\/p>\n<p>&nbsp;<\/p>\n<h3>Beroe Stara Zagora, el equipo de Bulgari<\/h3>\n<h6><\/h6>\n<p><strong><em>Fuente: TyC Sports<\/em><\/strong><\/p>\n<\/div>\n","protected":false},"excerpt":{"rendered":"<p>El delantero colombiano acord\u00f3 su llegada al equipo de la Primera Divisi\u00f3n b\u00falgara y viajar\u00e1 el fin de semana para realizar los chequeos m\u00e9dicos y firmar el contrato. &nbsp; &nbsp; Luego de estar inactivo desde el 2 de junio de este a\u00f1o, fecha en la que jug\u00f3 su \u00faltimo partido oficial frente a Arsenal por &hellip;<\/p>\n","protected":false},"author":2,"featured_media":2616,"comment_status":"open","ping_status":"open","sticky":false,"template":"","format":"standard","meta":{"footnotes":""},"categories":[6],"tags":[],"class_list":["post-2615","post","type-post","status-publish","format-standard","has-post-thumbnail","hentry","category-internacionales"],"_links":{"self":[{"href":"https:\/\/www.sportchaco.com.ar\/index.php?rest_route=\/wp\/v2\/posts\/2615","targetHints":{"allow":["GET"]}}],"collection":[{"href":"https:\/\/www.sportchaco.com.ar\/index.php?rest_route=\/wp\/v2\/posts"}],"about":[{"href":"https:\/\/www.sportchaco.com.ar\/index.php?rest_route=\/wp\/v2\/types\/post"}],"author":[{"embeddable":true,"href":"https:\/\/www.sportchaco.com.ar\/index.php?rest_route=\/wp\/v2\/users\/2"}],"replies":[{"embeddable":true,"href":"https:\/\/www.sportchaco.com.ar\/index.php?rest_route=%2Fwp%2Fv2%2Fcomments&post=2615"}],"version-history":[{"count":1,"href":"https:\/\/www.sportchaco.com.ar\/index.php?rest_route=\/wp\/v2\/posts\/2615\/revisions"}],"predecessor-version":[{"id":2617,"href":"https:\/\/www.sportchaco.com.ar\/index.php?rest_route=\/wp\/v2\/posts\/2615\/revisions\/2617"}],"wp:featuredmedia":[{"embeddable":true,"href":"https:\/\/www.sportchaco.com.ar\/index.php?rest_route=\/wp\/v2\/media\/2616"}],"wp:attachment":[{"href":"https:\/\/www.sportchaco.com.ar\/index.php?rest_route=%2Fwp%2Fv2%2Fmedia&parent=2615"}],"wp:term":[{"taxonomy":"category","embeddable":true,"href":"https:\/\/www.sportchaco.com.ar\/index.php?rest_route=%2Fwp%2Fv2%2Fcategories&post=2615"},{"taxonomy":"post_tag","embeddable":true,"href":"https:\/\/www.sportchaco.com.ar\/index.php?rest_route=%2Fwp%2Fv2%2Ftags&post=2615"}],"curies":[{"name":"wp","href":"https:\/\/api.w.org\/{rel}","templated":true}]}}