{"id":26151,"date":"2025-09-28T12:10:55","date_gmt":"2025-09-28T15:10:55","guid":{"rendered":"https:\/\/www.sportchaco.com.ar\/?p=26151"},"modified":"2025-09-28T12:15:06","modified_gmt":"2025-09-28T15:15:06","slug":"stefano-polini-gano-la-segunda-de-la-f-3-sudamericana","status":"publish","type":"post","link":"https:\/\/www.sportchaco.com.ar\/?p=26151","title":{"rendered":"Stefano Polini gan\u00f3 la segunda de la F-3 Sudamericana"},"content":{"rendered":"<section class=\"elementor-section elementor-top-section elementor-element elementor-element-14674717 elementor-section-boxed elementor-section-height-default elementor-section-height-default\" data-id=\"14674717\" data-element_type=\"section\">\n<div class=\"elementor-container elementor-column-gap-default\">\n<div class=\"elementor-column elementor-col-100 elementor-top-column elementor-element elementor-element-2a920d6a\" data-id=\"2a920d6a\" data-element_type=\"column\">\n<div class=\"elementor-widget-wrap elementor-element-populated\">\n<div class=\"elementor-element elementor-element-1366ac69 elementor-widget elementor-widget-theme-post-title elementor-page-title elementor-widget-heading\" data-id=\"1366ac69\" data-element_type=\"widget\" data-widget_type=\"theme-post-title.default\">\n<div class=\"elementor-widget-container\">\n<h1><\/h1>\n<h5>Foto portada: El auto de St\u00e9fano Polini que se impuso en La Plate en la F-3 Metropolitana.<\/h5>\n<h1><\/h1>\n<h6>28-09-2025<\/h6>\n<p>&nbsp;<\/p>\n<h5><\/h5>\n<h5 class=\"elementor-heading-title elementor-size-default\"><strong><span style=\"font-size: 16px;\">La promesa chaque\u00f1a del automovilismo St\u00e9fano Polini, se adjudic\u00f3 la segunda competencia que la Formula 3 Metropolitana disput\u00f3 en La Plata.<\/span><\/strong><\/h5>\n<\/div>\n<\/div>\n<\/div>\n<\/div>\n<\/div>\n<\/section>\n<section class=\"elementor-section elementor-top-section elementor-element elementor-element-30369061 elementor-section-boxed elementor-section-height-default elementor-section-height-default\" data-id=\"30369061\" data-element_type=\"section\">\n<div class=\"elementor-container elementor-column-gap-default\">\n<div class=\"elementor-column elementor-col-100 elementor-top-column elementor-element elementor-element-3dcf7fd0\" data-id=\"3dcf7fd0\" data-element_type=\"column\">\n<div class=\"elementor-widget-wrap elementor-element-populated\">\n<div class=\"elementor-element elementor-element-619d70d7 elementor-widget elementor-widget-theme-post-featured-image elementor-widget-image\" data-id=\"619d70d7\" data-element_type=\"widget\" data-widget_type=\"theme-post-featured-image.default\">\n<div class=\"elementor-widget-container\"><\/div>\n<\/div>\n<\/div>\n<\/div>\n<\/div>\n<\/section>\n<section class=\"elementor-section elementor-top-section elementor-element elementor-element-7077a9d5 elementor-section-boxed elementor-section-height-default elementor-section-height-default\" data-id=\"7077a9d5\" data-element_type=\"section\">\n<div class=\"elementor-container elementor-column-gap-default\">\n<div class=\"elementor-column elementor-col-100 elementor-top-column elementor-element elementor-element-a10bedf\" data-id=\"a10bedf\" data-element_type=\"column\">\n<div class=\"elementor-widget-wrap elementor-element-populated\">\n<div class=\"elementor-element elementor-element-3c812fea elementor-widget elementor-widget-theme-post-content\" data-id=\"3c812fea\" data-element_type=\"widget\" data-widget_type=\"theme-post-content.default\">\n<div class=\"elementor-widget-container\">\n<p>Stefano Polini\u00a0se qued\u00f3 con la\u00a0victoria\u00a0en la\u00a0segunda Final\u00a0que la categor\u00eda de monopostos llev\u00f3 adelante por la ma\u00f1ana del domingo en el aut\u00f3dromo\u00a0\u00abRoberto Mouras\u00bb\u00a0de La Plata.<\/p>\n<p>El oriundo de Chaco\u00a0larg\u00f3 la competencia desde la segunda colocaci\u00f3n\u00a0y, tras el relanzamiento luego de la neutralizaci\u00f3n por el\u00a0fuerte accidente de M\u00e1lek Fara,\u00a0super\u00f3 a Galeano para tomar el liderazgo.<\/p>\n<p>De esta forma,\u00a0Polini se impuso hasta las \u00faltimas vueltas\u00a0donde M\u00e1lek El Bacha,\u00a0\u00ab<em>poleman\u00bb del fin de semana<\/em>, intent\u00f3 superarlo. Finalmente, el piloto del\u00a0Satorra Competici\u00f3n\u00a0soport\u00f3 los embates y logr\u00f3 hacerse con la victoria.<\/p>\n<p>El Bacha y Thiago Falivene\u00a0completaron el\u00a0podio\u00a0en el trazado platense.\u00a0Galeano, Fulini, Chiriotti, Olaverr\u00eda, Sexe, Memmo y Traverso\u00a0completaron el\u00a0<em>\u00abTop 10\u00bb<\/em>.<\/p>\n<p><img decoding=\"async\" src=\"https:\/\/formula3metropolitana.ar\/wp-content\/uploads\/2025\/09\/IMG-20250927-WA0098.jpg\" \/><\/p>\n<p style=\"text-align: center;\"><strong>Polini al centro, gan\u00f3 la segunda carrera de la F-3 Metropolitana<\/strong><\/p>\n<section class=\"elementor-section elementor-top-section elementor-element elementor-element-cdfdee6 elementor-section-boxed elementor-section-height-default elementor-section-height-default\" data-id=\"cdfdee6\" data-element_type=\"section\">\n<div class=\"elementor-container elementor-column-gap-default\">\n<div class=\"elementor-column elementor-col-100 elementor-top-column elementor-element elementor-element-a599e12\" data-id=\"a599e12\" data-element_type=\"column\">\n<div class=\"elementor-widget-wrap elementor-element-populated\">\n<div class=\"elementor-element elementor-element-8d427dc elementor-widget elementor-widget-theme-post-title elementor-page-title elementor-widget-heading\" data-id=\"8d427dc\" data-element_type=\"widget\" data-widget_type=\"theme-post-title.default\">\n<div class=\"elementor-widget-container\">\n<h1 class=\"elementor-heading-title elementor-size-default\">Turismo Carretera 2000: Quevedo gan\u00f3 en Paran\u00e1 y Honda celebr\u00f3 su primer \u201c1-2-3\u201d<\/h1>\n<\/div>\n<\/div>\n<div class=\"elementor-element elementor-element-8e91e1a elementor-widget elementor-widget-theme-post-excerpt\" data-id=\"8e91e1a\" data-element_type=\"widget\" data-widget_type=\"theme-post-excerpt.default\">\n<div class=\"elementor-widget-container\">El bahiense del Coiro Competici\u00f3n logr\u00f3 su 2\u00aa victoria en la categor\u00eda luego de superar a Franco Riva (Chevrolet Cruze). Bernardo Llaver y Facundo Ardusso completaron el primer podio completo de la marca japonesa.<\/div>\n<\/div>\n<div class=\"elementor-element elementor-element-f852b45 elementor-widget__width-auto elementor-widget elementor-widget-post-info\" data-id=\"f852b45\" data-element_type=\"widget\" data-widget_type=\"post-info.default\">\n<div class=\"elementor-widget-container\">\n<ul class=\"elementor-inline-items elementor-icon-list-items elementor-post-info\">\n<li class=\"elementor-icon-list-item elementor-repeater-item-3ad0758 elementor-inline-item\"><a href=\"https:\/\/campeones.com.ar\/author\/ezequiel-ganem\/\"><span class=\"elementor-icon-list-text elementor-post-info__item elementor-post-info__item--type-author\">Ezequiel Ganem<\/span><\/a><\/li>\n<li class=\"elementor-icon-list-item elementor-repeater-item-c13e7f9 elementor-inline-item\"><a href=\"https:\/\/campeones.com.ar\/2025\/09\/28\/\"><span class=\"elementor-icon-list-text elementor-post-info__item elementor-post-info__item--type-date\"><time>septiembre 28, 2025<\/time><\/span><\/a><\/li>\n<\/ul>\n<\/div>\n<\/div>\n<\/div>\n<\/div>\n<\/div>\n<\/section>\n<section class=\"elementor-section elementor-top-section elementor-element elementor-element-eb71e8a elementor-section-boxed elementor-section-height-default elementor-section-height-default\" data-id=\"eb71e8a\" data-element_type=\"section\">\n<div class=\"elementor-container elementor-column-gap-default\">\n<div class=\"elementor-column elementor-col-100 elementor-top-column elementor-element elementor-element-5479730\" data-id=\"5479730\" data-element_type=\"column\">\n<div class=\"elementor-widget-wrap elementor-element-populated\">\n<div class=\"elementor-element elementor-element-c24f4f9 elementor-widget elementor-widget-theme-post-featured-image elementor-widget-image\" data-id=\"c24f4f9\" data-element_type=\"widget\" data-widget_type=\"theme-post-featured-image.default\">\n<div class=\"elementor-widget-container\"><img loading=\"lazy\" decoding=\"async\" class=\"attachment-full size-full wp-image-178209\" src=\"https:\/\/campeones.com.ar\/wp-content\/uploads\/2025\/09\/Quevedo-II-TurCar2000-2025.jpg\" sizes=\"auto, (max-width: 976px) 100vw, 976px\" srcset=\"https:\/\/campeones.com.ar\/wp-content\/uploads\/2025\/09\/Quevedo-II-TurCar2000-2025.jpg 976w, https:\/\/campeones.com.ar\/wp-content\/uploads\/2025\/09\/Quevedo-II-TurCar2000-2025-400x266.jpg 400w, https:\/\/campeones.com.ar\/wp-content\/uploads\/2025\/09\/Quevedo-II-TurCar2000-2025-720x479.jpg 720w, https:\/\/campeones.com.ar\/wp-content\/uploads\/2025\/09\/Quevedo-II-TurCar2000-2025-200x133.jpg 200w, https:\/\/campeones.com.ar\/wp-content\/uploads\/2025\/09\/Quevedo-II-TurCar2000-2025-768x511.jpg 768w, https:\/\/campeones.com.ar\/wp-content\/uploads\/2025\/09\/Quevedo-II-TurCar2000-2025-800x532.jpg 800w\" alt=\"\" width=\"976\" height=\"649\" \/><\/div>\n<\/div>\n<\/div>\n<\/div>\n<\/div>\n<\/section>\n<section class=\"elementor-section elementor-top-section elementor-element elementor-element-dc2b3af elementor-reverse-tablet elementor-reverse-mobile elementor-section-boxed elementor-section-height-default elementor-section-height-default\" data-id=\"dc2b3af\" data-element_type=\"section\">\n<div class=\"elementor-container elementor-column-gap-default\">\n<div class=\"elementor-column elementor-col-100 elementor-top-column elementor-element elementor-element-9e16f65\" data-id=\"9e16f65\" data-element_type=\"column\">\n<div class=\"elementor-widget-wrap elementor-element-populated\">\n<div class=\"elementor-element elementor-element-42a1ebd elementor-widget elementor-widget-theme-post-content\" data-id=\"42a1ebd\" data-element_type=\"widget\" data-widget_type=\"theme-post-content.default\">\n<div class=\"elementor-widget-container\">\n<p>&nbsp;<\/p>\n<p>&nbsp;<\/p>\n<p>El\u00a0Turismo Carretera 2000\u00a0disputar\u00e1 su 10\u00aa fecha en el aut\u00f3dromo de\u00a0<b>Toay<\/b>, provincia de La Pampa, del\u00a0<b>17 al 19 de octubre<\/b>, ocasi\u00f3n en la que compartir\u00e1 el escenario junto al Turismo Pista.<\/p>\n<h2><b>TURISMO CARRETERA 2000 \u2013 FINAL II \u2013 PARAN\u00c1 \u2013 19 VUELTAS<br \/>\n<img loading=\"lazy\" decoding=\"async\" class=\"alignnone size-full wp-image-178210\" src=\"https:\/\/campeones.com.ar\/wp-content\/uploads\/2025\/09\/FINAL-II-TurCar2000.png\" sizes=\"auto, (max-width: 976px) 100vw, 976px\" srcset=\"https:\/\/campeones.com.ar\/wp-content\/uploads\/2025\/09\/FINAL-II-TurCar2000.png 976w, https:\/\/campeones.com.ar\/wp-content\/uploads\/2025\/09\/FINAL-II-TurCar2000-400x244.png 400w, https:\/\/campeones.com.ar\/wp-content\/uploads\/2025\/09\/FINAL-II-TurCar2000-720x440.png 720w, https:\/\/campeones.com.ar\/wp-content\/uploads\/2025\/09\/FINAL-II-TurCar2000-200x122.png 200w, https:\/\/campeones.com.ar\/wp-content\/uploads\/2025\/09\/FINAL-II-TurCar2000-768x469.png 768w, https:\/\/campeones.com.ar\/wp-content\/uploads\/2025\/09\/FINAL-II-TurCar2000-800x489.png 800w\" alt=\"\" width=\"976\" height=\"596\" \/><br \/>\n<\/b><\/h2>\n<\/div>\n<\/div>\n<div class=\"elementor-element elementor-element-5773c82 elementor-widget-divider--view-line elementor-widget elementor-widget-divider\" data-id=\"5773c82\" data-element_type=\"widget\" data-widget_type=\"divider.default\">\n<div class=\"elementor-widget-container\">\n<div class=\"elementor-divider\"><\/div>\n<\/div>\n<\/div>\n<div class=\"elementor-element elementor-element-26534a8 elementor-author-box--layout-image-left elementor-author-box--align-left elementor-widget__width-inherit elementor-author-box--avatar-yes elementor-author-box--name-yes elementor-widget elementor-widget-author-box\" data-id=\"26534a8\" data-element_type=\"widget\" data-widget_type=\"author-box.default\">\n<div class=\"elementor-widget-container\">\n<div class=\"elementor-author-box\">\n<p><a class=\"elementor-author-box__avatar\" href=\"https:\/\/campeones.com.ar\/author\/ezequiel-ganem\/\"><img decoding=\"async\" src=\"https:\/\/campeones.com.ar\/wp-content\/uploads\/2023\/03\/cropped-ezequiel-300x300.png\" alt=\"Imagen de Ezequiel Ganem\" \/><\/a><\/p>\n<div class=\"elementor-author-box__text\">\n<h4 class=\"elementor-author-box__name\">Ezequiel Ganem<\/h4>\n<\/div>\n<\/div>\n<\/div>\n<\/div>\n<\/div>\n<\/div>\n<\/div>\n<\/section>\n<\/div>\n<\/div>\n<div class=\"elementor-element elementor-element-69bde774 elementor-widget-divider--view-line elementor-widget elementor-widget-divider\" data-id=\"69bde774\" data-element_type=\"widget\" data-widget_type=\"divider.default\">\n<div class=\"elementor-widget-container\">\n<div class=\"elementor-divider\"><\/div>\n<\/div>\n<\/div>\n<\/div>\n<\/div>\n<\/div>\n<\/section>\n","protected":false},"excerpt":{"rendered":"<p>Foto portada: El auto de St\u00e9fano Polini que se impuso en La Plate en la F-3 Metropolitana. 28-09-2025 &nbsp; La promesa chaque\u00f1a del automovilismo St\u00e9fano Polini, se adjudic\u00f3 la segunda competencia que la Formula 3 Metropolitana disput\u00f3 en La Plata. Stefano Polini\u00a0se qued\u00f3 con la\u00a0victoria\u00a0en la\u00a0segunda Final\u00a0que la categor\u00eda de monopostos llev\u00f3 adelante por la &hellip;<\/p>\n","protected":false},"author":2,"featured_media":26153,"comment_status":"open","ping_status":"open","sticky":false,"template":"","format":"standard","meta":{"footnotes":""},"categories":[2],"tags":[],"class_list":["post-26151","post","type-post","status-publish","format-standard","has-post-thumbnail","hentry","category-automovilismo"],"_links":{"self":[{"href":"https:\/\/www.sportchaco.com.ar\/index.php?rest_route=\/wp\/v2\/posts\/26151","targetHints":{"allow":["GET"]}}],"collection":[{"href":"https:\/\/www.sportchaco.com.ar\/index.php?rest_route=\/wp\/v2\/posts"}],"about":[{"href":"https:\/\/www.sportchaco.com.ar\/index.php?rest_route=\/wp\/v2\/types\/post"}],"author":[{"embeddable":true,"href":"https:\/\/www.sportchaco.com.ar\/index.php?rest_route=\/wp\/v2\/users\/2"}],"replies":[{"embeddable":true,"href":"https:\/\/www.sportchaco.com.ar\/index.php?rest_route=%2Fwp%2Fv2%2Fcomments&post=26151"}],"version-history":[{"count":4,"href":"https:\/\/www.sportchaco.com.ar\/index.php?rest_route=\/wp\/v2\/posts\/26151\/revisions"}],"predecessor-version":[{"id":26157,"href":"https:\/\/www.sportchaco.com.ar\/index.php?rest_route=\/wp\/v2\/posts\/26151\/revisions\/26157"}],"wp:featuredmedia":[{"embeddable":true,"href":"https:\/\/www.sportchaco.com.ar\/index.php?rest_route=\/wp\/v2\/media\/26153"}],"wp:attachment":[{"href":"https:\/\/www.sportchaco.com.ar\/index.php?rest_route=%2Fwp%2Fv2%2Fmedia&parent=26151"}],"wp:term":[{"taxonomy":"category","embeddable":true,"href":"https:\/\/www.sportchaco.com.ar\/index.php?rest_route=%2Fwp%2Fv2%2Fcategories&post=26151"},{"taxonomy":"post_tag","embeddable":true,"href":"https:\/\/www.sportchaco.com.ar\/index.php?rest_route=%2Fwp%2Fv2%2Ftags&post=26151"}],"curies":[{"name":"wp","href":"https:\/\/api.w.org\/{rel}","templated":true}]}}