{"id":26166,"date":"2025-09-28T22:57:33","date_gmt":"2025-09-29T01:57:33","guid":{"rendered":"https:\/\/www.sportchaco.com.ar\/?p=26166"},"modified":"2025-09-28T22:57:39","modified_gmt":"2025-09-29T01:57:39","slug":"pocholo-barreto-recordado-a-traves-del-mini","status":"publish","type":"post","link":"https:\/\/www.sportchaco.com.ar\/?p=26166","title":{"rendered":"Pocholo Barreto, un justo recordatorio y homenaje"},"content":{"rendered":"<h5 data-start=\"139\" data-end=\"172\">Con la organizaci\u00f3n del Regatas Resistencia se realiz\u00f3 una nueva edici\u00f3n del ya tradicional e hist\u00f3rico Encuentro de Minib\u00e1squet \u201cPocholo Barreto\u201d 2025, que cont\u00f3 con la participaci\u00f3n de una gran cantidad de clubes pertenecientes a toda la provincia.<\/h5>\n<div class=\"caja_foto_desarrollo_nota\"><\/div>\n<div class=\"intro\">\u00a0Tan correntino como resistenciano, se gan\u00f3 el respeto y cari\u00f1o de sus colegas a partir de su bonhom\u00eda, calidez humana y trabajo profesional desde la apertura misma del matutino Primera L\u00ednea, en donde\u00a0 era jefe de la Secci\u00f3n Deportes, y como jefe de prensa de su querido club de Regatas Corrientes<\/div>\n<h3 data-start=\"173\" data-end=\"221\">\u00bfQuien fue Pocholo Barreto?<\/h3>\n<p><img decoding=\"async\" src=\"https:\/\/scontent.fcnq2-1.fna.fbcdn.net\/v\/t1.6435-9\/98069504_2667780076785375_1089520382794268672_n.jpg?_nc_cat=102&amp;ccb=1-7&amp;_nc_sid=833d8c&amp;_nc_eui2=AeFMFd0dCA6XaZPSSGgjxaTSqcGZbQXWWOapwZltBdZY5kYOMW3wBuLE3_r13WoxrBM&amp;_nc_ohc=Khc7BHDSfG4Q7kNvwEF6C6y&amp;_nc_oc=AdkNDXPZyYaW5Zq3oShlUPQURhs-UKeHTn9W5ZOTgRIHFX_VgcC3w6Wc-YjGcq5NLiU&amp;_nc_zt=23&amp;_nc_ht=scontent.fcnq2-1.fna&amp;_nc_gid=UNV1B-Z5mkAY666UMCPBrA&amp;oh=00_AfYUwA-62SQm2jNB2SHzNL5eCHvYJZHXjEz7NmYym7TvlQ&amp;oe=6901043F\" alt=\"No hay ninguna descripci\u00f3n de la foto disponible.\" \/><\/p>\n<p data-start=\"223\" data-end=\"527\">La muerte lleg\u00f3 a los 54 a\u00f1os en su casa de forma abrupta, sorprendiendo a todos los que lo conoc\u00edamos. Pocholo, de familia de periodistas, era hijo del conocido relator Jos\u00e9 Antonio Barreto (el mismo nombre) y hermano del tambi\u00e9n periodista deportivo, Fernando \u201cPuma\u201d Barreto. Corrientes, para seguir con su pasi\u00f3n que era el periodismo deportivo, aunque nunca se deslig\u00f3 de su querida provincia, ya que al momento de su fallecimiento era el Jefe de Prensa de Regatas Corrientes.<\/p>\n<p data-start=\"223\" data-end=\"527\">Pero de este lado del r\u00edo, no solo pudo encontrar su desarrollo laboral sin\u00f3 que tambi\u00e9n el amor, formando pareja con Silvia Cabrera, mujer tambi\u00e9n en ese momento vinculada a los medios. As\u00ed llegaron tambi\u00e9n dos ni\u00f1os que eran su pasi\u00f3n, y as\u00ed se vinculo al mini del remero, aunque era amate de otros deportes como el rugby, en el que ten\u00eda una marca registrada.<\/p>\n<p data-start=\"223\" data-end=\"527\">Desde el 2002 se desempe\u00f1aba como jefe de la secci\u00f3n Deportes del diario Primera L\u00ednea. En 2015, el suplemento L\u00ednea Deportiva integrado por Barreto, Alejandro Maidana y Alan Radzanowicz fue reconocido con el premio Wandelow por el Sindicato de Prensa del Chaco.<\/p>\n<p data-start=\"223\" data-end=\"527\"><img decoding=\"async\" src=\"https:\/\/baskettotal.com.ar\/wp-content\/uploads\/2025\/09\/16.jpg\" \/><\/p>\n<p data-start=\"223\" data-end=\"527\"><strong>La esposa Silvia y los dos reto\u00f1os de Pocholo Barreto, junto al titular de Regatas Resistencia, Leandro Eschoyes<\/strong><\/p>\n<p data-start=\"223\" data-end=\"527\">El paso del tiempo no borra la huella de quienes hicieron de la comunicaci\u00f3n una forma de encuentro y de servicio. Entre los inovidables trabajadores de prensa escrita, radial y televisiva se encuentra la de <strong data-start=\"387\" data-end=\"408\">\u201cPocholo\u201d Barreto<\/strong>, pero que sigue vivo en la memoria de colegas, oyentes y amigos.<\/p>\n<p data-start=\"529\" data-end=\"914\">Hombre sencillo, de charla llana y mirada atenta, supo ganarse el respeto dentro y fuera de sus lugares de trabajo. Condujo programas de actualidad y deporte, siempre con un estilo formal y c\u00e1lido, que llegaba con su tarea diaria a cada hogar.<\/p>\n<p data-start=\"1222\" data-end=\"1522\">Amaba el deporte, en especial el b\u00e1squetbol y el rugby. Por esa senda empez\u00f3 a acompa\u00f1ar como \u00abmosquito\u00bb a su hijo al club Regatas y a la ni\u00f1a en otros deportes.<\/p>\n<p data-start=\"1524\" data-end=\"1697\">Su partida temprana -el 18 de mayo del 2020- dej\u00f3 un vac\u00edo en el periodismo de la regi\u00f3n, pero tambi\u00e9n un legado: el ejemplo de la <strong data-start=\"1630\" data-end=\"1694\">honestidad profesional, la cercan\u00eda y la pasi\u00f3n comunicativa<\/strong>.<\/p>\n<p data-start=\"1524\" data-end=\"1697\"><img loading=\"lazy\" decoding=\"async\" class=\"alignnone wp-image-26132\" src=\"https:\/\/www.sportchaco.com.ar\/wp-content\/uploads\/2025\/09\/Luis-dario-carita-300x237.jpeg\" alt=\"\" width=\"54\" height=\"43\" srcset=\"https:\/\/www.sportchaco.com.ar\/wp-content\/uploads\/2025\/09\/Luis-dario-carita-300x237.jpeg 300w, https:\/\/www.sportchaco.com.ar\/wp-content\/uploads\/2025\/09\/Luis-dario-carita-768x606.jpeg 768w, https:\/\/www.sportchaco.com.ar\/wp-content\/uploads\/2025\/09\/Luis-dario-carita.jpeg 809w\" sizes=\"auto, (max-width: 54px) 100vw, 54px\" \/> <strong>Por LUIS DARIO MOLODEZKY<\/strong><\/p>\n<p data-start=\"1699\" data-end=\"1979\">\n","protected":false},"excerpt":{"rendered":"<p>Con la organizaci\u00f3n del Regatas Resistencia se realiz\u00f3 una nueva edici\u00f3n del ya tradicional e hist\u00f3rico Encuentro de Minib\u00e1squet \u201cPocholo Barreto\u201d 2025, que cont\u00f3 con la participaci\u00f3n de una gran cantidad de clubes pertenecientes a toda la provincia. \u00a0Tan correntino como resistenciano, se gan\u00f3 el respeto y cari\u00f1o de sus colegas a partir de su &hellip;<\/p>\n","protected":false},"author":2,"featured_media":26168,"comment_status":"open","ping_status":"open","sticky":false,"template":"","format":"standard","meta":{"footnotes":""},"categories":[8],"tags":[],"class_list":["post-26166","post","type-post","status-publish","format-standard","has-post-thumbnail","hentry","category-sport-nea"],"_links":{"self":[{"href":"https:\/\/www.sportchaco.com.ar\/index.php?rest_route=\/wp\/v2\/posts\/26166","targetHints":{"allow":["GET"]}}],"collection":[{"href":"https:\/\/www.sportchaco.com.ar\/index.php?rest_route=\/wp\/v2\/posts"}],"about":[{"href":"https:\/\/www.sportchaco.com.ar\/index.php?rest_route=\/wp\/v2\/types\/post"}],"author":[{"embeddable":true,"href":"https:\/\/www.sportchaco.com.ar\/index.php?rest_route=\/wp\/v2\/users\/2"}],"replies":[{"embeddable":true,"href":"https:\/\/www.sportchaco.com.ar\/index.php?rest_route=%2Fwp%2Fv2%2Fcomments&post=26166"}],"version-history":[{"count":6,"href":"https:\/\/www.sportchaco.com.ar\/index.php?rest_route=\/wp\/v2\/posts\/26166\/revisions"}],"predecessor-version":[{"id":26198,"href":"https:\/\/www.sportchaco.com.ar\/index.php?rest_route=\/wp\/v2\/posts\/26166\/revisions\/26198"}],"wp:featuredmedia":[{"embeddable":true,"href":"https:\/\/www.sportchaco.com.ar\/index.php?rest_route=\/wp\/v2\/media\/26168"}],"wp:attachment":[{"href":"https:\/\/www.sportchaco.com.ar\/index.php?rest_route=%2Fwp%2Fv2%2Fmedia&parent=26166"}],"wp:term":[{"taxonomy":"category","embeddable":true,"href":"https:\/\/www.sportchaco.com.ar\/index.php?rest_route=%2Fwp%2Fv2%2Fcategories&post=26166"},{"taxonomy":"post_tag","embeddable":true,"href":"https:\/\/www.sportchaco.com.ar\/index.php?rest_route=%2Fwp%2Fv2%2Ftags&post=26166"}],"curies":[{"name":"wp","href":"https:\/\/api.w.org\/{rel}","templated":true}]}}