{"id":26177,"date":"2025-09-28T19:04:42","date_gmt":"2025-09-28T22:04:42","guid":{"rendered":"https:\/\/www.sportchaco.com.ar\/?p=26177"},"modified":"2025-09-28T19:04:42","modified_gmt":"2025-09-28T22:04:42","slug":"un-triunfo-mas-para-itati-y-van","status":"publish","type":"post","link":"https:\/\/www.sportchaco.com.ar\/?p=26177","title":{"rendered":"Un triunfo m\u00e1s para Itat\u00ed y van&#8230;"},"content":{"rendered":"<p><strong>28-09-2025<\/strong><\/p>\n<p><img loading=\"lazy\" decoding=\"async\" class=\"aligncenter size-large wp-image-19472\" src=\"https:\/\/www.sportchaco.com.ar\/wp-content\/uploads\/2025\/05\/Red-de-empeleos-1200x200-1-1024x171.gif\" sizes=\"auto, (max-width: 1024px) 100vw, 1024px\" srcset=\"https:\/\/www.sportchaco.com.ar\/wp-content\/uploads\/2025\/05\/Red-de-empeleos-1200x200-1-1024x171.gif 1024w, https:\/\/www.sportchaco.com.ar\/wp-content\/uploads\/2025\/05\/Red-de-empeleos-1200x200-1-300x50.gif 300w, https:\/\/www.sportchaco.com.ar\/wp-content\/uploads\/2025\/05\/Red-de-empeleos-1200x200-1-768x128.gif 768w, https:\/\/www.sportchaco.com.ar\/wp-content\/uploads\/2025\/05\/Red-de-empeleos-1200x200-1-1536x256.gif 1536w, https:\/\/www.sportchaco.com.ar\/wp-content\/uploads\/2025\/05\/Red-de-empeleos-1200x200-1-2048x341.gif 2048w\" alt=\"\" width=\"1024\" height=\"171\" \/><\/p>\n<p>Luego de las lluvias del fin de semana, este domingo se jug\u00f3 un solo partido por el torneo Clausura de la Liga Chaque\u00f1a de f\u00fatbol.<\/p>\n<p>Por la 3\u00aa fecha de la zona \u00abB\u00bb, Deportivo Itat\u00ed le gan\u00f3 de manera ag\u00f3nica a Villa Alvear en el \u00abEleuterio &#8216;coco&#8217; Luca\u00bb por 1 a 0. El gol, a minutos del final lo consigui\u00f3 Ever Ram\u00edrez.<\/p>\n<p>Itat\u00ed lleva tres triunfos en la misma cantidad de partidos disputados y junto a Defensores de Vilelas, ambos con los partidos al d\u00eda, son punteros de su grupo.<\/p>\n<p>Los seis encuentros suspendidos del fin de semana se estar\u00e1n jugando este lunes por la tarde.<\/p>\n<p><strong>TODA LA 3\u00aa FECHA<\/strong><br \/>\n<strong>ZONA \u00abA\u00bb<br \/>\n<\/strong><b>Viernes 26-09<\/b><br \/>\nJuventud de Tirol 4 \u2013 Sarmiento 1<br \/>\nCentral Ben\u00edtez 3 \u2013 Policiales 0<\/p>\n<p><b>Lunes 29-09<\/b><br \/>\nA las 16, San Mart\u00edn (MB) \u2013 Bancarios<br \/>\nA las 16:30, Estudiantes \u2013 Rcia, Central<br \/>\nA las 18, Indep. Tirol \u2013 Municipal (MB)<\/p>\n<p><strong>Libre:<\/strong>\u00a0Dep. Luj\u00e1n<\/p>\n<p><strong>ZONA \u00abB\u00bb<br \/>\n<\/strong><b>Viernes 26-09<\/b><br \/>\nDefensores 3 \u2013 CUNE 1<\/p>\n<p><b>Domingo 28-09<\/b><br \/>\nVilla Alvear 0 \u2013 Dep. Itat\u00ed 1<\/p>\n<p><b>Lunes 29-09<\/b><br \/>\nA las 16, El Nacional \u2013 Tiro FC, en Bancarios<br \/>\nA las 16, Regional \u2013 Don Orione<br \/>\nA las 17, Central Norte \u2013 For Ever<\/p>\n<p><strong>Libre:<\/strong>\u00a0Fontana<\/p>\n<p><strong>POSICIONES<\/strong><br \/>\n<strong>ZONA \u00abA\u00bb<\/strong><br \/>\nJuventud 7<br \/>\nCentral Ben\u00edtez 6<br \/>\nRcia. Central 6<br \/>\nDep. Luj\u00e1n 4<br \/>\nMunicipal (MB) 3<br \/>\nBancarios 2<br \/>\nEstudiantes 1<br \/>\nIndep. Tirol 1<br \/>\nSarmiento 1<br \/>\nPoliciales 1<br \/>\nSan Mart\u00edn (MB) 0<\/p>\n<p><strong>ZONA \u00abB\u00bb<\/strong><br \/>\nDefensores 9<br \/>\nDep. Itat\u00ed 9<br \/>\nDon Orione 6<br \/>\nFontana 4<br \/>\nCentral Norte 3<br \/>\nFor Ever 3<br \/>\nRegional 1<br \/>\nCUNE 0<br \/>\nEl Nacional 0<br \/>\nTiro FC 0<br \/>\nVilla Alvear 0<\/p>\n<p><em><strong>Foto: Gentileza F\u00fatbol Criollo<\/strong><\/em><\/p>\n<p><img loading=\"lazy\" decoding=\"async\" class=\"aligncenter size-large wp-image-17160\" src=\"https:\/\/www.sportchaco.com.ar\/wp-content\/uploads\/2025\/03\/gob-makalle-821x1024.jpg\" sizes=\"auto, (max-width: 821px) 100vw, 821px\" srcset=\"https:\/\/www.sportchaco.com.ar\/wp-content\/uploads\/2025\/03\/gob-makalle-821x1024.jpg 821w, https:\/\/www.sportchaco.com.ar\/wp-content\/uploads\/2025\/03\/gob-makalle-240x300.jpg 240w, https:\/\/www.sportchaco.com.ar\/wp-content\/uploads\/2025\/03\/gob-makalle-768x958.jpg 768w, https:\/\/www.sportchaco.com.ar\/wp-content\/uploads\/2025\/03\/gob-makalle-1231x1536.jpg 1231w, https:\/\/www.sportchaco.com.ar\/wp-content\/uploads\/2025\/03\/gob-makalle.jpg 1440w\" alt=\"\" width=\"821\" height=\"1024\" \/><\/p>\n","protected":false},"excerpt":{"rendered":"<p>28-09-2025 Luego de las lluvias del fin de semana, este domingo se jug\u00f3 un solo partido por el torneo Clausura de la Liga Chaque\u00f1a de f\u00fatbol. Por la 3\u00aa fecha de la zona \u00abB\u00bb, Deportivo Itat\u00ed le gan\u00f3 de manera ag\u00f3nica a Villa Alvear en el \u00abEleuterio &#8216;coco&#8217; Luca\u00bb por 1 a 0. El gol, &hellip;<\/p>\n","protected":false},"author":3,"featured_media":26178,"comment_status":"open","ping_status":"open","sticky":false,"template":"","format":"standard","meta":{"footnotes":""},"categories":[5],"tags":[],"class_list":["post-26177","post","type-post","status-publish","format-standard","has-post-thumbnail","hentry","category-futbol"],"_links":{"self":[{"href":"https:\/\/www.sportchaco.com.ar\/index.php?rest_route=\/wp\/v2\/posts\/26177","targetHints":{"allow":["GET"]}}],"collection":[{"href":"https:\/\/www.sportchaco.com.ar\/index.php?rest_route=\/wp\/v2\/posts"}],"about":[{"href":"https:\/\/www.sportchaco.com.ar\/index.php?rest_route=\/wp\/v2\/types\/post"}],"author":[{"embeddable":true,"href":"https:\/\/www.sportchaco.com.ar\/index.php?rest_route=\/wp\/v2\/users\/3"}],"replies":[{"embeddable":true,"href":"https:\/\/www.sportchaco.com.ar\/index.php?rest_route=%2Fwp%2Fv2%2Fcomments&post=26177"}],"version-history":[{"count":1,"href":"https:\/\/www.sportchaco.com.ar\/index.php?rest_route=\/wp\/v2\/posts\/26177\/revisions"}],"predecessor-version":[{"id":26179,"href":"https:\/\/www.sportchaco.com.ar\/index.php?rest_route=\/wp\/v2\/posts\/26177\/revisions\/26179"}],"wp:featuredmedia":[{"embeddable":true,"href":"https:\/\/www.sportchaco.com.ar\/index.php?rest_route=\/wp\/v2\/media\/26178"}],"wp:attachment":[{"href":"https:\/\/www.sportchaco.com.ar\/index.php?rest_route=%2Fwp%2Fv2%2Fmedia&parent=26177"}],"wp:term":[{"taxonomy":"category","embeddable":true,"href":"https:\/\/www.sportchaco.com.ar\/index.php?rest_route=%2Fwp%2Fv2%2Fcategories&post=26177"},{"taxonomy":"post_tag","embeddable":true,"href":"https:\/\/www.sportchaco.com.ar\/index.php?rest_route=%2Fwp%2Fv2%2Ftags&post=26177"}],"curies":[{"name":"wp","href":"https:\/\/api.w.org\/{rel}","templated":true}]}}