{"id":26181,"date":"2025-09-28T22:52:41","date_gmt":"2025-09-29T01:52:41","guid":{"rendered":"https:\/\/www.sportchaco.com.ar\/?p=26181"},"modified":"2025-09-28T22:56:33","modified_gmt":"2025-09-29T01:56:33","slug":"efemerides-del-29-de-septiembre-2","status":"publish","type":"post","link":"https:\/\/www.sportchaco.com.ar\/?p=26181","title":{"rendered":"Efem\u00e9rides del 29 de septiembre"},"content":{"rendered":"<div class=\"container fullwidth-entry-title-wrapper\">\n<div class=\"container-wrapper fullwidth-entry-title\">\n<header class=\"entry-header-outer\">\n<div class=\"entry-header\">\n<h1 class=\"post-title entry-title\"><\/h1>\n<h4 class=\"single-post-meta post-meta clearfix\"><strong>Foto portada de Julio Alegre (Kid Belleza)<\/strong><\/h4>\n<\/div>\n<\/header>\n<\/div>\n<\/div>\n<div id=\"content\" class=\"site-content container\">\n<div id=\"main-content-row\" class=\"tie-row main-content-row\">\n<div class=\"main-content tie-col-md-8 tie-col-xs-12\" role=\"main\">\n<article id=\"the-post\" class=\"container-wrapper post-content tie-standard\">\n<div class=\"featured-area\">\n<div class=\"featured-area-inner\"><\/div>\n<\/div>\n<div class=\"entry-content entry clearfix\">\n<h5><strong>Esta es la Efem\u00e9rides del Deporte en el Chaco de un 29 de septiembre del periodista Luis Dar\u00edo Molodezky.<\/strong><\/h5>\n<p><img loading=\"lazy\" decoding=\"async\" class=\"alignnone size-medium wp-image-26132 aligncenter\" src=\"https:\/\/www.sportchaco.com.ar\/wp-content\/uploads\/2025\/09\/Luis-dario-carita-300x237.jpeg\" alt=\"\" width=\"300\" height=\"237\" srcset=\"https:\/\/www.sportchaco.com.ar\/wp-content\/uploads\/2025\/09\/Luis-dario-carita-300x237.jpeg 300w, https:\/\/www.sportchaco.com.ar\/wp-content\/uploads\/2025\/09\/Luis-dario-carita-768x606.jpeg 768w, https:\/\/www.sportchaco.com.ar\/wp-content\/uploads\/2025\/09\/Luis-dario-carita.jpeg 809w\" sizes=\"auto, (max-width: 300px) 100vw, 300px\" \/><\/p>\n<p>&nbsp;<\/p>\n<p><strong>1936\u00a0<\/strong>\/ Haza\u00f1a de los j\u00f3venes Emilio Sobol y Juan Candia (h), que completan un raid entre S\u00e1enz Pe\u00f1a y Capital Federal en bicicleta, sobre caminos de tierra. El inicio fue el 9 del mismo mes.<\/p>\n<p><strong>1947<\/strong>\u00a0\/ Naci\u00f3 Pedro Martin Vera, quien abraz\u00f3 el periodismo desde muy joven. Se inici\u00f3 en Diario Norte en la d\u00e9cada del \u201970, permaneciendo hasta los \u201990. Tambi\u00e9n trabaj\u00f3 en las p\u00e1ginas deportivas de La Voz del Chaco.\u00a0 Desarroll\u00f3 esa actividad en radio y fue empleado municipal, donde lleg\u00f3 a ocupar la Direcci\u00f3n de Tr\u00e1nsito. Fue presidente del C\u00edrculo de Periodistas Deportivos del Chaco.\u00a0 Otra faceta fue su especial sensibilidad por lo cultural, gan\u00e1ndose un lugar en el Coro Santa Cecilia y una ardua participaci\u00f3n en la comunidad de la Parroquia Asunci\u00f3n. Falleci\u00f3 el 26 de diciembre de 2014.<\/p>\n<p><strong>1951\u00a0<\/strong>\/ Nace en Presidencia Roque S\u00e1enz Pe\u00f1a el boxeador profesional Julio Alegre \u201cKid Belleza\u201d. Debut\u00f3 como profesional el 27 de octubre de 1973. Realiz\u00f3 en toda su carrera 53 peleas de las que gan\u00f3 26. En la actualidad se encuentra retirado. El agosto de 2018 fue homenajeado como una de las \u201cglorias del deporte\u201d de su ciudad natal, entre otras 80 de distintos deportes.<\/p>\n<p><strong>1998\u00a0<\/strong>\/ Fallece en La Plata a los 54 a\u00f1os, Hugo Ra\u00fal Carballo\u00a0 quien se destac\u00f3 en el arco de Gimnasia La Plata R\u00edver Plate, y Universidad de Chile, donde tambi\u00e9n fue t\u00e9cnico y manager. Naci\u00f3 el 23 de abril de 1944 en Resistencia y realiz\u00f3 de inferiores a primera en Regional de Villa Libertad. A los 18 visti\u00f3 por primera vez la casaca de la Selecci\u00f3n Chaque\u00f1a de F\u00fatbol. A los 20 a\u00f1os fue convocado como refuerzo por Sarmiento, para disputar un amistoso con el Santos de Pel\u00e9, partido en el que le ataj\u00f3 un penal a Pepe y en el que el famoso equipo no pudo triunfar, empatando 1 a 1. Cumpli\u00f3 el servicio militar en La Plata y con un permiso especial actu\u00f3 en Gimnasia, donde se destac\u00f3 y fue adquirido por 1.300.000 pesos. Pas\u00f3 a River Plate alternando con Amadeo Carrizo, Hugo Gatti y Perico P\u00e9rez. Tras un a\u00f1o en Atlanta, fue adquirido por Universidad de Chile, donde fue titular por una d\u00e9cada. Preso de un c\u00e1ncer en 1994 falleci\u00f3 cuatro a\u00f1os despu\u00e9s.<\/p>\n<p><img loading=\"lazy\" decoding=\"async\" class=\"alignnone size-full wp-image-26183 aligncenter\" src=\"https:\/\/www.sportchaco.com.ar\/wp-content\/uploads\/2025\/09\/Hugo-Carballo-1-1.jpg\" alt=\"\" width=\"194\" height=\"259\" \/><\/p>\n<p><strong>1999 \/<\/strong> Por decreto de 299 del\u00a0 se otorga la personer\u00eda Jur\u00eddica para el funcionamiento de la Asociaci\u00f3n Cicl\u00edstica Leo Parzianello<\/p>\n<\/div>\n<div class=\"ng-tns-c2445235722-104\">\n<section id=\"processing-state-5\" class=\"processing-state_container ng-tns-c2445235722-104 is-gpi-avatar ng-trigger ng-trigger-processingStateShowHide ng-star-inserted is-done-processing\">\n<div id=\"processing-state-5-summary\" class=\"processing-state_details ng-trigger ng-trigger-menuExpansion ng-tns-c2445235722-104 is-gpi-avatar ng-star-inserted\" aria-hidden=\"true\">\n<div class=\"tool-summary ng-tns-c2445235722-104\">\n<div class=\"tool-summary-message ng-tns-c2445235722-104 gds-body-l ng-star-inserted\"><\/div>\n<\/div>\n<\/div>\n<\/section>\n<\/div>\n<div class=\"response-content ng-tns-c981421412-103\">\n<div id=\"model-response-message-contentr_573d5b9c525c840d\" class=\"markdown markdown-main-panel enable-updated-hr-color\" dir=\"ltr\">\n<p>&nbsp;<\/p>\n<p>&nbsp;<\/p>\n<h3>ARGENTINA<\/h3>\n<p>&nbsp;<\/p>\n<ul>\n<li><b>1996 | El \u00abNucazo\u00bb de Guerra:<\/b> Boca Juniors le gana a River Plate 3 a 2 en La Bombonera por el Torneo Apertura. El partido se defini\u00f3 sobre el final con un recordado y ag\u00f3nico gol de <b>Hugo Romeo Guerra<\/b> con la nuca, que le dio la victoria al equipo Xeneize y pas\u00f3 a la historia de los Supercl\u00e1sicos.<\/li>\n<li><b>2013 | R\u00e9cord de Riquelme en La Bombonera:<\/b> <b>Juan Rom\u00e1n Riquelme<\/b> alcanza la marca de Silvio Marzolini como el jugador con m\u00e1s partidos disputados con la camiseta de Boca en el m\u00edtico estadio (194 encuentros). Riquelme luego superar\u00eda el registro. Fue en el partido en que Boca derrot\u00f3 2-0 a Quilmes.<\/li>\n<li><b>1985 | Debut de Fernando Redondo:<\/b> Con solo 16 a\u00f1os, debuta en la Primera Divisi\u00f3n del f\u00fatbol argentino uno de los mejores volantes centrales de la historia del pa\u00eds, <b>Fernando Redondo<\/b>, vistiendo la camiseta de Argentinos Juniors en un empate 1-1 ante Gimnasia y Esgrima La Plata.<\/li>\n<li><b>1962 | Nace N\u00e9stor Clausen:<\/b> Nace en Arruf\u00f3, Santa Fe, el exfutbolista argentino. Fue un destacado marcador de punta derecho en Independiente y form\u00f3 parte del plantel de la <b>Selecci\u00f3n Argentina campeona del Mundial de M\u00e9xico 1986<\/b>.<\/li>\n<li><b>1998 | Retiro de Javier Castrilli:<\/b> Se oficializa el retiro del pol\u00e9mico \u00e1rbitro argentino, conocido como <b>\u00abEl Sheriff\u00bb<\/b>, quien dirigi\u00f3 233 partidos en Primera Divisi\u00f3n y era temido por su rigurosidad.<\/li>\n<\/ul>\n<hr \/>\n<p>&nbsp;<\/p>\n<h3>En el Deporte Mundial<\/h3>\n<p>&nbsp;<\/p>\n<ul>\n<li><b>1976 | Nace Andriy Shevchenko:<\/b> Nace en Dvirkivschyna (Ucrania) el exfutbolista, considerado uno de los mejores delanteros de su \u00e9poca. Fue figura y leyenda del AC Milan y gan\u00f3 el <b>Bal\u00f3n de Oro en 2004<\/b>.<\/li>\n<li><b>1988 | Nace Kevin Durant:<\/b> Nace en Washington D.C. (EE. UU.) el basquetbolista, una de las grandes estrellas de la NBA, campe\u00f3n con los Golden State Warriors y m\u00faltiple medallista de oro ol\u00edmpico con la selecci\u00f3n de EE. UU.<\/li>\n<li><b>1956 | Nace Sebastian Coe:<\/b> Nace en Londres (Reino Unido) el exatleta, especialista en media distancia y doble campe\u00f3n ol\u00edmpico en la prueba de <b>1.500 metros<\/b> (Mosc\u00fa 1980 y Los \u00c1ngeles 1984). Tambi\u00e9n fue presidente del Comit\u00e9 Organizador de los Juegos Ol\u00edmpicos de Londres 2012 y de la World Athletics.<\/li>\n<li><b>1985 | Nace Dani Pedrosa:<\/b> Nace en Sabadell (Espa\u00f1a) el piloto de motociclismo, tres veces <b>Campe\u00f3n del Mundo<\/b> en distintas categor\u00edas (125cc en 2003 y 250cc en 2004 y 2005).<\/li>\n<\/ul>\n<\/div>\n<\/div>\n<\/article>\n<\/div>\n<\/div>\n<\/div>\n","protected":false},"excerpt":{"rendered":"<p>Foto portada de Julio Alegre (Kid Belleza) Esta es la Efem\u00e9rides del Deporte en el Chaco de un 29 de septiembre del periodista Luis Dar\u00edo Molodezky. &nbsp; 1936\u00a0\/ Haza\u00f1a de los j\u00f3venes Emilio Sobol y Juan Candia (h), que completan un raid entre S\u00e1enz Pe\u00f1a y Capital Federal en bicicleta, sobre caminos de tierra. El &hellip;<\/p>\n","protected":false},"author":2,"featured_media":26182,"comment_status":"open","ping_status":"open","sticky":false,"template":"","format":"standard","meta":{"footnotes":""},"categories":[45,39],"tags":[],"class_list":["post-26181","post","type-post","status-publish","format-standard","has-post-thumbnail","hentry","category-efemerides-dia-por-dia","category-septiembre"],"_links":{"self":[{"href":"https:\/\/www.sportchaco.com.ar\/index.php?rest_route=\/wp\/v2\/posts\/26181","targetHints":{"allow":["GET"]}}],"collection":[{"href":"https:\/\/www.sportchaco.com.ar\/index.php?rest_route=\/wp\/v2\/posts"}],"about":[{"href":"https:\/\/www.sportchaco.com.ar\/index.php?rest_route=\/wp\/v2\/types\/post"}],"author":[{"embeddable":true,"href":"https:\/\/www.sportchaco.com.ar\/index.php?rest_route=\/wp\/v2\/users\/2"}],"replies":[{"embeddable":true,"href":"https:\/\/www.sportchaco.com.ar\/index.php?rest_route=%2Fwp%2Fv2%2Fcomments&post=26181"}],"version-history":[{"count":4,"href":"https:\/\/www.sportchaco.com.ar\/index.php?rest_route=\/wp\/v2\/posts\/26181\/revisions"}],"predecessor-version":[{"id":26197,"href":"https:\/\/www.sportchaco.com.ar\/index.php?rest_route=\/wp\/v2\/posts\/26181\/revisions\/26197"}],"wp:featuredmedia":[{"embeddable":true,"href":"https:\/\/www.sportchaco.com.ar\/index.php?rest_route=\/wp\/v2\/media\/26182"}],"wp:attachment":[{"href":"https:\/\/www.sportchaco.com.ar\/index.php?rest_route=%2Fwp%2Fv2%2Fmedia&parent=26181"}],"wp:term":[{"taxonomy":"category","embeddable":true,"href":"https:\/\/www.sportchaco.com.ar\/index.php?rest_route=%2Fwp%2Fv2%2Fcategories&post=26181"},{"taxonomy":"post_tag","embeddable":true,"href":"https:\/\/www.sportchaco.com.ar\/index.php?rest_route=%2Fwp%2Fv2%2Ftags&post=26181"}],"curies":[{"name":"wp","href":"https:\/\/api.w.org\/{rel}","templated":true}]}}