{"id":26204,"date":"2025-09-29T22:40:33","date_gmt":"2025-09-30T01:40:33","guid":{"rendered":"https:\/\/www.sportchaco.com.ar\/?p=26204"},"modified":"2025-09-29T22:45:43","modified_gmt":"2025-09-30T01:45:43","slug":"independiente-tirol-en-medio-de-cachapes-quebrachos-y-sapucays-nacia-el-club","status":"publish","type":"post","link":"https:\/\/www.sportchaco.com.ar\/?p=26204","title":{"rendered":"Independiente Tirol en medio de cachap\u00e9s, quebrachos y sapucays, nac\u00eda el club"},"content":{"rendered":"<p>40<\/p>\n<h2 style=\"text-align: center;\">\u00abY ver\u00e1s que no te olvido, mi Independiente Tirol\u00bb<\/h2>\n<p>&nbsp;<\/p>\n<hr \/>\n<p>&nbsp;<\/p>\n<h2>La Historia de Independiente Tirol (30 de Septiembre de 1928)<\/h2>\n<p><img loading=\"lazy\" decoding=\"async\" class=\"alignnone size-medium wp-image-26226 aligncenter\" src=\"https:\/\/www.sportchaco.com.ar\/wp-content\/uploads\/2025\/09\/Tirol-6-estrellas-300x193.webp\" alt=\"\" width=\"300\" height=\"193\" srcset=\"https:\/\/www.sportchaco.com.ar\/wp-content\/uploads\/2025\/09\/Tirol-6-estrellas-300x193.webp 300w, https:\/\/www.sportchaco.com.ar\/wp-content\/uploads\/2025\/09\/Tirol-6-estrellas-768x493.webp 768w, https:\/\/www.sportchaco.com.ar\/wp-content\/uploads\/2025\/09\/Tirol-6-estrellas.webp 790w\" sizes=\"auto, (max-width: 300px) 100vw, 300px\" \/><\/p>\n<p>&nbsp;<\/p>\n<h5>Cuando la f\u00e1brica de tanino se rodeaba de casas con <b>estilo ingl\u00e9s<\/b> y don <b>Heraclio P\u00e9rez<\/b> imaginaba un \u201crinc\u00f3n florido\u201d que m\u00e1s adelante <b>inmortalizar\u00eda<\/b> a su pueblo, el silbato convocaba a los obreros al trabajo o al descanso diario. Pero otro silbato, tambi\u00e9n de origen brit\u00e1nico \u2014aunque m\u00e1s generoso que la pirater\u00eda de los europeos\u2014, le daba orden a un hombre para que, con los pies, hiciera rodar una pelota de cuero. Comenzaba el f\u00fatbol: ese se\u00f1or le pasaba el bal\u00f3n a otro, este a otro, y muchos fuera de la cancha festejaban. <b>Nac\u00eda Independiente Tirol<\/b>. Por un rato, el hacha no hac\u00eda ruido en el monte, por un rato el quebracho callaba su llanto, por un rato una simple pelota val\u00eda m\u00e1s que el tanino.<\/h5>\n<hr \/>\n<p>Una larga fila de camiones con <b>quebracho colorado<\/b> (m\u00e1s de cien) esperan, en la Ruta 16 y en las cercan\u00edas de la f\u00e1brica, el momento de la descarga. Todo parece indicar que la prosperidad no se ha ido de <b>Puerto Tirol<\/b>, pueblo que lleva ese nombre en honor a los italianos que llegaron del norte de Italia. Pero la realidad habla en otro idioma: debido al cierre de las f\u00e1bricas en <b>La Verde<\/b> y <b>La Escondida<\/b>, solo ha quedado en pie la de Tirol, y la materia prima encuentra como \u00fanico destino a la que pudo sobrevivir.<\/p>\n<p style=\"text-align: right;\"><img loading=\"lazy\" decoding=\"async\" class=\"alignnone size-medium wp-image-26227 aligncenter\" src=\"https:\/\/www.sportchaco.com.ar\/wp-content\/uploads\/2025\/09\/cancha-independiente-puerto-tirol5-631x480-1-300x228.jpg\" alt=\"\" width=\"300\" height=\"228\" srcset=\"https:\/\/www.sportchaco.com.ar\/wp-content\/uploads\/2025\/09\/cancha-independiente-puerto-tirol5-631x480-1-300x228.jpg 300w, https:\/\/www.sportchaco.com.ar\/wp-content\/uploads\/2025\/09\/cancha-independiente-puerto-tirol5-631x480-1.jpg 631w\" sizes=\"auto, (max-width: 300px) 100vw, 300px\" \/><\/p>\n<p>Los camiones no se parecen a los <b>cachap\u00e9s<\/b> de muchas d\u00e9cadas atr\u00e1s, y tampoco \u2014qu\u00e9 pena\u2014 el <b>r\u00edo Negro<\/b> es semejante a aquel navegable, limpio y propicio para el chapuz\u00f3n, que se parec\u00eda a un r\u00edo de verdad y no a este que a los gritos le exige piedad al ser humano.<\/p>\n<p>La historia de Tirol ha patentado como propios los cachap\u00e9s, los gritos en el medio del monte y el crujido del quebracho; pero tambi\u00e9n puede decir que, el <b>28 de septiembre de 1928<\/b>, dio a luz un club llamado <b>Independiente Tirol<\/b> que, con el tiempo, iba a transformarse en un referente del f\u00fatbol del <b>Gran Resistencia<\/b>.<\/p>\n<h3>\u00a1Porte\u00f1o Atrevido!<\/h3>\n<p>&nbsp;<\/p>\n<p>El crecimiento del pueblo \u2014cuando se estableci\u00f3 la f\u00e1brica\u2014 convocaba a criollos, abor\u00edgenes e inmigrantes europeos. Vida social, s\u00ed; un pueblo que se expand\u00eda, s\u00ed; oportunidades para muchos, s\u00ed. Aunque algo no cerraba, o faltaba: el f\u00fatbol, que si bien era practicado sin que se compitiera en la Liga Chaque\u00f1a, solo tuvo su antecedente por la existencia de un club denominado <b>Sportivo Tirol<\/b>.<\/p>\n<p>Y faltaba un atrevido, un <b>porte\u00f1o<\/b> en este caso (<b>Gervasio Mart\u00ednez<\/b>). Hombre de las entra\u00f1as de Avellaneda, provincia de Buenos Aires, fue quien en un momento lo propuso, y el resto as\u00ed lo dispuso: dispuso que s\u00ed, que el juego inventado por los ingleses fuera federado, que haya una camiseta que los identifique, que haya un club: <b>Independiente Tirol<\/b>.<\/p>\n<p><img decoding=\"async\" src=\"https:\/\/scontent.fcnq2-1.fna.fbcdn.net\/v\/t39.30808-6\/555917690_122105396397022572_4654750377806524366_n.jpg?_nc_cat=102&amp;ccb=1-7&amp;_nc_sid=127cfc&amp;_nc_ohc=Tgn3eKS-uzMQ7kNvwFFdrp_&amp;_nc_oc=AdknSkUt4vphc5Ke6rJGmmt-oVfuuRLZAw7e6ed4BGa6_sP2jZKXsi7xK_D-lpF5bjo&amp;_nc_zt=23&amp;_nc_ht=scontent.fcnq2-1.fna&amp;_nc_gid=w7vqces5ipip-ASMlFzbAg&amp;oh=00_AfYrsd4yb59dSFM3cWPIGGYiXwxh09oTsrx6CnojfTcN_Q&amp;oe=68E0F190\" alt=\"Puede ser una imagen de 13 personas, personas jugando al f\u00fatbol, personas jugando al f\u00fatbol y texto\" \/><\/p>\n<p>El equipo campeon de 1974 para muchos, el mejor equipo de la historia dee Indepeniente Tirol. Faltan alguans figuras pero aqu\u00ed aparecen Ces\u00e1reo Prieto (masajista),\u00a0 Rolando Z\u00b4+arate, Juan Manuel Olgu\u00edn, \u00abCacho\u00bb Palmetler, Armando \u00abMando\u00bb Romero, Mario Casco, Jorge Falc\u00f3n, Ra\u00fal M\u00e1ntaras, Juan Carlos \u00abCalin\u00bb Casaf\u00fas, \u00abPony\u00bb Franco, Ramon \u00abEl Fantasma\u00bb Solis y el \u00abChori\u00bb Acu\u00f1a.<\/p>\n<h3>Avantti Independiente<\/h3>\n<p>&nbsp;<\/p>\n<p>La actividad del pueblo funcionaba en torno a la f\u00e1brica. El f\u00fatbol tambi\u00e9n. Dirigentes y jugadores vinculados con el silbato de la industria y con el silbato del <b>refer\u00ed<\/b> los domingos. <b>Scherol<\/b>, administrador y presidente del club, por dar un nombre. <b>Beligoy padre<\/b>, jugador y operario. La lista es larga y, vinculados o no a la f\u00e1brica, por all\u00ed pasaron entre tantos otros <b>Pierotti, Dolder, Cimbaro Canella o el \u201cToto\u201d<\/b>.<\/p>\n<p>Y lleg\u00f3 la primera satisfacci\u00f3n, en <b>1940<\/b>, a doce a\u00f1os del nacimiento. Y lleg\u00f3 la segunda, un poquito m\u00e1s distante (<b>1965<\/b>). En esta hubo que enfrentar a unos \u201cnenes\u201d b\u00e1rbaros. <b>Sarmiento<\/b>: Chazarreta, Maglioni, Nelson Mart\u00ednez, Barrionuevo. <b>For Ever<\/b>: Villanueva, Fern\u00e1ndez, Cubillas, Rotger, Murgu\u00eda. <b>Regional<\/b>: Hugo Carballo, Robinson Romero, Masdeu. <b>V\u00e9lez<\/b>: Mart\u00edn Falc\u00f3n, Tancho Gonz\u00e1lez, los hermanos Ben\u00edtez. Pero no hubo problemas con los \u201cnenes\u201d, se portaron bien, porque mejor se portaron los \u201cnenes\u201d de Tirol.<\/p>\n<p>&nbsp;<\/p>\n<h3>Las Hurras de Don Heraclio<\/h3>\n<p>&nbsp;<\/p>\n<p>Don <b>Heraclio P\u00e9rez<\/b> tampoco fue indiferente con la victoria del \u201865. Le dedic\u00f3 unas letras al equipo campe\u00f3n y, como se sabe, tambi\u00e9n la otra \u2014la mayor de todas\u2014 a su pueblo. Al comp\u00e1s del chamam\u00e9, el f\u00fatbol le daba alegr\u00eda a su pueblo. Se acercaron, de \u201cafuera\u201d, muchos ilustres que encantaban con su f\u00fatbol y que se encantaron con el pueblo. Y ganaron un nuevo torneo en <b>1974<\/b>. Por ah\u00ed andan <b>Ram\u00f3n Garc\u00eda<\/b> y el <b>\u201cJapon\u00e9s\u201d Robledo<\/b>, disfrutando de \u201cnoches primaverales, al reflejo de la luna, dibujada en la laguna\u201d.<\/p>\n<hr \/>\n<p>Muchas cosas hoy no se parecen a las de ayer. <b>Hugo Zalazar<\/b> se refiere al presente, al que considera similar al de todos los clubes. Pero no desfallece; el club est\u00e1 en una etapa de transici\u00f3n, y sugiere que los gobiernos de turno (\u00bfalguien sabr\u00e1 leer?) le den una mano a las instituciones por las funciones sociales que cumplen. A pesar de todo, a las <b>11:20<\/b> suena el silbato de la f\u00e1brica. A unas cuadras de all\u00ed, otro silbato indica que la pelota sigue rodando.<\/p>\n<p><strong><img loading=\"lazy\" decoding=\"async\" class=\"alignnone wp-image-26207\" src=\"https:\/\/www.sportchaco.com.ar\/wp-content\/uploads\/2025\/09\/Rino-Bianucci-300x190.jpg\" alt=\"\" width=\"115\" height=\"73\" srcset=\"https:\/\/www.sportchaco.com.ar\/wp-content\/uploads\/2025\/09\/Rino-Bianucci-300x190.jpg 300w, https:\/\/www.sportchaco.com.ar\/wp-content\/uploads\/2025\/09\/Rino-Bianucci.jpg 393w\" sizes=\"auto, (max-width: 115px) 100vw, 115px\" \/> <\/strong><strong>Por Reinaldo Bianucci\u00a0<\/strong><\/p>\n<p><strong><img loading=\"lazy\" decoding=\"async\" class=\"alignnone  wp-image-26262\" src=\"https:\/\/www.sportchaco.com.ar\/wp-content\/uploads\/2025\/09\/Luis-leyes-carita-300x232.jpg\" alt=\"\" width=\"47\" height=\"36\" \/>\u00a0 Informes: Luis Leyes.<\/strong><\/p>\n<p><img loading=\"lazy\" decoding=\"async\" class=\"alignnone  wp-image-26261\" src=\"https:\/\/www.sportchaco.com.ar\/wp-content\/uploads\/2025\/09\/Luis-carita-3-287x300.jpg\" alt=\"\" width=\"39\" height=\"41\" srcset=\"https:\/\/www.sportchaco.com.ar\/wp-content\/uploads\/2025\/09\/Luis-carita-3-287x300.jpg 287w, https:\/\/www.sportchaco.com.ar\/wp-content\/uploads\/2025\/09\/Luis-carita-3.jpg 430w\" sizes=\"auto, (max-width: 39px) 100vw, 39px\" \/> <strong>Producci\u00f3n Luis Dar\u00edo Molodezky<\/strong><\/p>\n<p>&nbsp;<\/p>\n<p>&nbsp;<\/p>\n<p>&nbsp;<\/p>\n<h3>Con la V de victoria<\/h3>\n<p>&nbsp;<\/p>\n<p>Independiente Tirol logr\u00f3 su personer\u00eda jur\u00eddica gracias a un decreto del desaparecido gobernador (peronista) de la provincia Felipe Gallardo, en 1955. Tambi\u00e9n el club logr\u00f3 -quiz\u00e1s- su mayor per\u00edodo de esplendor durante las presidencias de Alberto \u201cToto\u201d Torresagasti, quien toda su vida se vincul\u00f3 al club. El \u201cToto\u201d est\u00e1 presente en la boca de todos los hinchas de Independiente, y su ausencia duele, y mucho.<\/p>\n<p>De todos modos, este recuadro debiera haber comenzado con los acordes de la marcha peronista. \u00bfO no?<\/p>\n<p><img loading=\"lazy\" decoding=\"async\" class=\"alignnone size-medium wp-image-26223 aligncenter\" src=\"https:\/\/www.sportchaco.com.ar\/wp-content\/uploads\/2025\/09\/toto-torresagasti-300x240.jpg\" alt=\"\" width=\"300\" height=\"240\" srcset=\"https:\/\/www.sportchaco.com.ar\/wp-content\/uploads\/2025\/09\/toto-torresagasti-300x240.jpg 300w, https:\/\/www.sportchaco.com.ar\/wp-content\/uploads\/2025\/09\/toto-torresagasti.jpg 526w\" sizes=\"auto, (max-width: 300px) 100vw, 300px\" \/><\/p>\n<p style=\"text-align: center;\"><strong>Alberto \u00abToto\u00bb Torresagasti<\/strong><\/p>\n","protected":false},"excerpt":{"rendered":"<p>40 \u00abY ver\u00e1s que no te olvido, mi Independiente Tirol\u00bb &nbsp; &nbsp; La Historia de Independiente Tirol (30 de Septiembre de 1928) &nbsp; Cuando la f\u00e1brica de tanino se rodeaba de casas con estilo ingl\u00e9s y don Heraclio P\u00e9rez imaginaba un \u201crinc\u00f3n florido\u201d que m\u00e1s adelante inmortalizar\u00eda a su pueblo, el silbato convocaba a los &hellip;<\/p>\n","protected":false},"author":2,"featured_media":26228,"comment_status":"open","ping_status":"open","sticky":false,"template":"","format":"standard","meta":{"footnotes":""},"categories":[1],"tags":[],"class_list":["post-26204","post","type-post","status-publish","format-standard","has-post-thumbnail","hentry","category-fotos-del-recuerdo"],"_links":{"self":[{"href":"https:\/\/www.sportchaco.com.ar\/index.php?rest_route=\/wp\/v2\/posts\/26204","targetHints":{"allow":["GET"]}}],"collection":[{"href":"https:\/\/www.sportchaco.com.ar\/index.php?rest_route=\/wp\/v2\/posts"}],"about":[{"href":"https:\/\/www.sportchaco.com.ar\/index.php?rest_route=\/wp\/v2\/types\/post"}],"author":[{"embeddable":true,"href":"https:\/\/www.sportchaco.com.ar\/index.php?rest_route=\/wp\/v2\/users\/2"}],"replies":[{"embeddable":true,"href":"https:\/\/www.sportchaco.com.ar\/index.php?rest_route=%2Fwp%2Fv2%2Fcomments&post=26204"}],"version-history":[{"count":9,"href":"https:\/\/www.sportchaco.com.ar\/index.php?rest_route=\/wp\/v2\/posts\/26204\/revisions"}],"predecessor-version":[{"id":26263,"href":"https:\/\/www.sportchaco.com.ar\/index.php?rest_route=\/wp\/v2\/posts\/26204\/revisions\/26263"}],"wp:featuredmedia":[{"embeddable":true,"href":"https:\/\/www.sportchaco.com.ar\/index.php?rest_route=\/wp\/v2\/media\/26228"}],"wp:attachment":[{"href":"https:\/\/www.sportchaco.com.ar\/index.php?rest_route=%2Fwp%2Fv2%2Fmedia&parent=26204"}],"wp:term":[{"taxonomy":"category","embeddable":true,"href":"https:\/\/www.sportchaco.com.ar\/index.php?rest_route=%2Fwp%2Fv2%2Fcategories&post=26204"},{"taxonomy":"post_tag","embeddable":true,"href":"https:\/\/www.sportchaco.com.ar\/index.php?rest_route=%2Fwp%2Fv2%2Ftags&post=26204"}],"curies":[{"name":"wp","href":"https:\/\/api.w.org\/{rel}","templated":true}]}}