{"id":26264,"date":"2025-09-30T23:11:57","date_gmt":"2025-10-01T02:11:57","guid":{"rendered":"https:\/\/www.sportchaco.com.ar\/?p=26264"},"modified":"2025-09-30T23:11:18","modified_gmt":"2025-10-01T02:11:18","slug":"efemerides-del-1-de-octubre-2","status":"publish","type":"post","link":"https:\/\/www.sportchaco.com.ar\/?p=26264","title":{"rendered":"Efem\u00e9rides del 1 de octubre"},"content":{"rendered":"<h5><strong>Esta es la Efem\u00e9rides del Deporte en el Chaco de un 1 de octubre del periodista Luis Dar\u00edo Molodezky.<\/strong><\/h5>\n<p><img loading=\"lazy\" decoding=\"async\" class=\"size-medium wp-image-26132 aligncenter\" src=\"https:\/\/www.sportchaco.com.ar\/wp-content\/uploads\/2025\/09\/Luis-dario-carita-300x237.jpeg\" alt=\"\" width=\"300\" height=\"237\" srcset=\"https:\/\/www.sportchaco.com.ar\/wp-content\/uploads\/2025\/09\/Luis-dario-carita-300x237.jpeg 300w, https:\/\/www.sportchaco.com.ar\/wp-content\/uploads\/2025\/09\/Luis-dario-carita-768x606.jpeg 768w, https:\/\/www.sportchaco.com.ar\/wp-content\/uploads\/2025\/09\/Luis-dario-carita.jpeg 809w\" sizes=\"auto, (max-width: 300px) 100vw, 300px\" \/><\/p>\n<p>&nbsp;<\/p>\n<p><strong>1915\u00a0<\/strong>\/ Se funda en Colonia Ben\u00edtez el Tiro Federal Eduardo Munilla. Los vecinos se reunieron en la casa de Eduardo Cayr\u00e9. Fue idea del jefe de Correos Fortunato Olmedo y fue Jos\u00e9 Honorato quien don\u00f3 el terreno para el pol\u00edgono<\/p>\n<p><strong>2006\u00a0<\/strong>\/ Amado Soto gana las dos finales en la categor\u00eda 250 c.c. con su Honda, estrenando equipo propio en la competencia por el Campeonato Argentino de Velocidad que se disputa en el circuito Oscar Cabal\u00e9n de Alta Gracia, C\u00f3rdoba.<\/p>\n<p><strong>2009\u00a0<\/strong>\/ Talia\u00a0 Ayel\u00e9n Aguirre se consagra campeona nacional en los 500 metros contrarreloj, con un tiempo de 00.38.489, durante el Campeonato Argentino de Ciclismo de Elite 2009, disputado en San Luis.<\/p>\n<p><strong>1981<\/strong>\u00a0\/ Un planeador se precipit\u00f3 a tierra a 300 metros de la cabecera de la pista, falleciendo en el acto su piloto Dim\u00edan Colcombet de 34 a\u00f1os.\u00a0 Se trataba de un monoplaza Jantar Standart 2.8, que hac\u00eda maniobras de aproximaci\u00f3n para el aterrizaje, luego de haber quedado en vuelo libre a los 600 metros de altura.<\/p>\n<p><strong>1987<\/strong>\u00a0\/ Nace \u00c1ngel Garc\u00eda Deld\u00f3 en Barranqueras, futbolista ciego integrante de Los Murci\u00e9lagos, con quien fue campe\u00f3n mundial en el 2015 en Corea del Sur y medalla de bronce en R\u00edo y Plata en Tokio 2020. Se inici\u00f3 en las inferiores de Don Orione, pero en medio de la ni\u00f1ez perdi\u00f3 la visi\u00f3n. Su pasi\u00f3n lo llev\u00f3 a integrarse a ACHADEC obteniendo reconocimiento nacional. El 15 de diciembre de 2017 el C\u00edrculo de Periodistas Deportivos del Chaco lo distingui\u00f3 como \u201cel deportista del a\u00f1o\u201d. En 2021 se consagr\u00f3 campe\u00f3n del Grand Prix en Tokio, luego de ganarle a Jap\u00f3n 2-0<\/p>\n<p><strong>2011<\/strong>\u00a0\/ Fallece Roberto \u201cSargento\u201d Garc\u00eda, un personaje muy querido en el ambiente automovil\u00edstico. Hab\u00eda nacido en 1932 en San Telmo, cri\u00e1ndose en talleres del gran Buenos Aires. Lleg\u00f3 al Chaco en la d\u00e9cada del 60, desarrollando sus conocimientos en la rectificadora de Adelquis Facal. En los 70 se sum\u00f3 al mundo del deporte motor con con Roberto Borchichi atendiendo varios autos de carrera de nuestro Zonal de todas las marcas. Prepar\u00f3 autos para Ignacio Szymanski, Miguel Rabino Rabino, Jorge Daniel Mehechen, Juan Carlos \u201cPochila\u201d Demonte y Eduardo Giuliano entre otros. C\u00e9sar \u201cBananita\u201d Ben\u00edtez fue uno de sus pilotos m\u00e1s exitosos. El \u201cSargento\u201d ser\u00e1 recordado por siempre porque sin lugar a dudas ha dejado una huella en su Chaco por adopci\u00f3n.<\/p>\n<p>&nbsp;<\/p>\n<p>&nbsp;<\/p>\n<p><strong>Foto de \u00c1ngel Garc\u00eda Deld\u00f3<\/strong><\/p>\n<p>&nbsp;<\/p>\n","protected":false},"excerpt":{"rendered":"<p>Esta es la Efem\u00e9rides del Deporte en el Chaco de un 1 de octubre del periodista Luis Dar\u00edo Molodezky. &nbsp; 1915\u00a0\/ Se funda en Colonia Ben\u00edtez el Tiro Federal Eduardo Munilla. Los vecinos se reunieron en la casa de Eduardo Cayr\u00e9. Fue idea del jefe de Correos Fortunato Olmedo y fue Jos\u00e9 Honorato quien don\u00f3 &hellip;<\/p>\n","protected":false},"author":2,"featured_media":26265,"comment_status":"open","ping_status":"open","sticky":false,"template":"","format":"standard","meta":{"footnotes":""},"categories":[45,40],"tags":[],"class_list":["post-26264","post","type-post","status-publish","format-standard","has-post-thumbnail","hentry","category-efemerides-dia-por-dia","category-octubre"],"_links":{"self":[{"href":"https:\/\/www.sportchaco.com.ar\/index.php?rest_route=\/wp\/v2\/posts\/26264","targetHints":{"allow":["GET"]}}],"collection":[{"href":"https:\/\/www.sportchaco.com.ar\/index.php?rest_route=\/wp\/v2\/posts"}],"about":[{"href":"https:\/\/www.sportchaco.com.ar\/index.php?rest_route=\/wp\/v2\/types\/post"}],"author":[{"embeddable":true,"href":"https:\/\/www.sportchaco.com.ar\/index.php?rest_route=\/wp\/v2\/users\/2"}],"replies":[{"embeddable":true,"href":"https:\/\/www.sportchaco.com.ar\/index.php?rest_route=%2Fwp%2Fv2%2Fcomments&post=26264"}],"version-history":[{"count":2,"href":"https:\/\/www.sportchaco.com.ar\/index.php?rest_route=\/wp\/v2\/posts\/26264\/revisions"}],"predecessor-version":[{"id":26267,"href":"https:\/\/www.sportchaco.com.ar\/index.php?rest_route=\/wp\/v2\/posts\/26264\/revisions\/26267"}],"wp:featuredmedia":[{"embeddable":true,"href":"https:\/\/www.sportchaco.com.ar\/index.php?rest_route=\/wp\/v2\/media\/26265"}],"wp:attachment":[{"href":"https:\/\/www.sportchaco.com.ar\/index.php?rest_route=%2Fwp%2Fv2%2Fmedia&parent=26264"}],"wp:term":[{"taxonomy":"category","embeddable":true,"href":"https:\/\/www.sportchaco.com.ar\/index.php?rest_route=%2Fwp%2Fv2%2Fcategories&post=26264"},{"taxonomy":"post_tag","embeddable":true,"href":"https:\/\/www.sportchaco.com.ar\/index.php?rest_route=%2Fwp%2Fv2%2Ftags&post=26264"}],"curies":[{"name":"wp","href":"https:\/\/api.w.org\/{rel}","templated":true}]}}