{"id":26269,"date":"2025-09-30T23:15:35","date_gmt":"2025-10-01T02:15:35","guid":{"rendered":"https:\/\/www.sportchaco.com.ar\/?p=26269"},"modified":"2025-09-30T23:16:21","modified_gmt":"2025-10-01T02:16:21","slug":"el-sargento-que-llevo-al-chaco-en-el-alma","status":"publish","type":"post","link":"https:\/\/www.sportchaco.com.ar\/?p=26269","title":{"rendered":"El \u00abSargento\u00bb que Llev\u00f3 al Chaco en el Alma"},"content":{"rendered":"<p>01-10-2025<\/p>\n<p><strong>A 14 A\u00f1os de la Partida de Roberto \u00abSargento\u00bb Garc\u00eda reproducimos una nota realizada por Fabi\u00e1n Flores, periodista de automovilismo del programa \u00abEn Carrera\u00bb, quien falleciera muy joven durante la pandemia de Covid-19<\/strong><\/p>\n<p>&nbsp;<\/p>\n<p>\u00ab<strong>Al Chaco lo llevo en el alma y aqu\u00ed mi alma morir\u00e1<\/strong>\u00ab. Esta frase, pronunciada alguna vez por <strong>Roberto Garc\u00eda<\/strong>, no era una simple declaraci\u00f3n de afecto; era una profec\u00eda. Su alma, efectivamente, se despidi\u00f3 de esta tierra junto a los fierros que tanto am\u00f3, un 1 de octubre de 2011. Hoy, a catorce a\u00f1os de su partida, el recuerdo de <strong>Roberto \u00abSargento\u00bb Garc\u00eda<\/strong> sigue siendo el motor de la mec\u00e1nica zonal.<\/p>\n<p>Chaque\u00f1o por adopci\u00f3n, el \u00abSargento\u00bb hab\u00eda nacido en <strong>1932 en San Telmo, Buenos Aires<\/strong>. Su camino hacia las carreras comenz\u00f3 casi por destino. Tras mudarse a Lomas de Zamora, su padre dividi\u00f3 un galp\u00f3n, y la mitad fue alquilada por el legendario preparador <strong>Carlos Souza Mart\u00ednez<\/strong>. El joven Roberto, de apenas cuatro a\u00f1os, no tard\u00f3 en convertirse en la sombra de Souza Mart\u00ednez, aprendiendo los secretos de la mec\u00e1nica de competici\u00f3n. Esta experiencia se consolid\u00f3 m\u00e1s tarde en un galp\u00f3n m\u00e1s grande en Quilmes, donde Garc\u00eda forj\u00f3 su mano \u00abbanqueando\u00bb motores junto a su gran maestro.<\/p>\n<p><strong>La Llegada al Litoral: Un Destino Marcado por el Fierro<\/strong><\/p>\n<p>En la d\u00e9cada del <strong>60<\/strong>, Roberto Garc\u00eda arrib\u00f3 a Resistencia. El amor lo trajo: la familia de su futura esposa se hab\u00eda radicado en el Chaco. Luego de algunas visitas a estas \u00abtierras chaque\u00f1as\u00bb, se afinc\u00f3 definitivamente para nunca m\u00e1s irse.<\/p>\n<p>Inicialmente, trabaj\u00f3 con autos de calle y luego fue empleado en la rectificadora de <strong>Adelquis Facal<\/strong>. Fue all\u00ed, en la d\u00e9cada del <strong>70<\/strong>, donde conoci\u00f3 a <strong>Roberto Borchichi<\/strong> y se sumergi\u00f3 de lleno en el mundillo del automovilismo local. Junto a Borchichi, comenz\u00f3 a trabajar con una variedad de m\u00e1quinas del Zonal: desde los <strong>Fiat 600 y 128 de Szymanski<\/strong> y el <strong>Torino de Rabino<\/strong>, hasta el <strong>Peugeot 504 del \u00abTurco\u00bb Jorge Daniel Mehechen<\/strong>. La leyenda del preparador serio, dedicado y de palabra hab\u00eda comenzado a tomar forma.<\/p>\n<p style=\"text-align: center;\"><img decoding=\"async\" src=\"https:\/\/scontent.fcnq2-1.fna.fbcdn.net\/v\/t39.30808-6\/556099535_122105517501022572_1249129436973165862_n.jpg?_nc_cat=105&amp;ccb=1-7&amp;_nc_sid=127cfc&amp;_nc_ohc=h5ZLSOt8Mc0Q7kNvwHIHwub&amp;_nc_oc=AdlKqnZaBGpXK96gu_Jt4-W4XbtSMMq4Es7N6boLU4Ia9myBE1LrKYrEIaQ6Hu9Fz9I&amp;_nc_zt=23&amp;_nc_ht=scontent.fcnq2-1.fna&amp;_nc_gid=MWB1KkB3-XUaqMPCZPQkBw&amp;oh=00_AfZnuuL3Ag6XvMjIX7cxb-yQgHWnU4ZMWkYmAybsKazVOg&amp;oe=68E195B6\" alt=\"Puede ser una imagen de 2 personas\" \/><\/p>\n<p>Para mediados de los <strong>80<\/strong>, ya era com\u00fan ver autos de carrera llevando la mec\u00e1nica propia y el sello distintivo del \u00abSargento\u00bb. La preparaci\u00f3n de la <strong>Chevy de \u00abCoquito\u00bb Ruiz<\/strong>, cuando las carreras las organizaba \u00abPancho\u00bb Arce con la AVN, lo catapult\u00f3. M\u00e1s tarde, sigui\u00f3 con la preparaci\u00f3n de un <strong>Fiat 128<\/strong> junto a su fiel secretario, <strong>\u00abRamoncito\u00bb<\/strong> (quien hoy contin\u00faa su legado al lado del Torino de Juan Carlos \u00abPochila\u00bb Demonte).<\/p>\n<p>Su fama y rigor trascendieron fronteras. Pilotos de Formosa, Corrientes y del Chaco, como <strong>Eduardo Giuliano<\/strong>, confiaron ciegamente en sus manos. Incluso form\u00f3 parte del recordado equipo <strong>\u00abDel Sur Competici\u00f3n\u00bb<\/strong>. Uno de sus binomios m\u00e1s exitosos fue con <strong>C\u00e9sar \u00abBananita\u00bb Ben\u00edtez<\/strong>, con quien cosech\u00f3 inolvidables triunfos, como aquel en el viejo circuito de Charata en la Clase D, a bordo de la Chevy.<\/p>\n<p><img decoding=\"async\" src=\"https:\/\/scontent.fcnq2-1.fna.fbcdn.net\/v\/t39.30808-6\/555700091_122105517453022572_114929204677136872_n.jpg?_nc_cat=100&amp;ccb=1-7&amp;_nc_sid=127cfc&amp;_nc_ohc=SImorn5XR2YQ7kNvwGk7g_E&amp;_nc_oc=Adk9fE2TJN53YJ1HlbxpdFKjzhyt-KL0xFYCvAY1D_163SP8JsKz5HOMRQxnQTkFoZ4&amp;_nc_zt=23&amp;_nc_ht=scontent.fcnq2-1.fna&amp;_nc_gid=3L9iE6mKPow7UTAPHwwt0A&amp;oh=00_AfagLoOaDwwNEi9Ve1xISMbdVcpu-A2JdSwMv1ZpUqFm0w&amp;oe=68E1C366\" alt=\"Puede ser una imagen de \u200e5 personas y \u200etexto que dice &quot;\u200eINICIOS. Garcia junto a su profesor Souza Martinez. \u0644\u062d\u200e&quot;\u200e\u200e\" \/><\/p>\n<p><strong>Un Final en Plena Cima<\/strong><\/p>\n<p>El apodo de <strong>\u00abSargento\u00bb<\/strong> le qued\u00f3 grabado por la semejanza con el personaje del Zorro, pero para el ambiente automovil\u00edstico, era sin\u00f3nimo de <strong>autoridad, orden y efectividad<\/strong> en los boxes.<\/p>\n<p>Al momento de su adi\u00f3s, Roberto Garc\u00eda estaba en plena vigencia y cosechando \u00e9xitos. Ten\u00eda a su cargo la mec\u00e1nica del <strong>Ford de \u00abRudy\u00bb Brunelli<\/strong>, quien era puntero en el Certamen de Rally 2011 del Nea en ZTT. Este binomio estaba encaminado a sumar su tercer t\u00edtulo consecutivo en el rally de Formosa, un logro que habla de la calidad inagotable de su trabajo.<\/p>\n<p>Su coraz\u00f3n, ese mismo que lat\u00eda apasionado por cada fierro que tocaba, dijo basta en la ma\u00f1ana de aquel s\u00e1bado, justo cuando se aprestaba a subir a su auto para viajar a Formosa.<\/p>\n<p>A catorce a\u00f1os de su partida, la herencia del \u00abSargento\u00bb perdura en cada auto que rugi\u00f3 en el Chaco gracias a su sabidur\u00eda, en la honestidad de cada mec\u00e1nico que lo admir\u00f3, y en la certeza de que su alma, como \u00e9l mismo prometi\u00f3, <strong>muri\u00f3 en el lugar que eligi\u00f3 y junto a los fierros que le dieron sentido a su vida<\/strong>. Su recuerdo, Roberto, sigue <em>en carrera<\/em>.<\/p>\n<p><strong>Por Fabi\u00e1n Flores\u00a0 <img loading=\"lazy\" decoding=\"async\" class=\"alignnone wp-image-26271\" src=\"https:\/\/www.sportchaco.com.ar\/wp-content\/uploads\/2025\/09\/fabian-Flores-08-05-2021-carita-296x300.jpg\" alt=\"\" width=\"47\" height=\"48\" srcset=\"https:\/\/www.sportchaco.com.ar\/wp-content\/uploads\/2025\/09\/fabian-Flores-08-05-2021-carita-296x300.jpg 296w, https:\/\/www.sportchaco.com.ar\/wp-content\/uploads\/2025\/09\/fabian-Flores-08-05-2021-carita-150x150.jpg 150w, https:\/\/www.sportchaco.com.ar\/wp-content\/uploads\/2025\/09\/fabian-Flores-08-05-2021-carita.jpg 299w\" sizes=\"auto, (max-width: 47px) 100vw, 47px\" \/><\/strong><\/p>\n","protected":false},"excerpt":{"rendered":"<p>01-10-2025 A 14 A\u00f1os de la Partida de Roberto \u00abSargento\u00bb Garc\u00eda reproducimos una nota realizada por Fabi\u00e1n Flores, periodista de automovilismo del programa \u00abEn Carrera\u00bb, quien falleciera muy joven durante la pandemia de Covid-19 &nbsp; \u00abAl Chaco lo llevo en el alma y aqu\u00ed mi alma morir\u00e1\u00ab. Esta frase, pronunciada alguna vez por Roberto Garc\u00eda, &hellip;<\/p>\n","protected":false},"author":2,"featured_media":26276,"comment_status":"open","ping_status":"open","sticky":false,"template":"","format":"standard","meta":{"footnotes":""},"categories":[2,1],"tags":[],"class_list":["post-26269","post","type-post","status-publish","format-standard","has-post-thumbnail","hentry","category-automovilismo","category-fotos-del-recuerdo"],"_links":{"self":[{"href":"https:\/\/www.sportchaco.com.ar\/index.php?rest_route=\/wp\/v2\/posts\/26269","targetHints":{"allow":["GET"]}}],"collection":[{"href":"https:\/\/www.sportchaco.com.ar\/index.php?rest_route=\/wp\/v2\/posts"}],"about":[{"href":"https:\/\/www.sportchaco.com.ar\/index.php?rest_route=\/wp\/v2\/types\/post"}],"author":[{"embeddable":true,"href":"https:\/\/www.sportchaco.com.ar\/index.php?rest_route=\/wp\/v2\/users\/2"}],"replies":[{"embeddable":true,"href":"https:\/\/www.sportchaco.com.ar\/index.php?rest_route=%2Fwp%2Fv2%2Fcomments&post=26269"}],"version-history":[{"count":3,"href":"https:\/\/www.sportchaco.com.ar\/index.php?rest_route=\/wp\/v2\/posts\/26269\/revisions"}],"predecessor-version":[{"id":26324,"href":"https:\/\/www.sportchaco.com.ar\/index.php?rest_route=\/wp\/v2\/posts\/26269\/revisions\/26324"}],"wp:featuredmedia":[{"embeddable":true,"href":"https:\/\/www.sportchaco.com.ar\/index.php?rest_route=\/wp\/v2\/media\/26276"}],"wp:attachment":[{"href":"https:\/\/www.sportchaco.com.ar\/index.php?rest_route=%2Fwp%2Fv2%2Fmedia&parent=26269"}],"wp:term":[{"taxonomy":"category","embeddable":true,"href":"https:\/\/www.sportchaco.com.ar\/index.php?rest_route=%2Fwp%2Fv2%2Fcategories&post=26269"},{"taxonomy":"post_tag","embeddable":true,"href":"https:\/\/www.sportchaco.com.ar\/index.php?rest_route=%2Fwp%2Fv2%2Ftags&post=26269"}],"curies":[{"name":"wp","href":"https:\/\/api.w.org\/{rel}","templated":true}]}}