{"id":26295,"date":"2025-09-30T19:07:57","date_gmt":"2025-09-30T22:07:57","guid":{"rendered":"https:\/\/www.sportchaco.com.ar\/?p=26295"},"modified":"2025-10-02T12:11:40","modified_gmt":"2025-10-02T15:11:40","slug":"el-reducido-finalmente-comenzara-este-fin-de-semana","status":"publish","type":"post","link":"https:\/\/www.sportchaco.com.ar\/?p=26295","title":{"rendered":"El Reducido finalmente comenzar\u00e1 este fin de semana"},"content":{"rendered":"<p><strong>30-09-2025<\/strong><\/p>\n<p><img loading=\"lazy\" decoding=\"async\" class=\"aligncenter wp-image-20490 size-full\" src=\"https:\/\/www.sportchaco.com.ar\/wp-content\/uploads\/2025\/06\/728x90-1.gif\" alt=\"\" width=\"1518\" height=\"189\" \/><\/p>\n<p>El torneo Oficial de la Primera B de la Liga Chaque\u00f1a de F\u00fatbol entr\u00f3 en zona de definici\u00f3n y este jueves le dar\u00e1 arranque al Reducido que otorgar\u00e1 dos plazas para jugar las Promociones con los equipos de Primera.<\/p>\n<p>Cabe recordar que el pasado fin de semana no se pudieron jugar los encuentros por las lluvias sobre la capital chaque\u00f1a.<\/p>\n<p>El primer partido ser\u00e1 el de Deportivo Esperanza y Camioneros. Luego, el viernes, jugar\u00e1n Deportivo G\u00fciraldes y V\u00e9lez y los dem\u00e1s encuentros se ir\u00e1n el s\u00e1bado y el domingo en diferentes horarios.<\/p>\n<p>Lo que a\u00fan se espera en el ascenso es el fallo del Tribunal de Disciplina liguista tras la protesta presentada por Los L\u00edricos ante Empleados de Comercio por mala inclusi\u00f3n de un jugador en la final que el equipo \u00abmercantil\u00bb se impuso por penales y se termin\u00f3 quedando con el campeonato y el ascenso directo.<\/p>\n<p><b><strong>TORNEO OFICIAL \u00abADRI\u00c1N DAR\u00cdO PARRA\u00bb<br \/>\n<\/strong><\/b><strong>REDUCIDO<br \/>\n<\/strong><strong>Viernes 03-10<\/strong><br \/>\nA las 20:30, Dep. G\u00fciraldes (6\u00b0) \u2013 V\u00e9lez (15\u00b0), en Bancarios<\/p>\n<p><strong>S\u00e1bado 04-10<\/strong><br \/>\nA las 16, Parque Patricios (3\u00b0) \u2013 DEF (18\u00b0), en Regional<br \/>\nA las 16, Dep. Sameep (9\u00b0) \u2013 Municipales (12\u00b0), en V\u00e9lez<br \/>\nA las 16, UPCP (5\u00b0) \u2013 Canallas del Sur (16\u00b0), en Chaco Hebr\u00f3n<br \/>\nA las 20:15, San Fernando (7\u00b0) \u2013 Dogos (14\u00b0), en Chaco Hebr\u00f3n<\/p>\n<p><strong>Domingo 28-09<\/strong><br \/>\nA las 10, Barber\u00e1n FC (10\u00b0) \u2013 Dep. Zona Sur (11\u00b0), en V\u00e9lez<br \/>\nA las 16, Banfield (8\u00b0) \u2013 Uni\u00f3n del Sur (13\u00b0), en Estudiantes<\/p>\n<p><strong>Martes 07-10<\/strong><br \/>\nA las 20:30, Dep. Esperanza (4\u00b0) \u2013 Camioneros (17\u00b0), en V\u00e9lez<\/p>\n<p><em><strong>Foto: Gentileza Alejandro Seltzer \u00c1valos<\/strong><\/em><\/p>\n<p><img loading=\"lazy\" decoding=\"async\" class=\"aligncenter size-full wp-image-21076\" src=\"https:\/\/www.sportchaco.com.ar\/wp-content\/uploads\/2025\/06\/Campo-250x250-05-1.gif\" alt=\"\" width=\"521\" height=\"521\" \/><\/p>\n","protected":false},"excerpt":{"rendered":"<p>30-09-2025 El torneo Oficial de la Primera B de la Liga Chaque\u00f1a de F\u00fatbol entr\u00f3 en zona de definici\u00f3n y este jueves le dar\u00e1 arranque al Reducido que otorgar\u00e1 dos plazas para jugar las Promociones con los equipos de Primera. Cabe recordar que el pasado fin de semana no se pudieron jugar los encuentros por &hellip;<\/p>\n","protected":false},"author":3,"featured_media":26296,"comment_status":"open","ping_status":"open","sticky":false,"template":"","format":"standard","meta":{"footnotes":""},"categories":[5],"tags":[],"class_list":["post-26295","post","type-post","status-publish","format-standard","has-post-thumbnail","hentry","category-futbol"],"_links":{"self":[{"href":"https:\/\/www.sportchaco.com.ar\/index.php?rest_route=\/wp\/v2\/posts\/26295","targetHints":{"allow":["GET"]}}],"collection":[{"href":"https:\/\/www.sportchaco.com.ar\/index.php?rest_route=\/wp\/v2\/posts"}],"about":[{"href":"https:\/\/www.sportchaco.com.ar\/index.php?rest_route=\/wp\/v2\/types\/post"}],"author":[{"embeddable":true,"href":"https:\/\/www.sportchaco.com.ar\/index.php?rest_route=\/wp\/v2\/users\/3"}],"replies":[{"embeddable":true,"href":"https:\/\/www.sportchaco.com.ar\/index.php?rest_route=%2Fwp%2Fv2%2Fcomments&post=26295"}],"version-history":[{"count":2,"href":"https:\/\/www.sportchaco.com.ar\/index.php?rest_route=\/wp\/v2\/posts\/26295\/revisions"}],"predecessor-version":[{"id":26401,"href":"https:\/\/www.sportchaco.com.ar\/index.php?rest_route=\/wp\/v2\/posts\/26295\/revisions\/26401"}],"wp:featuredmedia":[{"embeddable":true,"href":"https:\/\/www.sportchaco.com.ar\/index.php?rest_route=\/wp\/v2\/media\/26296"}],"wp:attachment":[{"href":"https:\/\/www.sportchaco.com.ar\/index.php?rest_route=%2Fwp%2Fv2%2Fmedia&parent=26295"}],"wp:term":[{"taxonomy":"category","embeddable":true,"href":"https:\/\/www.sportchaco.com.ar\/index.php?rest_route=%2Fwp%2Fv2%2Fcategories&post=26295"},{"taxonomy":"post_tag","embeddable":true,"href":"https:\/\/www.sportchaco.com.ar\/index.php?rest_route=%2Fwp%2Fv2%2Ftags&post=26295"}],"curies":[{"name":"wp","href":"https:\/\/api.w.org\/{rel}","templated":true}]}}