{"id":26311,"date":"2025-10-01T23:05:22","date_gmt":"2025-10-02T02:05:22","guid":{"rendered":"https:\/\/www.sportchaco.com.ar\/?p=26311"},"modified":"2025-10-01T23:06:11","modified_gmt":"2025-10-02T02:06:11","slug":"efemerides-del-2-de-octubre-2","status":"publish","type":"post","link":"https:\/\/www.sportchaco.com.ar\/?p=26311","title":{"rendered":"Efem\u00e9rides del 2 de octubre"},"content":{"rendered":"<div class=\"container fullwidth-entry-title-wrapper\">\n<div class=\"container-wrapper fullwidth-entry-title\">\n<header class=\"entry-header-outer\">\n<div class=\"entry-header\"><\/div>\n<\/header>\n<\/div>\n<\/div>\n<div id=\"content\" class=\"site-content container\">\n<div id=\"main-content-row\" class=\"tie-row main-content-row\">\n<div class=\"main-content tie-col-md-8 tie-col-xs-12\" role=\"main\">\n<article id=\"the-post\" class=\"container-wrapper post-content tie-standard\">\n<div class=\"entry-content entry clearfix\">\n<h6>Foto portada de Hern\u00e1n Harold Piccilli<\/h6>\n<h5><strong>Esta es la Efem\u00e9rides del Deporte en el Chaco de un 2 de octubre del periodista Luis Dar\u00edo Molodezky.<\/strong><\/h5>\n<h5><strong>\u00a0<\/strong><\/h5>\n<p><img loading=\"lazy\" decoding=\"async\" class=\"alignnone size-medium wp-image-26312 aligncenter\" src=\"https:\/\/www.sportchaco.com.ar\/wp-content\/uploads\/2025\/09\/Luis-dario-carita-1-300x237.jpeg\" alt=\"\" width=\"300\" height=\"237\" srcset=\"https:\/\/www.sportchaco.com.ar\/wp-content\/uploads\/2025\/09\/Luis-dario-carita-1-300x237.jpeg 300w, https:\/\/www.sportchaco.com.ar\/wp-content\/uploads\/2025\/09\/Luis-dario-carita-1-768x606.jpeg 768w, https:\/\/www.sportchaco.com.ar\/wp-content\/uploads\/2025\/09\/Luis-dario-carita-1.jpeg 809w\" sizes=\"auto, (max-width: 300px) 100vw, 300px\" \/><\/p>\n<p><strong>\u00a0<\/strong><\/p>\n<p><strong>1928 \/\u00a0<\/strong>Se funda la Asociaci\u00f3n Yugoslava de Beneficencia Durmitor, que m\u00e1s tarde se convertir\u00eda en el Club Durmitor de La Montenegrina. Su edificio fue declarado Patrimonio Cultural y Natural del Chaco en el 2017 por la ley 5872\/2007. En la inauguraci\u00f3n de las refacciones el gobernador Capitanich en octubre de 2023 lo defini\u00f3 como \u201cun edificio hist\u00f3rico que permiti\u00f3 y permite garantizar la inclusi\u00f3n social educativa de la colonia\u00bb. El nombre de Durmitor alude al pico m\u00e1s alto monta\u00f1oso de la rep\u00fablica de Montenegro.<\/p>\n<p><strong>\u00a0<\/strong><\/p>\n<p><strong>1929\u00a0<\/strong>\/ Aparece en Resistencia \u201cEstampa Chaque\u00f1a\u201d, semanario para Chaco y Formosa, primera revista ilustrada. A partir de marzo de 1933 se transforma en Semanario Gr\u00e1fico de la Vida Chaque\u00f1a. El material iconogr\u00e1fico, estaba a cargo del taller de fotograf\u00eda de Pablo Luis Boschetti, quien realiz\u00f3 una ponderable labor gr\u00e1fica documental, como as\u00ed tambi\u00e9n trabajos de fotograf\u00eda art\u00edstica, social y deportiva. Su fundador fue Ildefonso P\u00e9rez.<\/p>\n<p><strong>1972\u00a0<\/strong>\/ Por iniciativa de un grupo de socios del Club Regatas se incorpora el hockey femenino a nuestra provincia. Mujeres entre 15 y 20 a\u00f1os en un total de 25, comienzan las pr\u00e1cticas dirigidas en la parte f\u00edsica por el profesor Hugo Figueroa y la supervisi\u00f3n de la se\u00f1ora Lilia Boglietti de Varela. La primera subcomisi\u00f3n del club es encabezada por Mar\u00eda Cristina Dansey.<\/p>\n<p><strong>1984\u00a0<\/strong>\/ Presidida por el dirigente chaque\u00f1o y presidente de la CABB Hern\u00e1n Piccilli, viaja a C\u00facuta, Colombia, la Selecci\u00f3n Argentina de b\u00e1squetbol femenino para participar del sudamericano de la especialidad.<\/p>\n<p><strong>1985\u00a0<\/strong>\/ Chaco For Ever se consagra campe\u00f3n del Oficial, faltando dos fechas. Ese t\u00edtulo luego, por imperio del art\u00edculo 221 del Estatuto de la Liga Chaque\u00f1a, le dar\u00eda el pasaporte al Nacional B.<\/p>\n<p><strong>2009\u00a0<\/strong>\/ Gabriel Amado, de 16 a\u00f1os, se consagra campe\u00f3n del Chaco Golf Club, al imponerse en la final de la categor\u00eda scratch. En otras categor\u00edas triunfan Jos\u00e9 Viturro de 0-9; Mariano Benzaquen de 10 a 16; Fabi\u00e1n Tomaszuk de 17 a 24; Fernando Graciosi de 25 a 36.<\/p>\n<p><strong>2011<\/strong>\u00a0\/ Fallece Manuel Antonio \u201cJackie\u201d Silva, piloto y preparador de autom\u00f3viles, y padre del emblem\u00e1tico corredor Juan Manuel Silva. Se inici\u00f3 con DKW y luego en la Clase B de la Federaci\u00f3n 7. Cuando dej\u00f3 correr arm\u00f3 una poderosa escuadra por la que pasaron entre otros Juan Carlos Kesqui, Daniel Sgroppo, H\u00e9ctor \u201cToto\u201d Garc\u00eda, Miguel Giuliano y Gustavo Ameri, con autos en los cuales el rendimiento y la belleza se conjugaban en las pistas. Acompa\u00f1\u00f3 a su hijo en el TC y lo vio coronarse campe\u00f3n en 2005, como protagonista entre los mec\u00e1nicos del auto.<\/p>\n<p><strong>2022\u00a0<\/strong>\/ A los 37 a\u00f1os se retira del f\u00fatbol Oscar Gerardo G\u00f3mez, emblem\u00e1tico volante central de Chaco For Ever, tras 7 a\u00f1os en el club. \u00a0Fue al minuto 5 del partido ante San Mart\u00edn de San Juan, ante un estadio lleno que le dio una calidad despedida. Debut\u00f3 con la casaca del negro en el Federal A del 2014. Disput\u00f3 174 partidos oficiales y fue el jugador con m\u00e1s presencias en el Federal A y Copa Argentina de la instituci\u00f3n Naci\u00f3 el 17 de mayo de 1985 en Corrientes.<\/p>\n<p>&nbsp;<\/p>\n<p>&nbsp;<\/p>\n<p><strong>Foto portada de Hern\u00e1n Harold Piccilli<\/strong><\/p>\n<\/div>\n<\/article>\n<\/div>\n<\/div>\n<\/div>\n","protected":false},"excerpt":{"rendered":"<p>Foto portada de Hern\u00e1n Harold Piccilli Esta es la Efem\u00e9rides del Deporte en el Chaco de un 2 de octubre del periodista Luis Dar\u00edo Molodezky. \u00a0 \u00a0 1928 \/\u00a0Se funda la Asociaci\u00f3n Yugoslava de Beneficencia Durmitor, que m\u00e1s tarde se convertir\u00eda en el Club Durmitor de La Montenegrina. Su edificio fue declarado Patrimonio Cultural y &hellip;<\/p>\n","protected":false},"author":2,"featured_media":26313,"comment_status":"open","ping_status":"open","sticky":false,"template":"","format":"standard","meta":{"footnotes":""},"categories":[45,40],"tags":[],"class_list":["post-26311","post","type-post","status-publish","format-standard","has-post-thumbnail","hentry","category-efemerides-dia-por-dia","category-octubre"],"_links":{"self":[{"href":"https:\/\/www.sportchaco.com.ar\/index.php?rest_route=\/wp\/v2\/posts\/26311","targetHints":{"allow":["GET"]}}],"collection":[{"href":"https:\/\/www.sportchaco.com.ar\/index.php?rest_route=\/wp\/v2\/posts"}],"about":[{"href":"https:\/\/www.sportchaco.com.ar\/index.php?rest_route=\/wp\/v2\/types\/post"}],"author":[{"embeddable":true,"href":"https:\/\/www.sportchaco.com.ar\/index.php?rest_route=\/wp\/v2\/users\/2"}],"replies":[{"embeddable":true,"href":"https:\/\/www.sportchaco.com.ar\/index.php?rest_route=%2Fwp%2Fv2%2Fcomments&post=26311"}],"version-history":[{"count":2,"href":"https:\/\/www.sportchaco.com.ar\/index.php?rest_route=\/wp\/v2\/posts\/26311\/revisions"}],"predecessor-version":[{"id":26371,"href":"https:\/\/www.sportchaco.com.ar\/index.php?rest_route=\/wp\/v2\/posts\/26311\/revisions\/26371"}],"wp:featuredmedia":[{"embeddable":true,"href":"https:\/\/www.sportchaco.com.ar\/index.php?rest_route=\/wp\/v2\/media\/26313"}],"wp:attachment":[{"href":"https:\/\/www.sportchaco.com.ar\/index.php?rest_route=%2Fwp%2Fv2%2Fmedia&parent=26311"}],"wp:term":[{"taxonomy":"category","embeddable":true,"href":"https:\/\/www.sportchaco.com.ar\/index.php?rest_route=%2Fwp%2Fv2%2Fcategories&post=26311"},{"taxonomy":"post_tag","embeddable":true,"href":"https:\/\/www.sportchaco.com.ar\/index.php?rest_route=%2Fwp%2Fv2%2Ftags&post=26311"}],"curies":[{"name":"wp","href":"https:\/\/api.w.org\/{rel}","templated":true}]}}