{"id":26328,"date":"2025-10-01T10:53:42","date_gmt":"2025-10-01T13:53:42","guid":{"rendered":"https:\/\/www.sportchaco.com.ar\/?p=26328"},"modified":"2025-10-01T10:53:42","modified_gmt":"2025-10-01T13:53:42","slug":"olimpico-supero-a-argentino-en-el-vicente-rosales","status":"publish","type":"post","link":"https:\/\/www.sportchaco.com.ar\/?p=26328","title":{"rendered":"Ol\u00edmpico super\u00f3 a Argentino en el Vicente Rosales"},"content":{"rendered":"<p>&nbsp;<\/p>\n<div class=\"col-12\">\n<h2><\/h2>\n<h2><strong style=\"font-size: 16px;\">Foto portada: El chaque\u00f1o P\u00e9rez Doutath con protagonismo en La Baneda.<\/strong><\/h2>\n<h5><strong style=\"font-size: 16px;\">Victoria de Ol\u00edmpico en La Banda sobre Argentino de Junin por 96 a 76, por la segunda fecha de la Liga Nacional. La gran figura del encuentro fue Richard Granberry, determinante con 26 puntos y 9 rebotes.<\/strong><\/h5>\n<\/div>\n<div class=\"col-12 datos_noticia\">\n<div class=\"col-12 contenido_caja p-0\">\n<div class=\"col-12 parrafos-noticia\">\n<p>&nbsp;<\/p>\n<p>El conjunto bande\u00f1o comenz\u00f3 a marcar claras diferencias promediando el juego, con m\u00e1rgenes que llegaron a los 20 puntos gracias a una defensa intensa y al goleo repartido. Granberry se hizo fuerte en la pintura con 12 tantos en la primera parte, mientras que P\u00e9rez aport\u00f3 11 desde el per\u00edmetro para ir quebrando la resistencia rival. Argentino se sostuvo en el aporte aislado de Podest\u00e1 y Aaron, aunque sin poder frenar el ritmo local.<\/p>\n<div class=\"twitter-tweet twitter-tweet-rendered\"><a class=\"enlace-foto-principal\" href=\"https:\/\/www.laliganacional.com.ar\/archivos\/noticias\/48637\/zoom-foto-64846.jpg\"><img decoding=\"async\" title=\"Ol\u00edmpico super\u00f3 a Argentino en el Vicente Rosales\" src=\"https:\/\/www.laliganacional.com.ar\/archivos\/noticias\/48637\/foto-64846.jpg\" alt=\"Ol\u00edmpico super\u00f3 a Argentino en el Vicente Rosales\" \/><\/a>Ol\u00edmpico super\u00f3 a Argentino en el Vicente Rosales<\/div>\n<div><\/div>\n<p>En el complemento, Ol\u00edmpico encontr\u00f3 la posibilidad de correr la cancha abierta y estirar a\u00fan m\u00e1s la diferencia. El protagonismo de la segunda unidad fue clave: Facello y P\u00e9rez castigaron con eficacia desde larga distancia, mientras que Ascanio se destac\u00f3 con energ\u00eda y presencia desde el cierre del tercer cuarto.<\/p>\n<div class=\"twitter-tweet twitter-tweet-rendered\"><\/div>\n<p>El \u00faltimo per\u00edodo solo sirvi\u00f3 para decorar el tanteador en un juego que ya estaba definido. Con un funcionamiento colectivo s\u00f3lido y el dominio de Granberry en ambos tableros, Ol\u00edmpico dej\u00f3 en claro su fortaleza en casa y sum\u00f3 una victoria contundente que alimenta la confianza de cara a lo que viene.<\/p>\n<p><a href=\"https:\/\/www.laliganacional.com.ar\/laliga\/noticia\/48637\/%3Ciframe%20style=\">\u00a0 \u00a0 \u00a0 \u00a0 \u00a0 \u00a0 \u00a0 \u00a0 \u00a0 \u00a0\u00a0<\/a><\/p>\n<p><strong>Informe y fotos:<\/strong>\u00a0Prensa Ol\u00edmpico.<\/p>\n<\/div>\n<\/div>\n<\/div>\n<div class=\"tarjeta-widget tabla-doble-con-estadisticas\">\n<div id=\"scroll-estadisticas\" class=\"tarjeta-widget-contenido\">\n<div class=\"nombre-equipo p-3\"><img loading=\"lazy\" decoding=\"async\" class=\"\" title=\"OL\u00cdMPICO (LB)\" src=\"https:\/\/www.laliganacional.com.ar\/escudos\/1882\/89207?key=\" alt=\"OL\u00cdMPICO (LB)\" width=\"54\" height=\"59\" \/> <strong>OL\u00cdMPICO (LB) 96<\/strong><\/div>\n<div class=\"entrenador p-3\"><strong>Entrenador:<\/strong><br \/>\nVILLAGRAN, LEONARDO MARTIN<\/div>\n<div class=\"table-responsive\">\n<table class=\"table table-striped tabla-estadisticas ordenTabla tablesorter tablesorter-default tablesorterf4f31c6f2e4b98\" role=\"grid\">\n<tbody aria-live=\"polite\" aria-relevant=\"all\">\n<tr role=\"row\">\n<td><img decoding=\"async\" class=\"img-jugador\" title=\"MIJARES, E.\" src=\"https:\/\/www.laliganacional.com.ar\/fotos\/380707?key=\" alt=\"MIJARES, E.\" \/><\/td>\n<td>2 *<\/td>\n<td class=\"tNombre\">MIJARES, E.<\/td>\n<td>25:18<\/td>\n<td>4<\/td>\n<td>2\/4<\/td>\n<td>50<\/td>\n<td>0\/1<\/td>\n<td>0<\/td>\n<td>0\/2<\/td>\n<td>0<\/td>\n<td>2<\/td>\n<td>1<\/td>\n<td>3<\/td>\n<td>5<\/td>\n<td>2<\/td>\n<td>2<\/td>\n<td>0<\/td>\n<td>0<\/td>\n<td>2<\/td>\n<td>3<\/td>\n<td>8<\/td>\n<\/tr>\n<tr role=\"row\">\n<td><img decoding=\"async\" class=\"img-jugador\" title=\"BARCO, J.\" src=\"https:\/\/www.laliganacional.com.ar\/fotos\/380702?key=\" alt=\"BARCO, J.\" \/><\/td>\n<td>4<\/td>\n<td class=\"tNombre\">BARCO, J.<\/td>\n<td>11:12<\/td>\n<td>2<\/td>\n<td>1\/1<\/td>\n<td>100<\/td>\n<td>0\/2<\/td>\n<td>0<\/td>\n<td>0\/0<\/td>\n<td>0<\/td>\n<td>0<\/td>\n<td>0<\/td>\n<td>0<\/td>\n<td>0<\/td>\n<td>0<\/td>\n<td>0<\/td>\n<td>0<\/td>\n<td>0<\/td>\n<td>1<\/td>\n<td>0<\/td>\n<td>-1<\/td>\n<\/tr>\n<tr role=\"row\">\n<td><img decoding=\"async\" class=\"img-jugador\" title=\"ROMEGIALLI, S.\" src=\"https:\/\/www.laliganacional.com.ar\/fotos\/326739?key=\" alt=\"ROMEGIALLI, S.\" \/><\/td>\n<td>6<\/td>\n<td class=\"tNombre\">ROMEGIALLI, S.<\/td>\n<td>16:58<\/td>\n<td>0<\/td>\n<td>0\/2<\/td>\n<td>0<\/td>\n<td>0\/2<\/td>\n<td>0<\/td>\n<td>0\/0<\/td>\n<td>0<\/td>\n<td>5<\/td>\n<td>0<\/td>\n<td>5<\/td>\n<td>1<\/td>\n<td>1<\/td>\n<td>0<\/td>\n<td>0<\/td>\n<td>0<\/td>\n<td>1<\/td>\n<td>1<\/td>\n<td>3<\/td>\n<\/tr>\n<tr role=\"row\">\n<td><img decoding=\"async\" class=\"img-jugador\" title=\"FORESTIER, V.\" src=\"https:\/\/www.laliganacional.com.ar\/fotos\/380706?key=\" alt=\"FORESTIER, V.\" \/><\/td>\n<td>7 *<\/td>\n<td class=\"tNombre\">FORESTIER, V.<\/td>\n<td>26:23<\/td>\n<td>5<\/td>\n<td>1\/1<\/td>\n<td>100<\/td>\n<td>0\/0<\/td>\n<td>0<\/td>\n<td>3\/4<\/td>\n<td>75<\/td>\n<td>4<\/td>\n<td>0<\/td>\n<td>4<\/td>\n<td>2<\/td>\n<td>2<\/td>\n<td>0<\/td>\n<td>0<\/td>\n<td>0<\/td>\n<td>3<\/td>\n<td>2<\/td>\n<td>11<\/td>\n<\/tr>\n<tr role=\"row\">\n<td><img decoding=\"async\" class=\"img-jugador\" title=\"VIETA, F.\" src=\"https:\/\/www.laliganacional.com.ar\/fotos\/380710?key=\" alt=\"VIETA, F.\" \/><\/td>\n<td>8 *<\/td>\n<td class=\"tNombre\">VIETA, F.<\/td>\n<td>26:10<\/td>\n<td>15<\/td>\n<td>1\/4<\/td>\n<td>25<\/td>\n<td>2\/6<\/td>\n<td>33<\/td>\n<td>7\/8<\/td>\n<td>87<\/td>\n<td>3<\/td>\n<td>1<\/td>\n<td>4<\/td>\n<td>2<\/td>\n<td>0<\/td>\n<td>0<\/td>\n<td>0<\/td>\n<td>1<\/td>\n<td>0<\/td>\n<td>5<\/td>\n<td>17<\/td>\n<\/tr>\n<tr role=\"row\">\n<td><img decoding=\"async\" class=\"img-jugador\" title=\"FACELLO, A.\" src=\"https:\/\/www.laliganacional.com.ar\/fotos\/326646?key=\" alt=\"FACELLO, A.\" \/><\/td>\n<td>9<\/td>\n<td class=\"tNombre\">FACELLO, A.<\/td>\n<td>14:42<\/td>\n<td>13<\/td>\n<td>3\/3<\/td>\n<td>100<\/td>\n<td>1\/5<\/td>\n<td>20<\/td>\n<td>4\/5<\/td>\n<td>80<\/td>\n<td>5<\/td>\n<td>0<\/td>\n<td>5<\/td>\n<td>2<\/td>\n<td>1<\/td>\n<td>1<\/td>\n<td>0<\/td>\n<td>0<\/td>\n<td>2<\/td>\n<td>7<\/td>\n<td>20<\/td>\n<\/tr>\n<tr role=\"row\">\n<td><img decoding=\"async\" class=\"img-jugador\" title=\"PEREZ, S.\" src=\"https:\/\/www.laliganacional.com.ar\/fotos\/255093?key=\" alt=\"PEREZ, S.\" \/><\/td>\n<td>11<\/td>\n<td class=\"tNombre\">PEREZ, S.<\/td>\n<td>13:50<\/td>\n<td>16<\/td>\n<td>1\/2<\/td>\n<td>50<\/td>\n<td>4\/7<\/td>\n<td>57<\/td>\n<td>2\/2<\/td>\n<td>100<\/td>\n<td>3<\/td>\n<td>0<\/td>\n<td>3<\/td>\n<td>0<\/td>\n<td>0<\/td>\n<td>1<\/td>\n<td>0<\/td>\n<td>0<\/td>\n<td>2<\/td>\n<td>1<\/td>\n<td>13<\/td>\n<\/tr>\n<tr role=\"row\">\n<td><img decoding=\"async\" class=\"img-jugador\" title=\"BRESSAN, G.\" src=\"https:\/\/www.laliganacional.com.ar\/fotos\/380704?key=\" alt=\"BRESSAN, G.\" \/><\/td>\n<td>12<\/td>\n<td class=\"tNombre\">BRESSAN, G.<\/td>\n<td>15:15<\/td>\n<td>0<\/td>\n<td>0\/2<\/td>\n<td>0<\/td>\n<td>0\/0<\/td>\n<td>0<\/td>\n<td>0\/0<\/td>\n<td>0<\/td>\n<td>2<\/td>\n<td>1<\/td>\n<td>3<\/td>\n<td>1<\/td>\n<td>0<\/td>\n<td>0<\/td>\n<td>0<\/td>\n<td>0<\/td>\n<td>5<\/td>\n<td>0<\/td>\n<td>-3<\/td>\n<\/tr>\n<tr role=\"row\">\n<td><img decoding=\"async\" class=\"img-jugador\" title=\"ASCANIO, J.\" src=\"https:\/\/www.laliganacional.com.ar\/fotos\/380699?key=\" alt=\"ASCANIO, J.\" \/><\/td>\n<td>13 *<\/td>\n<td class=\"tNombre\">ASCANIO, J.<\/td>\n<td>25:26<\/td>\n<td>15<\/td>\n<td>2\/4<\/td>\n<td>50<\/td>\n<td>3\/7<\/td>\n<td>42<\/td>\n<td>2\/2<\/td>\n<td>100<\/td>\n<td>4<\/td>\n<td>0<\/td>\n<td>4<\/td>\n<td>0<\/td>\n<td>0<\/td>\n<td>1<\/td>\n<td>0<\/td>\n<td>0<\/td>\n<td>3<\/td>\n<td>1<\/td>\n<td>10<\/td>\n<\/tr>\n<tr role=\"row\">\n<td><img decoding=\"async\" class=\"img-jugador\" title=\"BALLARIN, G.\" src=\"https:\/\/www.laliganacional.com.ar\/fotos\/328418?key=\" alt=\"BALLARIN, G.\" \/><\/td>\n<td>14<\/td>\n<td class=\"tNombre\">BALLARIN, G.<\/td>\n<td>00:00<\/td>\n<td>0<\/td>\n<td>0\/0<\/td>\n<td>0<\/td>\n<td>0\/0<\/td>\n<td>0<\/td>\n<td>0\/0<\/td>\n<td>0<\/td>\n<td>0<\/td>\n<td>0<\/td>\n<td>0<\/td>\n<td>0<\/td>\n<td>0<\/td>\n<td>0<\/td>\n<td>0<\/td>\n<td>0<\/td>\n<td>0<\/td>\n<td>0<\/td>\n<td>0<\/td>\n<\/tr>\n<tr role=\"row\">\n<td><img decoding=\"async\" class=\"img-jugador\" title=\"GRANBERRY, R.\" src=\"https:\/\/www.laliganacional.com.ar\/fotos\/380816?key=\" alt=\"GRANBERRY, R.\" \/><\/td>\n<td>32 *<\/td>\n<td class=\"tNombre\">GRANBERRY, R.<\/td>\n<td>24:45<\/td>\n<td>26<\/td>\n<td>10\/13<\/td>\n<td>76<\/td>\n<td>1\/2<\/td>\n<td>50<\/td>\n<td>3\/4<\/td>\n<td>75<\/td>\n<td>8<\/td>\n<td>1<\/td>\n<td>9<\/td>\n<td>2<\/td>\n<td>2<\/td>\n<td>2<\/td>\n<td>2<\/td>\n<td>0<\/td>\n<td>3<\/td>\n<td>5<\/td>\n<td>36<\/td>\n<\/tr>\n<\/tbody>\n<tfoot>\n<tr class=\"footer-tabla-estadistica\" role=\"row\">\n<th class=\"text-center\" colspan=\"3\" data-column=\"0\">Totales<\/th>\n<th data-column=\"3\">200:00<\/th>\n<th data-column=\"4\">96<\/th>\n<th data-column=\"5\">21\/36<\/th>\n<th data-column=\"6\">58<\/th>\n<th data-column=\"7\">11\/32<\/th>\n<th data-column=\"8\">34<\/th>\n<th data-column=\"9\">21\/27<\/th>\n<th data-column=\"10\">77<\/th>\n<th data-column=\"11\">36<\/th>\n<th data-column=\"12\">4<\/th>\n<th data-column=\"13\">40<\/th>\n<th data-column=\"14\">15<\/th>\n<th data-column=\"15\">8<\/th>\n<th data-column=\"16\">7<\/th>\n<th data-column=\"17\">2<\/th>\n<th data-column=\"18\">1<\/th>\n<th data-column=\"19\">22<\/th>\n<th data-column=\"20\">25<\/th>\n<th data-column=\"21\">114<\/th>\n<\/tr>\n<\/tfoot>\n<\/table>\n<\/div>\n<hr \/>\n<div class=\"nombre-equipo p-3\"><img loading=\"lazy\" decoding=\"async\" class=\"\" title=\"ARGENTINO (J)&gt;\n            &lt;strong&gt;ARGENTINO (J)&lt;\/strong&gt;\n        &lt;\/div&gt;\n        &lt;div class=\" src=\"https:\/\/www.laliganacional.com.ar\/escudos\/1932\/88917?key=\" alt=\"ARGENTINO (J)\" width=\"90\" height=\"90\" \/> <strong>Argentino de Junin 76<\/strong><\/div>\n<\/div>\n<div id=\"scroll-estadisticas\" class=\"tarjeta-widget-contenido\">\n<div class=\"nombre-equipo p-3\"><strong>Entrenador: <\/strong>CAMUN, DIEGO HERNAN<\/div>\n<div class=\"table-responsive\">\n<table class=\"table table-striped tabla-estadisticas ordenTabla tablesorter tablesorter-default tablesorter8c6dabd24b112\" role=\"grid\">\n<tbody aria-live=\"polite\" aria-relevant=\"all\">\n<tr role=\"row\">\n<td><img decoding=\"async\" title=\"ARIAS, J.\" src=\"https:\/\/www.laliganacional.com.ar\/fotos\/96264?key=\" alt=\"ARIAS, J.\" \/><\/td>\n<td>1<\/td>\n<td class=\"tNombre\">ARIAS, J.<\/td>\n<td>00:00<\/td>\n<td>0<\/td>\n<td>0\/0<\/td>\n<td>0<\/td>\n<td>0\/0<\/td>\n<td>0<\/td>\n<td>0\/0<\/td>\n<td>0<\/td>\n<td>0<\/td>\n<td>0<\/td>\n<td>0<\/td>\n<td>0<\/td>\n<td>0<\/td>\n<td>0<\/td>\n<td>0<\/td>\n<td>0<\/td>\n<td>0<\/td>\n<td>0<\/td>\n<td>0<\/td>\n<\/tr>\n<tr role=\"row\">\n<td><img decoding=\"async\" title=\"PABLO, A.\" src=\"https:\/\/www.laliganacional.com.ar\/fotos\/379673?key=\" alt=\"PABLO, A.\" \/><\/td>\n<td>2 *<\/td>\n<td class=\"tNombre\">PABLO, A.<\/td>\n<td>34:16<\/td>\n<td>14<\/td>\n<td>7\/9<\/td>\n<td>77<\/td>\n<td>0\/5<\/td>\n<td>0<\/td>\n<td>0\/0<\/td>\n<td>0<\/td>\n<td>6<\/td>\n<td>0<\/td>\n<td>6<\/td>\n<td>2<\/td>\n<td>2<\/td>\n<td>3<\/td>\n<td>0<\/td>\n<td>1<\/td>\n<td>3<\/td>\n<td>1<\/td>\n<td>11<\/td>\n<\/tr>\n<tr role=\"row\">\n<td><img decoding=\"async\" title=\"FRONTERA, R.\" src=\"https:\/\/www.laliganacional.com.ar\/fotos\/323790?key=\" alt=\"FRONTERA, R.\" \/><\/td>\n<td>4<\/td>\n<td class=\"tNombre\">FRONTERA, R.<\/td>\n<td>24:32<\/td>\n<td>12<\/td>\n<td>1\/2<\/td>\n<td>50<\/td>\n<td>2\/2<\/td>\n<td>100<\/td>\n<td>4\/10<\/td>\n<td>40<\/td>\n<td>2<\/td>\n<td>0<\/td>\n<td>2<\/td>\n<td>3<\/td>\n<td>1<\/td>\n<td>2<\/td>\n<td>0<\/td>\n<td>0<\/td>\n<td>1<\/td>\n<td>6<\/td>\n<td>14<\/td>\n<\/tr>\n<tr role=\"row\">\n<td><img decoding=\"async\" title=\"CAPORALETTI, M.\" src=\"https:\/\/www.laliganacional.com.ar\/fotos\/214713?key=\" alt=\"CAPORALETTI, M.\" \/><\/td>\n<td>7<\/td>\n<td class=\"tNombre\">CAPORALETTI, M.<\/td>\n<td>00:00<\/td>\n<td>0<\/td>\n<td>0\/0<\/td>\n<td>0<\/td>\n<td>0\/0<\/td>\n<td>0<\/td>\n<td>0\/0<\/td>\n<td>0<\/td>\n<td>0<\/td>\n<td>0<\/td>\n<td>0<\/td>\n<td>0<\/td>\n<td>0<\/td>\n<td>0<\/td>\n<td>0<\/td>\n<td>0<\/td>\n<td>0<\/td>\n<td>0<\/td>\n<td>0<\/td>\n<\/tr>\n<tr role=\"row\">\n<td><img decoding=\"async\" title=\"SUAREZ, F.\" src=\"https:\/\/www.laliganacional.com.ar\/fotos\/181801?key=\" alt=\"SUAREZ, F.\" \/><\/td>\n<td>9<\/td>\n<td class=\"tNombre\">SUAREZ, F.<\/td>\n<td>00:00<\/td>\n<td>0<\/td>\n<td>0\/0<\/td>\n<td>0<\/td>\n<td>0\/0<\/td>\n<td>0<\/td>\n<td>0\/0<\/td>\n<td>0<\/td>\n<td>0<\/td>\n<td>0<\/td>\n<td>0<\/td>\n<td>0<\/td>\n<td>0<\/td>\n<td>0<\/td>\n<td>0<\/td>\n<td>0<\/td>\n<td>0<\/td>\n<td>0<\/td>\n<td>0<\/td>\n<\/tr>\n<tr role=\"row\">\n<td><img decoding=\"async\" title=\"REYES, A.\" src=\"https:\/\/www.laliganacional.com.ar\/fotos\/379576?key=\" alt=\"REYES, A.\" \/><\/td>\n<td>11 *<\/td>\n<td class=\"tNombre\">REYES, A.<\/td>\n<td>26:27<\/td>\n<td>13<\/td>\n<td>3\/3<\/td>\n<td>100<\/td>\n<td>0\/3<\/td>\n<td>0<\/td>\n<td>7\/7<\/td>\n<td>100<\/td>\n<td>8<\/td>\n<td>0<\/td>\n<td>8<\/td>\n<td>1<\/td>\n<td>0<\/td>\n<td>1<\/td>\n<td>0<\/td>\n<td>0<\/td>\n<td>1<\/td>\n<td>4<\/td>\n<td>21<\/td>\n<\/tr>\n<tr role=\"row\">\n<td><img decoding=\"async\" title=\"TRELLES, M.\" src=\"https:\/\/www.laliganacional.com.ar\/fotos\/379211?key=\" alt=\"TRELLES, M.\" \/><\/td>\n<td>14 *<\/td>\n<td class=\"tNombre\">TRELLES, M.<\/td>\n<td>27:48<\/td>\n<td>8<\/td>\n<td>1\/2<\/td>\n<td>50<\/td>\n<td>2\/4<\/td>\n<td>50<\/td>\n<td>0\/0<\/td>\n<td>0<\/td>\n<td>5<\/td>\n<td>1<\/td>\n<td>6<\/td>\n<td>4<\/td>\n<td>0<\/td>\n<td>3<\/td>\n<td>0<\/td>\n<td>0<\/td>\n<td>4<\/td>\n<td>1<\/td>\n<td>9<\/td>\n<\/tr>\n<tr role=\"row\">\n<td><img decoding=\"async\" title=\"DE MORAES, J.\" src=\"https:\/\/www.laliganacional.com.ar\/fotos\/383308?key=\" alt=\"DE MORAES, J.\" \/><\/td>\n<td>15<\/td>\n<td class=\"tNombre\">DE MORAES, J.<\/td>\n<td>18:13<\/td>\n<td>2<\/td>\n<td>1\/5<\/td>\n<td>20<\/td>\n<td>0\/0<\/td>\n<td>0<\/td>\n<td>0\/0<\/td>\n<td>0<\/td>\n<td>1<\/td>\n<td>0<\/td>\n<td>1<\/td>\n<td>0<\/td>\n<td>0<\/td>\n<td>0<\/td>\n<td>1<\/td>\n<td>1<\/td>\n<td>5<\/td>\n<td>3<\/td>\n<td>-3<\/td>\n<\/tr>\n<tr role=\"row\">\n<td><img decoding=\"async\" title=\"PODESTA, F.\" src=\"https:\/\/www.laliganacional.com.ar\/fotos\/323775?key=\" alt=\"PODESTA, F.\" \/><\/td>\n<td>19 *<\/td>\n<td class=\"tNombre\">PODESTA, F.<\/td>\n<td>22:22<\/td>\n<td>9<\/td>\n<td>1\/5<\/td>\n<td>20<\/td>\n<td>1\/3<\/td>\n<td>33<\/td>\n<td>4\/4<\/td>\n<td>100<\/td>\n<td>3<\/td>\n<td>0<\/td>\n<td>3<\/td>\n<td>0<\/td>\n<td>0<\/td>\n<td>0<\/td>\n<td>0<\/td>\n<td>0<\/td>\n<td>2<\/td>\n<td>2<\/td>\n<td>6<\/td>\n<\/tr>\n<tr role=\"row\">\n<td><img decoding=\"async\" title=\"BILBAO, S.\" src=\"https:\/\/www.laliganacional.com.ar\/fotos\/174821?key=\" alt=\"BILBAO, S.\" \/><\/td>\n<td>20<\/td>\n<td class=\"tNombre\">BILBAO, S.<\/td>\n<td>04:36<\/td>\n<td>0<\/td>\n<td>0\/0<\/td>\n<td>0<\/td>\n<td>0\/1<\/td>\n<td>0<\/td>\n<td>0\/0<\/td>\n<td>0<\/td>\n<td>0<\/td>\n<td>0<\/td>\n<td>0<\/td>\n<td>0<\/td>\n<td>0<\/td>\n<td>0<\/td>\n<td>0<\/td>\n<td>0<\/td>\n<td>2<\/td>\n<td>0<\/td>\n<td>-3<\/td>\n<\/tr>\n<tr role=\"row\">\n<td><img decoding=\"async\" title=\"SANDRINI, J.\" src=\"https:\/\/www.laliganacional.com.ar\/fotos\/219611?key=\" alt=\"SANDRINI, J.\" \/><\/td>\n<td>22 *<\/td>\n<td class=\"tNombre\">SANDRINI, J.<\/td>\n<td>24:07<\/td>\n<td>4<\/td>\n<td>1\/4<\/td>\n<td>25<\/td>\n<td>0\/1<\/td>\n<td>0<\/td>\n<td>2\/2<\/td>\n<td>100<\/td>\n<td>3<\/td>\n<td>0<\/td>\n<td>3<\/td>\n<td>4<\/td>\n<td>0<\/td>\n<td>0<\/td>\n<td>0<\/td>\n<td>0<\/td>\n<td>5<\/td>\n<td>2<\/td>\n<td>4<\/td>\n<\/tr>\n<tr role=\"row\">\n<td><img decoding=\"async\" title=\"DAVIS, V.\" src=\"https:\/\/www.laliganacional.com.ar\/fotos\/383392?key=\" alt=\"DAVIS, V.\" \/><\/td>\n<td>77<\/td>\n<td class=\"tNombre\">DAVIS, V.<\/td>\n<td>17:40<\/td>\n<td>14<\/td>\n<td>4\/7<\/td>\n<td>57<\/td>\n<td>1\/2<\/td>\n<td>50<\/td>\n<td>3\/5<\/td>\n<td>60<\/td>\n<td>3<\/td>\n<td>0<\/td>\n<td>3<\/td>\n<td>2<\/td>\n<td>1<\/td>\n<td>1<\/td>\n<td>0<\/td>\n<td>0<\/td>\n<td>2<\/td>\n<td>3<\/td>\n<td>14<\/td>\n<\/tr>\n<\/tbody>\n<tfoot>\n<tr class=\"footer-tabla-estadistica\" role=\"row\">\n<th class=\"text-center\" colspan=\"3\" data-column=\"0\">Totales<\/th>\n<th data-column=\"3\">200:00<\/th>\n<th data-column=\"4\">76<\/th>\n<th data-column=\"5\">19\/37<\/th>\n<th data-column=\"6\">51<\/th>\n<th data-column=\"7\">6\/21<\/th>\n<th data-column=\"8\">28<\/th>\n<th data-column=\"9\">20\/28<\/th>\n<th data-column=\"10\">71<\/th>\n<th data-column=\"11\">31<\/th>\n<th data-column=\"12\">1<\/th>\n<th data-column=\"13\">32<\/th>\n<th data-column=\"14\">16<\/th>\n<th data-column=\"15\">4<\/th>\n<th data-column=\"16\">10<\/th>\n<th data-column=\"17\">1<\/th>\n<th data-column=\"18\">2<\/th>\n<th data-column=\"19\">26<\/th>\n<th data-column=\"20\">22<\/th>\n<th data-column=\"21\">72<\/th>\n<\/tr>\n<\/tfoot>\n<\/table>\n<\/div>\n<\/div>\n<\/div>\n<div class=\"contenedor-informacion-tabla scrollHorizontal\">\n<div class=\"col-12\">\n<h2><strong>Boca-San Mart\u00edn, la propuesta del mi\u00e9rcoles en La Liga<\/strong><\/h2>\n<\/div>\n<div class=\"col-12 col-lg-8 offset-lg-2\">\n<figure class=\"col-12 contenido_caja imagen_detalle_noticia text-center\"><a class=\"enlace-foto-principal\" href=\"https:\/\/www.laliganacional.com.ar\/archivos\/noticias\/48644\/zoom-foto-64858.jpg\"><img decoding=\"async\" title=\"Boca-San Mart\u00edn, la propuesta del mi\u00e9rcoles en La Liga\" src=\"https:\/\/www.laliganacional.com.ar\/archivos\/noticias\/48644\/foto-64858.jpg\" alt=\"Boca-San Mart\u00edn, la propuesta del mi\u00e9rcoles en La Liga\" \/><\/a><figcaption>Boca-San Mart\u00edn, la propuesta del mi\u00e9rcoles en La Liga<\/figcaption><\/figure>\n<p><time datetime=\"2025-10-01:00:00:00\"><strong>mi\u00e9rcoles, 01 de octubre de 2025<\/strong><\/time><\/div>\n<div class=\"col-12 col-lg-8 offset-lg-2 position-relative\"><\/div>\n<div class=\"col-12 mb-4 text-center\">\n<div id=\"redesSociales\" class=\"jssocials\"><\/div>\n<\/div>\n<div class=\"col-12 datos_noticia\">\n<div class=\"col-12 contenido_caja p-0\">\n<div class=\"col-12 entradilla\">\n<p><strong>El Xeneize, \u00faltimo campe\u00f3n, recibe a San Mart\u00edn de Corrientes desde las 22.10 por TyC Sports.<\/strong><\/p>\n<\/div>\n<div class=\"col-12 parrafos-noticia\">\n<p><strong>BOCA &#8211; SAN MART\u00cdN<\/strong><\/p>\n<p><strong>Hora:<\/strong>\u00a022.10.\u00a0<strong>TV:<\/strong>\u00a0TyC Sports.<\/p>\n<p><strong>\u00c1rbitros:\u00a0<\/strong>Pablo Est\u00e9vez, Roberto Smith y Emanuel S\u00e1nchez<\/p>\n<p><strong>Estadio:<\/strong>\u00a0Luis Conde (CABA).<\/p>\n<p>La Liga Nacional 2025\/26 contin\u00faa con todo. El vigente campe\u00f3n Boca ya mostr\u00f3 sus credenciales en el estreno con un triunfo s\u00f3lido en casa, en el que se destac\u00f3 la intensidad de su rotaci\u00f3n y la jerarqu\u00eda individual. Agust\u00edn Barreiro, con 16 puntos, ratific\u00f3 su crecimiento en la competencia, mientras que Francisco C\u00e1ffaro impuso presencia en la pintura con una planilla de 15 tantos, 11 rebotes y 28 de valoraci\u00f3n.<\/p>\n<p>Del otro lado estar\u00e1 San Mart\u00edn, que tambi\u00e9n comenz\u00f3 la temporada con una sonrisa tras imponerse con autoridad a Atenas (76-49). El Rojinegro exhibi\u00f3 un juego colectivo aceitado y tuvo en V\u00edctor Fern\u00e1ndez a su principal figura con 18 unidades y 5 rebotes, acompa\u00f1ado por la firme tarea de Garc\u00eda (13 puntos y 3 asistencias).<\/p>\n<p>La cita es en La Bombonerita, con dos equipos que llegan envalentonados y la ilusi\u00f3n de ser protagonistas. Desde las 22.10, por la pantalla de TyC Sports,<\/p>\n<\/div>\n<\/div>\n<\/div>\n<\/div>\n","protected":false},"excerpt":{"rendered":"<p>&nbsp; Foto portada: El chaque\u00f1o P\u00e9rez Doutath con protagonismo en La Baneda. Victoria de Ol\u00edmpico en La Banda sobre Argentino de Junin por 96 a 76, por la segunda fecha de la Liga Nacional. La gran figura del encuentro fue Richard Granberry, determinante con 26 puntos y 9 rebotes. &nbsp; El conjunto bande\u00f1o comenz\u00f3 a &hellip;<\/p>\n","protected":false},"author":2,"featured_media":26330,"comment_status":"open","ping_status":"open","sticky":false,"template":"","format":"standard","meta":{"footnotes":""},"categories":[3],"tags":[],"class_list":["post-26328","post","type-post","status-publish","format-standard","has-post-thumbnail","hentry","category-basquetbol"],"_links":{"self":[{"href":"https:\/\/www.sportchaco.com.ar\/index.php?rest_route=\/wp\/v2\/posts\/26328","targetHints":{"allow":["GET"]}}],"collection":[{"href":"https:\/\/www.sportchaco.com.ar\/index.php?rest_route=\/wp\/v2\/posts"}],"about":[{"href":"https:\/\/www.sportchaco.com.ar\/index.php?rest_route=\/wp\/v2\/types\/post"}],"author":[{"embeddable":true,"href":"https:\/\/www.sportchaco.com.ar\/index.php?rest_route=\/wp\/v2\/users\/2"}],"replies":[{"embeddable":true,"href":"https:\/\/www.sportchaco.com.ar\/index.php?rest_route=%2Fwp%2Fv2%2Fcomments&post=26328"}],"version-history":[{"count":1,"href":"https:\/\/www.sportchaco.com.ar\/index.php?rest_route=\/wp\/v2\/posts\/26328\/revisions"}],"predecessor-version":[{"id":26331,"href":"https:\/\/www.sportchaco.com.ar\/index.php?rest_route=\/wp\/v2\/posts\/26328\/revisions\/26331"}],"wp:featuredmedia":[{"embeddable":true,"href":"https:\/\/www.sportchaco.com.ar\/index.php?rest_route=\/wp\/v2\/media\/26330"}],"wp:attachment":[{"href":"https:\/\/www.sportchaco.com.ar\/index.php?rest_route=%2Fwp%2Fv2%2Fmedia&parent=26328"}],"wp:term":[{"taxonomy":"category","embeddable":true,"href":"https:\/\/www.sportchaco.com.ar\/index.php?rest_route=%2Fwp%2Fv2%2Fcategories&post=26328"},{"taxonomy":"post_tag","embeddable":true,"href":"https:\/\/www.sportchaco.com.ar\/index.php?rest_route=%2Fwp%2Fv2%2Ftags&post=26328"}],"curies":[{"name":"wp","href":"https:\/\/api.w.org\/{rel}","templated":true}]}}