{"id":2635,"date":"2023-11-09T00:11:44","date_gmt":"2023-11-09T03:11:44","guid":{"rendered":"https:\/\/www.sportchaco.com.ar\/?p=2635"},"modified":"2023-11-09T12:33:47","modified_gmt":"2023-11-09T15:33:47","slug":"2635","status":"publish","type":"post","link":"https:\/\/www.sportchaco.com.ar\/?p=2635","title":{"rendered":"Efem\u00e9rides del 9 de noviembre"},"content":{"rendered":"<p><strong>Esta es la Efem\u00e9rides del Deporte en el Chaco de un 9 de noviembre del periodista Luis Dar\u00edo Molodezky<\/strong><\/p>\n<p><strong> <img loading=\"lazy\" decoding=\"async\" class=\"alignnone size-full wp-image-2636\" src=\"https:\/\/www.sportchaco.com.ar\/wp-content\/uploads\/2023\/11\/Molodezky-NOV-2023.jpg\" alt=\"\" width=\"211\" height=\"241\" \/><\/strong><\/p>\n<p><strong>1918 <\/strong>\/ Se funda el Club Atl\u00e9tico Sportivo, primera Instituci\u00f3n Social y Deportiva de S\u00e1enz Pe\u00f1a. Es el decano de todas las instituciones sociales y deportivas. Fue su primer presidente un maestro de escuela, Marcos Tom\u00e1s Amarilla y secretario don Paulino Lucero. Su primera cancha estuvo emplazada en la actual plaza del Ensanche Sud, la segundo en el predio del Hotel Gualok y finalmente hoy su estadio est\u00e1\u00a0 en la Manzana 9 de Blas Parera y San Mart\u00edn<\/p>\n<p><strong>1963 <\/strong>\/ El pesista pluma chaque\u00f1o H\u00e9ctor Itonaga, bate el r\u00e9cord nacional de envi\u00f3n en su categor\u00eda, en su debut como atleta libre en un Campeonato Argentino, disputado en Temperley, Buenos Aires. Con 18 a\u00f1os (19-8-45), lleva la marca de 86 kg a 97,500 kg.<\/p>\n<p><strong>1979 <\/strong>\/ Sergio V\u00edctor Palma retiene el t\u00edtulo sudamericano de los supergallos, al superar por KO en el tercer asalto al paraguayo Miguel \u00c1ngel Lovera. La pelea se desarroll\u00f3 en el estadio de Club Alvear de Villa \u00c1ngela ante una multitud.<\/p>\n<p><strong>1985 <\/strong>\/ Carlos Guillermo Varas del Club Regatas, se corona campe\u00f3n argentino de 110 metros con vallas, con una marca de 14\u201d4\/10. Jes\u00fas L\u00f3pez Ordaz fue subcampe\u00f3n en lanzamiento de jabalina con 65,75 metros.<\/p>\n<p><strong>2008 <\/strong>\/ La Federaci\u00f3n Chaque\u00f1a obtiene varios campeones en Nacional Federativo de Gimnasia Art\u00edstica Masculina, que se disputa en Las Heras, Mendoza. En nivel B, categor\u00eda menores, Juan Mart\u00edn Casco; nivel C menores Gian Franco Piccini, infantiles Gabriel Bra\u00f1a; nivel D menores Piero Mazaferro. Tambi\u00e9n logr\u00f3 el t\u00edtulo por equipos integrando por Piero Mazaferro, Ramiro Casco, Nicol\u00e1s Ghiggeri, Franco Maidana, Enzo Soto y Natanael Kimmich; infantiles Brian Tkachuk; cadetes Ivo Lucchini.<\/p>\n<p><strong>2021 <\/strong>\/ Fallece en Resistencia, el extraordinario futbolista Nelson Mart\u00ednez. desde los 3 a\u00f1os vivi\u00f3 en el Chaco. Se inici\u00f3 en Regional y jug\u00f3 desde los 17 a\u00f1os en primera. Tras un corto paso por Sarmiento fue transferido en 1953 a Ferro en 100 mil pesos, donde jug\u00f3 5 a\u00f1os. Luego tuvo un paso por All Boys. Volvi\u00f3 a Sarmiento donde se consagr\u00f3 campe\u00f3n en 1967. Jug\u00f3 oficialmente hasta los 41 a\u00f1os. Nunca dej\u00f3 de jugar con sus amigos. Fue DT del decano, Central Norte, Municipales, For Ever y fue campe\u00f3n en 1982 con Don Orione. Un talentoso volante, de exquisita pegada y elegancia. Hab\u00eda nacido un 30 de abril de 1930 en Obispo Trejo, C\u00f3rdoba.<\/p>\n<p><strong>\u00a02022 \/<\/strong> Juventud de Puerto Tirol obtiene su primer t\u00edtulo oficial de la Liga Chaque\u00f1a de F\u00fatbol, al vencer por 4 a 3 a Resistencia Central, en partido \u00fanico entre los ganadores de zonas del torneo Clausura, El cotejo se disput\u00f3 en el estadio Centenario.<\/p>\n<p>&nbsp;<\/p>\n<p>&nbsp;<\/p>\n<p><strong>Foto de Guillermo Varas recibiendo un premio del C\u00edrculo de Periodistas Deportivos de mano de Ram\u00f3n Gonz\u00e1lez<\/strong><\/p>\n","protected":false},"excerpt":{"rendered":"<p>Esta es la Efem\u00e9rides del Deporte en el Chaco de un 9 de noviembre del periodista Luis Dar\u00edo Molodezky 1918 \/ Se funda el Club Atl\u00e9tico Sportivo, primera Instituci\u00f3n Social y Deportiva de S\u00e1enz Pe\u00f1a. Es el decano de todas las instituciones sociales y deportivas. Fue su primer presidente un maestro de escuela, Marcos Tom\u00e1s &hellip;<\/p>\n","protected":false},"author":2,"featured_media":2637,"comment_status":"open","ping_status":"open","sticky":false,"template":"","format":"standard","meta":{"footnotes":""},"categories":[45],"tags":[],"class_list":["post-2635","post","type-post","status-publish","format-standard","has-post-thumbnail","hentry","category-efemerides-dia-por-dia"],"_links":{"self":[{"href":"https:\/\/www.sportchaco.com.ar\/index.php?rest_route=\/wp\/v2\/posts\/2635","targetHints":{"allow":["GET"]}}],"collection":[{"href":"https:\/\/www.sportchaco.com.ar\/index.php?rest_route=\/wp\/v2\/posts"}],"about":[{"href":"https:\/\/www.sportchaco.com.ar\/index.php?rest_route=\/wp\/v2\/types\/post"}],"author":[{"embeddable":true,"href":"https:\/\/www.sportchaco.com.ar\/index.php?rest_route=\/wp\/v2\/users\/2"}],"replies":[{"embeddable":true,"href":"https:\/\/www.sportchaco.com.ar\/index.php?rest_route=%2Fwp%2Fv2%2Fcomments&post=2635"}],"version-history":[{"count":3,"href":"https:\/\/www.sportchaco.com.ar\/index.php?rest_route=\/wp\/v2\/posts\/2635\/revisions"}],"predecessor-version":[{"id":2652,"href":"https:\/\/www.sportchaco.com.ar\/index.php?rest_route=\/wp\/v2\/posts\/2635\/revisions\/2652"}],"wp:featuredmedia":[{"embeddable":true,"href":"https:\/\/www.sportchaco.com.ar\/index.php?rest_route=\/wp\/v2\/media\/2637"}],"wp:attachment":[{"href":"https:\/\/www.sportchaco.com.ar\/index.php?rest_route=%2Fwp%2Fv2%2Fmedia&parent=2635"}],"wp:term":[{"taxonomy":"category","embeddable":true,"href":"https:\/\/www.sportchaco.com.ar\/index.php?rest_route=%2Fwp%2Fv2%2Fcategories&post=2635"},{"taxonomy":"post_tag","embeddable":true,"href":"https:\/\/www.sportchaco.com.ar\/index.php?rest_route=%2Fwp%2Fv2%2Ftags&post=2635"}],"curies":[{"name":"wp","href":"https:\/\/api.w.org\/{rel}","templated":true}]}}