{"id":26379,"date":"2025-10-02T23:46:44","date_gmt":"2025-10-03T02:46:44","guid":{"rendered":"https:\/\/www.sportchaco.com.ar\/?p=26379"},"modified":"2025-10-02T23:47:14","modified_gmt":"2025-10-03T02:47:14","slug":"efemerides-del-3-de-octubre-2","status":"publish","type":"post","link":"https:\/\/www.sportchaco.com.ar\/?p=26379","title":{"rendered":"Efem\u00e9rides del 3 de octubre"},"content":{"rendered":"<div class=\"container fullwidth-entry-title-wrapper\">\n<div class=\"container-wrapper fullwidth-entry-title\">\n<header class=\"entry-header-outer\">\n<div class=\"entry-header\">\n<h1 class=\"post-title entry-title\"><\/h1>\n<div class=\"single-post-meta post-meta clearfix\"><\/div>\n<\/div>\n<\/header>\n<\/div>\n<\/div>\n<div id=\"content\" class=\"site-content container\">\n<div id=\"main-content-row\" class=\"tie-row main-content-row\">\n<div class=\"main-content tie-col-md-8 tie-col-xs-12\" role=\"main\">\n<article id=\"the-post\" class=\"container-wrapper post-content tie-standard\">\n<div class=\"featured-area\">\n<h5 class=\"featured-area-inner\"><\/h5>\n<\/div>\n<div class=\"entry-content entry clearfix\">\n<h5><strong>Esta es la Efem\u00e9rides del Deporte en el Chaco de un 3 de octubre del periodista Luis Dar\u00edo Molodezky.<\/strong><\/h5>\n<p><strong>\u00a0<\/strong><\/p>\n<p style=\"text-align: center;\"><img loading=\"lazy\" decoding=\"async\" class=\"alignnone size-medium wp-image-26374\" src=\"https:\/\/www.sportchaco.com.ar\/wp-content\/uploads\/2025\/10\/Luis-carita-287x300.jpg\" alt=\"\" width=\"287\" height=\"300\" srcset=\"https:\/\/www.sportchaco.com.ar\/wp-content\/uploads\/2025\/10\/Luis-carita-287x300.jpg 287w, https:\/\/www.sportchaco.com.ar\/wp-content\/uploads\/2025\/10\/Luis-carita.jpg 430w\" sizes=\"auto, (max-width: 287px) 100vw, 287px\" \/><\/p>\n<p><strong>\u00a0<\/strong><\/p>\n<p><strong>1948\u00a0<\/strong>\/ For Ever se consagra campe\u00f3n del Torneo Oficial de la Liga Chaque\u00f1a de F\u00fatbol despu\u00e9s de vencer a Regional, en Villa Libertad por 5 a 1. Consigui\u00f3 el t\u00edtulo tras una sequ\u00eda de 13 a\u00f1os.<\/p>\n<p><strong>1984 \/<\/strong>\u00a0Nace Juan Manuel Insaurralde (foto portada), futbolista de extensa carrera en el f\u00fatbol argentino y el exterior. Se inici\u00f3 en Municipales de Resistencia, jug\u00f3 para Central Norte siempre en inferiores y muy jovencito se desarroll\u00f3 en Chacarita Juniors. Debut\u00f3 en primera con esa casaca para pasar en el 2008 a Newell\u00b4s, compartiendo una recordada zaga central con Rolando Schiavi, que se repiti\u00f3 en Boca Juniors donde obtuvo varios t\u00edtulos. Jug\u00f3 un partido con la Selecci\u00f3n Argentina convocado por Diego Maradona. Fue transferido en 4 millones de d\u00f3lares al Spartak de Mosc\u00fa, y tuvo un corto paso por el Paok de Grecia donde jug\u00f3 la Champions. En 2015 pas\u00f3 a Jaguares de Chiapas, M\u00e9xico. En 2016 y 2017 volvi\u00f3 a jugar en Boca Juniors y desde 2018 estuvo en el Colo Colo de Chile. A principios de 2021 lo contrat\u00f3 Independiente, equipo del que es hincha.<\/p>\n<p><strong>1999\u00a0<\/strong>\/ El chaque\u00f1o Fabi\u00e1n Zalazar, integrando el equipo Argentino de Artes Marciales, obtiene el cuarto puesto en la especialidad formas de pu\u00f1o, mano vac\u00eda, en el Campeonato Mundial realizado en Budapest, Hungr\u00eda.<\/p>\n<p><strong>2012 \/<\/strong>\u00a0Frustrado partido amistoso entre Argentina y Brasil en el estadio Centenario de Resistencia. Un apag\u00f3n nunca aclarado impidi\u00f3 que se jugara el partido con el estadio lleno y los equipos en la cancha listos para iniciar el jugo. El encuentro era revancha de otro jugado en Goiania. Los equipos estuvieron esperando m\u00e1s de una hora, pero nunca pudieron prenderse las torres. Una semana despu\u00e9s comenz\u00f3 la devoluci\u00f3n del importe de las entradas. En repetidas ocasiones se habl\u00f3 de un sabotaje, pero las investigaciones no prosperaron y nunca se supo el motivo del incidente. La verde amarilla ten\u00eda en su equipo inicial al Neymar.<\/p>\n<\/div>\n<\/article>\n<\/div>\n<\/div>\n<\/div>\n","protected":false},"excerpt":{"rendered":"<p>Esta es la Efem\u00e9rides del Deporte en el Chaco de un 3 de octubre del periodista Luis Dar\u00edo Molodezky. \u00a0 \u00a0 1948\u00a0\/ For Ever se consagra campe\u00f3n del Torneo Oficial de la Liga Chaque\u00f1a de F\u00fatbol despu\u00e9s de vencer a Regional, en Villa Libertad por 5 a 1. Consigui\u00f3 el t\u00edtulo tras una sequ\u00eda de &hellip;<\/p>\n","protected":false},"author":2,"featured_media":26414,"comment_status":"open","ping_status":"open","sticky":false,"template":"","format":"standard","meta":{"footnotes":""},"categories":[45,40],"tags":[],"class_list":["post-26379","post","type-post","status-publish","format-standard","has-post-thumbnail","hentry","category-efemerides-dia-por-dia","category-octubre"],"_links":{"self":[{"href":"https:\/\/www.sportchaco.com.ar\/index.php?rest_route=\/wp\/v2\/posts\/26379","targetHints":{"allow":["GET"]}}],"collection":[{"href":"https:\/\/www.sportchaco.com.ar\/index.php?rest_route=\/wp\/v2\/posts"}],"about":[{"href":"https:\/\/www.sportchaco.com.ar\/index.php?rest_route=\/wp\/v2\/types\/post"}],"author":[{"embeddable":true,"href":"https:\/\/www.sportchaco.com.ar\/index.php?rest_route=\/wp\/v2\/users\/2"}],"replies":[{"embeddable":true,"href":"https:\/\/www.sportchaco.com.ar\/index.php?rest_route=%2Fwp%2Fv2%2Fcomments&post=26379"}],"version-history":[{"count":2,"href":"https:\/\/www.sportchaco.com.ar\/index.php?rest_route=\/wp\/v2\/posts\/26379\/revisions"}],"predecessor-version":[{"id":26381,"href":"https:\/\/www.sportchaco.com.ar\/index.php?rest_route=\/wp\/v2\/posts\/26379\/revisions\/26381"}],"wp:featuredmedia":[{"embeddable":true,"href":"https:\/\/www.sportchaco.com.ar\/index.php?rest_route=\/wp\/v2\/media\/26414"}],"wp:attachment":[{"href":"https:\/\/www.sportchaco.com.ar\/index.php?rest_route=%2Fwp%2Fv2%2Fmedia&parent=26379"}],"wp:term":[{"taxonomy":"category","embeddable":true,"href":"https:\/\/www.sportchaco.com.ar\/index.php?rest_route=%2Fwp%2Fv2%2Fcategories&post=26379"},{"taxonomy":"post_tag","embeddable":true,"href":"https:\/\/www.sportchaco.com.ar\/index.php?rest_route=%2Fwp%2Fv2%2Ftags&post=26379"}],"curies":[{"name":"wp","href":"https:\/\/api.w.org\/{rel}","templated":true}]}}