{"id":26382,"date":"2025-10-02T23:48:19","date_gmt":"2025-10-03T02:48:19","guid":{"rendered":"https:\/\/www.sportchaco.com.ar\/?p=26382"},"modified":"2025-10-02T23:49:18","modified_gmt":"2025-10-03T02:49:18","slug":"sabotaje-o-accidente-el-apagon-que-frustro-argentina-brasil-en-chaco","status":"publish","type":"post","link":"https:\/\/www.sportchaco.com.ar\/?p=26382","title":{"rendered":"\u00bfSabotaje o accidente? El apag\u00f3n que frustr\u00f3 Argentina \u2013 Brasil en Chaco"},"content":{"rendered":"<p>&nbsp;<\/p>\n<p>El <strong>3 de octubre de 2012<\/strong> deb\u00eda ser una jornada hist\u00f3rica para el f\u00fatbol chaque\u00f1o. Por primera vez, el <strong>seleccionado de Brasil<\/strong> llegaba a Resistencia para disputar el <strong>Supercl\u00e1sico de las Am\u00e9ricas<\/strong> ante la Argentina de Alejandro Sabella. En la previa, el escenario era de fiesta: m\u00e1s de <strong>20 mil almas colmaron el Estadio Centenario del Club Sarmiento<\/strong>, la ciudad estaba convulsionada y todos aguardaban ver en acci\u00f3n a figuras como <strong>Neymar<\/strong>, entonces una promesa en ascenso, frente a la Albiceleste.<\/p>\n<p>Pero la ilusi\u00f3n se transform\u00f3 en frustraci\u00f3n. Minutos antes del inicio del encuentro, un <strong>misterioso apag\u00f3n en tres torres de iluminaci\u00f3n<\/strong> dej\u00f3 el estadio en penumbras. Lo que parec\u00eda un desperfecto t\u00e9cnico menor termin\u00f3 en una <strong>suspensi\u00f3n <\/strong>que priv\u00f3 a miles de hinchas de vivir un partido inolvidable.<\/p>\n<p><iframe loading=\"lazy\" title=\"ARGENTINA VS. BRASIL EL PARTIDO QUE NO FUE 03-10-2012\" width=\"500\" height=\"375\" src=\"https:\/\/www.youtube.com\/embed\/fbDu0dj1UdQ?feature=oembed\" frameborder=\"0\" allow=\"accelerometer; autoplay; clipboard-write; encrypted-media; gyroscope; picture-in-picture; web-share\" referrerpolicy=\"strict-origin-when-cross-origin\" allowfullscreen><\/iframe><\/p>\n<p><img decoding=\"async\" src=\"https:\/\/resizer.glanacion.com\/resizer\/v2\/SZDZFABYTFD75K5JGXE4TI4TFE.jpg?auth=e29cb54c6845220ce8013dca699d3f4a70c4cc04d85e6161f785b17ee18b66e8&amp;width=420&amp;height=280&amp;quality=70&amp;smart=true\" \/><\/p>\n<p><strong>Las dudas<\/strong><\/p>\n<p>El gobierno provincial y los organizadores se\u00f1alaron como causa la <strong>p\u00e9rdida de aislaci\u00f3n en un cable de una torre de iluminaci\u00f3n<\/strong>, que provoc\u00f3 fallas irreparables en el sistema el\u00e9ctrico. Incluso se habl\u00f3 de un incendio en una central de asistencia el\u00e9ctrica, sofocado por bomberos.<\/p>\n<p>Sin embargo, la magnitud del corte aliment\u00f3 las especulaciones. Hubo quienes mencionaron un posible <strong>sabotaje<\/strong>, nunca probado ni descartado. Otros apuntaron a <strong>deficiencias en los materiales utilizados en la instalaci\u00f3n el\u00e9ctrica<\/strong>. Las investigaciones prometidas jam\u00e1s arrojaron resultados concluyentes.<\/p>\n<p><strong>La espera y la suspensi\u00f3n<\/strong><\/p>\n<p>Durante m\u00e1s de una hora, jugadores y \u00e1rbitros esperaron en el campo y luego en los vestuarios. El \u00e1rbitro chileno Enrique Osses fue contundente: <em>\u201cNo se ve\u00eda del todo bien, consult\u00e9 con los arqueros y me dijeron que no ten\u00edan visibilidad. Nadie nos garantizaba que la luz volviera, por eso suspendimos\u201d<\/em>.<\/p>\n<p>La AFA intent\u00f3 reprogramar el partido para el d\u00eda siguiente, pero la delegaci\u00f3n brasile\u00f1a se neg\u00f3 por cuestiones de calendario. El p\u00fablico, indignado, termin\u00f3 retir\u00e1ndose con el sabor amargo de una oportunidad perdida. Una semana despu\u00e9s comenz\u00f3 la devoluci\u00f3n de las entradas.<\/p>\n<p><img decoding=\"async\" class=\"aligncenter\" src=\"https:\/\/www.clarin.com\/img\/2012\/10\/03\/B1l7SQx0Xl_312x240.jpg\" alt=\"Un papel\u00f3n: se suspendi\u00f3 Argentina-Brasil por falta de luz\" \/><\/p>\n<p><strong>Voces y repercusiones<\/strong><\/p>\n<p>El entrenador argentino, <strong>Alejandro Sabella<\/strong>, se mostr\u00f3 dolido: <em>\u201cHab\u00eda ganas de jugar y la gente ten\u00eda mucha ilusi\u00f3n\u201d<\/em>. El capit\u00e1n argentino, Sebasti\u00e1n Dom\u00ednguez, lo resumi\u00f3 como un hecho \u201cins\u00f3lito\u201d.<\/p>\n<p>Desde el lado brasile\u00f1o, el DT Mano Menezes fue cr\u00edtico: <em>\u201cDos potencias no pueden quedarse sin jugar por un problema como \u00e9ste. Son cuestiones t\u00e9cnicas que deben prevenirse\u201d<\/em>.<\/p>\n<p><img decoding=\"async\" src=\"https:\/\/media.minutouno.com\/p\/a39524f00f61bcbaf33b2668a988b463\/adjuntos\/150\/imagenes\/025\/938\/0025938351\/610x0\/smart\/brasil-chaco.png\" alt=\"As\u00ed vieron los brasile\u00f1os el apag\u00f3n en el estadio de Chaco\" \/><\/p>\n<p><strong>Pol\u00edtica y pol\u00e9mica<\/strong><\/p>\n<p>El apag\u00f3n tambi\u00e9n encendi\u00f3 chispas pol\u00edticas. El entonces gobernador <strong>Jorge Capitanich<\/strong>, presidente del Club Sarmiento, qued\u00f3 en el ojo de la tormenta. La intendenta de Resistencia, <strong>A\u00edda Ayala<\/strong>, responsabiliz\u00f3 al gobierno provincial por no haber garantizado el espect\u00e1culo. El episodio se transform\u00f3 en un esc\u00e1ndalo que trascendi\u00f3 lo deportivo. Hablan de una misteriosa visita al tablero de las torres en horas de la siesta previa al partido.<\/p>\n<p><strong>Una noche para el olvido<\/strong><\/p>\n<p>El <strong>Supercl\u00e1sico de las Am\u00e9ricas<\/strong> que deb\u00eda consagrar al Chaco como plaza internacional termin\u00f3 siendo recordado como el partido que <strong>nunca se jug\u00f3<\/strong>. Un hecho ins\u00f3lito que, m\u00e1s de una d\u00e9cada despu\u00e9s, todav\u00eda se recuerda con la misma pregunta: \u00bffue un simple accidente el\u00e9ctrico o hubo algo m\u00e1s detr\u00e1s de aquel apag\u00f3n?<\/p>\n<p><strong> <img loading=\"lazy\" decoding=\"async\" class=\"alignnone wp-image-26374\" src=\"https:\/\/www.sportchaco.com.ar\/wp-content\/uploads\/2025\/10\/Luis-carita-287x300.jpg\" alt=\"\" width=\"35\" height=\"37\" srcset=\"https:\/\/www.sportchaco.com.ar\/wp-content\/uploads\/2025\/10\/Luis-carita-287x300.jpg 287w, https:\/\/www.sportchaco.com.ar\/wp-content\/uploads\/2025\/10\/Luis-carita.jpg 430w\" sizes=\"auto, (max-width: 35px) 100vw, 35px\" \/> Por LUIS DARIO MOLODEZKY<\/strong><\/p>\n","protected":false},"excerpt":{"rendered":"<p>&nbsp; El 3 de octubre de 2012 deb\u00eda ser una jornada hist\u00f3rica para el f\u00fatbol chaque\u00f1o. Por primera vez, el seleccionado de Brasil llegaba a Resistencia para disputar el Supercl\u00e1sico de las Am\u00e9ricas ante la Argentina de Alejandro Sabella. En la previa, el escenario era de fiesta: m\u00e1s de 20 mil almas colmaron el Estadio &hellip;<\/p>\n","protected":false},"author":2,"featured_media":26383,"comment_status":"open","ping_status":"open","sticky":false,"template":"","format":"standard","meta":{"footnotes":""},"categories":[1,78],"tags":[],"class_list":["post-26382","post","type-post","status-publish","format-standard","has-post-thumbnail","hentry","category-fotos-del-recuerdo","category-historias"],"_links":{"self":[{"href":"https:\/\/www.sportchaco.com.ar\/index.php?rest_route=\/wp\/v2\/posts\/26382","targetHints":{"allow":["GET"]}}],"collection":[{"href":"https:\/\/www.sportchaco.com.ar\/index.php?rest_route=\/wp\/v2\/posts"}],"about":[{"href":"https:\/\/www.sportchaco.com.ar\/index.php?rest_route=\/wp\/v2\/types\/post"}],"author":[{"embeddable":true,"href":"https:\/\/www.sportchaco.com.ar\/index.php?rest_route=\/wp\/v2\/users\/2"}],"replies":[{"embeddable":true,"href":"https:\/\/www.sportchaco.com.ar\/index.php?rest_route=%2Fwp%2Fv2%2Fcomments&post=26382"}],"version-history":[{"count":4,"href":"https:\/\/www.sportchaco.com.ar\/index.php?rest_route=\/wp\/v2\/posts\/26382\/revisions"}],"predecessor-version":[{"id":26387,"href":"https:\/\/www.sportchaco.com.ar\/index.php?rest_route=\/wp\/v2\/posts\/26382\/revisions\/26387"}],"wp:featuredmedia":[{"embeddable":true,"href":"https:\/\/www.sportchaco.com.ar\/index.php?rest_route=\/wp\/v2\/media\/26383"}],"wp:attachment":[{"href":"https:\/\/www.sportchaco.com.ar\/index.php?rest_route=%2Fwp%2Fv2%2Fmedia&parent=26382"}],"wp:term":[{"taxonomy":"category","embeddable":true,"href":"https:\/\/www.sportchaco.com.ar\/index.php?rest_route=%2Fwp%2Fv2%2Fcategories&post=26382"},{"taxonomy":"post_tag","embeddable":true,"href":"https:\/\/www.sportchaco.com.ar\/index.php?rest_route=%2Fwp%2Fv2%2Ftags&post=26382"}],"curies":[{"name":"wp","href":"https:\/\/api.w.org\/{rel}","templated":true}]}}