{"id":26403,"date":"2025-10-02T20:30:43","date_gmt":"2025-10-02T23:30:43","guid":{"rendered":"https:\/\/www.sportchaco.com.ar\/?p=26403"},"modified":"2025-10-02T20:31:37","modified_gmt":"2025-10-02T23:31:37","slug":"cargos-para-argentinos-en-la-fifa","status":"publish","type":"post","link":"https:\/\/www.sportchaco.com.ar\/?p=26403","title":{"rendered":"Cargos para argentinos en la FIFA"},"content":{"rendered":"<div class=\"xdj266r x14z9mp xat24cr x1lziwak x1vvkbs x126k92a\">\n<div dir=\"auto\">\n<header class=\"article-header-wrapper\">\n<div class=\"article-header\">\n<h5 id=\"la-afa-logro-record-de-cargos-en-la-fifa:-el-rol-en-el-que-fue-designado-el-presidente-claudio-tapia\" class=\"display-block article-headline text_align_left\">La AFA logr\u00f3 r\u00e9cord de cargos en la FIFA: el rol en el que fue designado el presidente Claudio Tapia. Con el Chiqui a la cabeza, la Asociaci\u00f3n del F\u00fatbol Argentino suma representantes en siete comisiones clave del ente rector del f\u00fatbol mundial<\/h5>\n<\/div>\n<\/header>\n<article class=\"article\">\n<div class=\"sharebar-container display_flex\">\n<div class=\"sharebar-buttons-container display_flex\">\n<div class=\"sharebar-buttons button-save\" tabindex=\"0\" role=\"button\" aria-label=\"Guardar\"><\/div>\n<div class=\"sharebar-buttons-separator\"><\/div>\n<p>&nbsp;<\/p>\n<\/div>\n<\/div>\n<div class=\"body-article \">\n<div class=\"visual__image image-initial-width\"><picture><source srcset=\"https:\/\/www.infobae.com\/resizer\/v2\/GDI2CYOGRBBWTPHPWJJ2PFC3SI.jpeg?auth=8c1e7f4796a7d71e21050d1e34d473711b5693a0f9629b7861867ea1255e1816&amp;smart=true&amp;width=992&amp;height=558&amp;quality=85\" media=\"(min-width: 1000px)\" \/><source srcset=\"https:\/\/www.infobae.com\/resizer\/v2\/GDI2CYOGRBBWTPHPWJJ2PFC3SI.jpeg?auth=8c1e7f4796a7d71e21050d1e34d473711b5693a0f9629b7861867ea1255e1816&amp;smart=true&amp;width=768&amp;height=432&amp;quality=85\" media=\"(min-width: 768px)\" \/><source srcset=\"https:\/\/www.infobae.com\/resizer\/v2\/GDI2CYOGRBBWTPHPWJJ2PFC3SI.jpeg?auth=8c1e7f4796a7d71e21050d1e34d473711b5693a0f9629b7861867ea1255e1816&amp;smart=true&amp;width=577&amp;height=325&amp;quality=85\" media=\"(min-width: 580px)\" \/><source srcset=\"https:\/\/www.infobae.com\/resizer\/v2\/GDI2CYOGRBBWTPHPWJJ2PFC3SI.jpeg?auth=8c1e7f4796a7d71e21050d1e34d473711b5693a0f9629b7861867ea1255e1816&amp;smart=true&amp;width=420&amp;height=236&amp;quality=85\" media=\"(min-width: 350px)\" \/><source srcset=\"https:\/\/www.infobae.com\/resizer\/v2\/GDI2CYOGRBBWTPHPWJJ2PFC3SI.jpeg?auth=8c1e7f4796a7d71e21050d1e34d473711b5693a0f9629b7861867ea1255e1816&amp;smart=true&amp;width=350&amp;height=197&amp;quality=85\" media=\"(min-width: 80px)\" \/><img loading=\"lazy\" decoding=\"async\" class=\"global-image\" src=\"https:\/\/www.infobae.com\/resizer\/v2\/GDI2CYOGRBBWTPHPWJJ2PFC3SI.jpeg?auth=8c1e7f4796a7d71e21050d1e34d473711b5693a0f9629b7861867ea1255e1816&amp;smart=true&amp;width=350&amp;height=197&amp;quality=85\" alt=\"Claudio Tapia y Gianni Infantino,\" width=\"853\" height=\"480\" \/><\/picture><strong>Claudio Tapia y Gianni Infantino, presidente de la FIFA<\/strong><\/div>\n<div><\/div>\n<p class=\"paragraph\"><b>Claudio \u201cChiqui\u201d Tapia<\/b>\u00a0fue designado como presidente de la\u00a0<b>Comisi\u00f3n de Reglas de Juego de la FIFA<\/b>, un cargo que lo posiciona en el centro de las decisiones sobre la normativa que rige el deporte a nivel global. Este nombramiento, formalizado durante el Consejo de la FIFA celebrado en\u00a0<b>Z\u00farich<\/b>, representa un hito para la\u00a0<b>Asociaci\u00f3n del F\u00fatbol Argentino (AFA)<\/b>, que nunca antes hab\u00eda alcanzado un nivel de representaci\u00f3n en el organismo rector del f\u00fatbol mundial de esta categor\u00eda.<\/p>\n<p class=\"paragraph\">La\u00a0<b>Comisi\u00f3n de Reglas de Juego<\/b>\u00a0es uno de los \u00f3rganos m\u00e1s influyentes dentro de la estructura de la\u00a0<b>FIFA<\/b>, ya que se encarga de evaluar, analizar y proponer modificaciones al reglamento, as\u00ed como de supervisar su implementaci\u00f3n en las competencias oficiales. Con la llegada de\u00a0<b>Tapia<\/b>\u00a0a la presidencia de esta comisi\u00f3n, la\u00a0<b>AFA<\/b>\u00a0consolida la posici\u00f3n como un actor de peso en la toma de decisiones internacionales.<\/p>\n<p>&nbsp;<\/p>\n<p class=\"paragraph\">El impacto de esta designaci\u00f3n <img decoding=\"async\" src=\"https:\/\/scontent.fcnq2-1.fna.fbcdn.net\/v\/t39.30808-6\/557601434_1362997835385524_5953613901289274164_n.jpg?_nc_cat=102&amp;ccb=1-7&amp;_nc_sid=127cfc&amp;_nc_eui2=AeFI53EZ_UNlGRbvmojzmrADnn5N_ICDAnmefk38gIMCefZ7LznKwKFmf9hVFNW8yyU&amp;_nc_ohc=d9g5CYknc9kQ7kNvwHlGpoa&amp;_nc_oc=AdlfRfe_yVA9yhtv8KIKKncGtZXKo8LSZaDN3U_JqGXNn5VhvVeHmY5-TeVwNANiEUg&amp;_nc_zt=23&amp;_nc_ht=scontent.fcnq2-1.fna&amp;_nc_gid=5riBf-gOUPoffx0uKtJdIw&amp;oh=00_AfcN_Muv50MZBCo-1ZIcI3qYZpGcl5FeJCJ43ZKWcvLe9w&amp;oe=68E4C689\" alt=\"Puede ser una imagen de una persona, jugando al f\u00fatbol, jugando al f\u00fatbol y texto que dice &quot;L Coca-Cola Coca Cola FEDERICO BELIGOY COMISI\u00d3N DE \u00c1RBITROS Ol\u00e9&quot;\" \/>se amplifica por la incorporaci\u00f3n simult\u00e1nea de otros dirigentes argentinos a diferentes comisiones permanentes de la\u00a0<b>FIFA<\/b>, lo que constituye la mayor presencia hist\u00f3rica de representantes nacionales en la entidad. Entre los nuevos cargos,\u00a0<b>Luciano Nakis<\/b>, presidente de Deportivo Armenio y ex dirigente de Independiente, fue nombrado miembro de la Comisi\u00f3n de Competiciones Masculinas de Selecciones.\u00a0<b>Cristian Malaspina<\/b>, titular de Argentinos Juniors y figura relevante en el Comit\u00e9 Ejecutivo de la\u00a0<b>AFA<\/b>, se sum\u00f3 a la Comisi\u00f3n de Asesor\u00eda Comercial y Marketing, presidida por\u00a0<b>Ignacio Alonso<\/b>\u00a0de la Asociaci\u00f3n Uruguaya de F\u00fatbol, con responsabilidades vinculadas a la estrategia global de generaci\u00f3n de ingresos y oportunidades de negocio para la\u00a0<b>FIFA<\/b>.<\/p>\n<p><img decoding=\"async\" src=\"https:\/\/scontent.fcnq2-1.fna.fbcdn.net\/v\/t39.30808-6\/558324121_1363004548718186_1638196270123582779_n.jpg?_nc_cat=107&amp;ccb=1-7&amp;_nc_sid=127cfc&amp;_nc_eui2=AeHUl9IuMyb2c8zusp8fgttZO_AZ6ME6UHA78BnowTpQcHVWDP6Rp_fOyYPNCz-fIbQ&amp;_nc_ohc=fP6VhbzgBtgQ7kNvwHYJtN0&amp;_nc_oc=AdlXJrjhS2C0LeQ11MU5goNza1qDpJwUiA8Pqgly_kNIBuPGKwvNJ6RyOQPTcfhLvHY&amp;_nc_zt=23&amp;_nc_ht=scontent.fcnq2-1.fna&amp;_nc_gid=75swCGwaC_n9L0YGquzg8g&amp;oh=00_AfdcADjm-2KcZqKEwWyesKwjwyrNe70bUJJhuaTp0imd5Q&amp;oe=68E4DAE0\" alt=\"Puede ser una imagen de una persona y texto que dice &quot;CRISTIAN MALASPINA COMISI\u00d3N DE ASESOR\u00cdA COMERCIAL Y DE MARKETING Ol\u00e9&quot;\" \/><\/p>\n<p class=\"paragraph\">En el \u00e1mbito del futsal,\u00a0<b>Javier M\u00e9ndez Cartier<\/b>, presidente de Excursionistas, fue designado integrante de la Comisi\u00f3n de Futsal. Por su parte,\u00a0<b>Mar\u00eda Sylvia Jim\u00e9nez<\/b>, vocal de la\u00a0<b>AFA<\/b>\u00a0y referente de la Liga Catamarque\u00f1a, se incorpor\u00f3 a la Comisi\u00f3n de Grupos de Inter\u00e9s del F\u00fatbol Femenino, un espacio orientado a impulsar el desarrollo y la profesionalizaci\u00f3n de la disciplina a nivel internacional. Adem\u00e1s,\u00a0<b>Federico Beligoy<\/b>, actual director nacional de arbitraje, fue confirmado en el Comit\u00e9 de \u00c1rbitros de la\u00a0<b>FIFA<\/b>, con el objetivo de fortalecer la representaci\u00f3n argentina en uno de los sectores m\u00e1s sensibles del f\u00fatbol.<\/p>\n<p><img decoding=\"async\" src=\"https:\/\/scontent.fcnq2-1.fna.fbcdn.net\/v\/t39.30808-6\/555648679_1363007788717862_6682015317671438778_n.jpg?_nc_cat=102&amp;ccb=1-7&amp;_nc_sid=127cfc&amp;_nc_eui2=AeHZ4LSf4ugjzw28ojkwqc6SwvVwNXAiz0TC9XA1cCLPRH2KODoe1TCXn-gPEuWCBTk&amp;_nc_ohc=dpcszsL9JNAQ7kNvwHx0poj&amp;_nc_oc=Adn6RYUnf7yrTxjbAZh_5hZ-6sDHUWR40aziiZyi4TSk92aFGufzI_FUPjdqKSsS4bk&amp;_nc_zt=23&amp;_nc_ht=scontent.fcnq2-1.fna&amp;_nc_gid=pE2-3dmkZT6gqOuEdfmw2g&amp;oh=00_AfdSCWEH6yN2oWwprlsLDdiWEZiY0SYfAeTIjs29einvNQ&amp;oe=68E4DDC1\" alt=\"Puede ser una imagen de una persona y texto que dice &quot;DONATO VILLANI COMISI\u00d3N DE MEDICINA Ol\u00e9&quot;\" \/><\/p>\n<p class=\"paragraph\">La lista de nombramientos se completa con\u00a0<b>Donato Villani<\/b>\u00a0en la Comisi\u00f3n de Medicina y\u00a0<b>Pablo V\u00e1zquez<\/b>\u00a0en la Comisi\u00f3n de Estadios y Seguridad, de acuerdo con la informaci\u00f3n publicada por la\u00a0<b>Liga Profesional de F\u00fatbol<\/b>. Este conjunto de designaciones \u201cconsolida el liderazgo estrat\u00e9gico de la AFA, situando la experiencia, el conocimiento y la capacidad de gesti\u00f3n argentina en los foros de decisi\u00f3n m\u00e1s importantes\u201d, destac\u00f3 la\u00a0<b>LPF<\/b>.<\/p>\n<p class=\"paragraph\">Durante el mismo Consejo de la\u00a0<b>FIFA<\/b>\u00a0en\u00a0<b>Z\u00farich<\/b>, se abordaron otros temas de relevancia global, como la posible ampliaci\u00f3n de cupos para el\u00a0<b>Mundial de 2030<\/b>, que podr\u00eda llevar la competencia a un formato de\u00a0<b>64 equipos participantes<\/b>, aunque a\u00fan no se han tomado decisiones definitivas al respecto. Tambi\u00e9n se discuti\u00f3 la situaci\u00f3n de\u00a0<b>Israel<\/b>\u00a0y sus clubes en competiciones europeas, un asunto que permanece abierto a nuevas conversaciones en un contexto marcado por tensiones pol\u00edticas.<\/p>\n<\/div>\n<\/article>\n<\/div>\n<div dir=\"auto\"><img decoding=\"async\" src=\"https:\/\/scontent.fcnq2-2.fna.fbcdn.net\/v\/t39.30808-6\/557081233_1363006355384672_785995480157639437_n.jpg?_nc_cat=108&amp;ccb=1-7&amp;_nc_sid=127cfc&amp;_nc_eui2=AeGdY0dixm_KY4Up5gajNxJAlJlL8B0STr6UmUvwHRJOvkkNlkV2vvmKBPN_r_OAYCI&amp;_nc_ohc=S6CnCBhEFTYQ7kNvwGidtIP&amp;_nc_oc=Adl0S1e8PFUTXQ0xEdipAocnB5bUhEaKuALrawHov2DjwUyEbROfQHDd7F3NslL9Iak&amp;_nc_zt=23&amp;_nc_ht=scontent.fcnq2-2.fna&amp;_nc_gid=ACg5mtXkDFbfuL7KT5jjlw&amp;oh=00_Afd-IEHH824Zedl2St-KpdpYUe3MGHrx-Ik-wbjVStfAeg&amp;oe=68E4D3B3\" alt=\"Puede ser una imagen de una persona y texto que dice &quot;10 M. SYLVIA JIM\u00c9NEZ COMISI\u00d3N DE GRUPOS DE INTER\u00c9S DEL F\u00daTBOL FEMENINO Ol\u00e9&quot;\" \/><\/div>\n<div dir=\"auto\">LOS 8 CARGOS NUEVOS EN COMISIONES DE FIFA DE MIEMBROS DE LA AFA<\/div>\n<\/div>\n<div class=\"x14z9mp xat24cr x1lziwak x1vvkbs xtlvy1s x126k92a\">\n<div dir=\"auto\">&#8211; Claudio Tapia (Comisi\u00f3n de Reglamento)<\/div>\n<\/div>\n<div class=\"x14z9mp xat24cr x1lziwak x1vvkbs xtlvy1s x126k92a\">\n<div dir=\"auto\">&#8211; Federico Beligoy (Comisi\u00f3n de \u00c1rbitros)<\/div>\n<\/div>\n<div class=\"x14z9mp xat24cr x1lziwak x1vvkbs xtlvy1s x126k92a\">\n<div dir=\"auto\">&#8211; Luciano Nakis (Comisi\u00f3n de Competiciones Masculinas de Selecciones)<\/div>\n<\/div>\n<div class=\"x14z9mp xat24cr x1lziwak x1vvkbs xtlvy1s x126k92a\">\n<div dir=\"auto\">&#8211; Cristian Malaspina (Comisi\u00f3n de Asesor\u00eda Comercial y de Marketing)<\/div>\n<\/div>\n<div class=\"x14z9mp xat24cr x1lziwak x1vvkbs xtlvy1s x126k92a\">\n<div dir=\"auto\">&#8211; Javier M\u00e9ndez Cartier (Comisi\u00f3n de Futsal)<\/div>\n<\/div>\n<div class=\"x14z9mp xat24cr x1lziwak x1vvkbs xtlvy1s x126k92a\">\n<div dir=\"auto\">&#8211; Mar\u00eda Sylvia Jim\u00e9nez (Comisi\u00f3n de Grupos de Inter\u00e9s del F\u00fatbol Femenino)<\/div>\n<\/div>\n<div class=\"x14z9mp xat24cr x1lziwak x1vvkbs xtlvy1s x126k92a\">\n<div dir=\"auto\">&#8211; Donato Villani (Comisi\u00f3n de Medicina)<\/div>\n<\/div>\n<div class=\"x14z9mp xat24cr x1lziwak x1vvkbs xtlvy1s x126k92a\">\n<div dir=\"auto\">&#8211; Pablo V\u00e1zquez (Comisi\u00f3n de Estadios y Seguridad)<\/div>\n<\/div>\n","protected":false},"excerpt":{"rendered":"<p>La AFA logr\u00f3 r\u00e9cord de cargos en la FIFA: el rol en el que fue designado el presidente Claudio Tapia. Con el Chiqui a la cabeza, la Asociaci\u00f3n del F\u00fatbol Argentino suma representantes en siete comisiones clave del ente rector del f\u00fatbol mundial &nbsp; Claudio Tapia y Gianni Infantino, presidente de la FIFA Claudio \u201cChiqui\u201d &hellip;<\/p>\n","protected":false},"author":2,"featured_media":26405,"comment_status":"open","ping_status":"open","sticky":false,"template":"","format":"standard","meta":{"footnotes":""},"categories":[6],"tags":[],"class_list":["post-26403","post","type-post","status-publish","format-standard","has-post-thumbnail","hentry","category-internacionales"],"_links":{"self":[{"href":"https:\/\/www.sportchaco.com.ar\/index.php?rest_route=\/wp\/v2\/posts\/26403","targetHints":{"allow":["GET"]}}],"collection":[{"href":"https:\/\/www.sportchaco.com.ar\/index.php?rest_route=\/wp\/v2\/posts"}],"about":[{"href":"https:\/\/www.sportchaco.com.ar\/index.php?rest_route=\/wp\/v2\/types\/post"}],"author":[{"embeddable":true,"href":"https:\/\/www.sportchaco.com.ar\/index.php?rest_route=\/wp\/v2\/users\/2"}],"replies":[{"embeddable":true,"href":"https:\/\/www.sportchaco.com.ar\/index.php?rest_route=%2Fwp%2Fv2%2Fcomments&post=26403"}],"version-history":[{"count":2,"href":"https:\/\/www.sportchaco.com.ar\/index.php?rest_route=\/wp\/v2\/posts\/26403\/revisions"}],"predecessor-version":[{"id":26406,"href":"https:\/\/www.sportchaco.com.ar\/index.php?rest_route=\/wp\/v2\/posts\/26403\/revisions\/26406"}],"wp:featuredmedia":[{"embeddable":true,"href":"https:\/\/www.sportchaco.com.ar\/index.php?rest_route=\/wp\/v2\/media\/26405"}],"wp:attachment":[{"href":"https:\/\/www.sportchaco.com.ar\/index.php?rest_route=%2Fwp%2Fv2%2Fmedia&parent=26403"}],"wp:term":[{"taxonomy":"category","embeddable":true,"href":"https:\/\/www.sportchaco.com.ar\/index.php?rest_route=%2Fwp%2Fv2%2Fcategories&post=26403"},{"taxonomy":"post_tag","embeddable":true,"href":"https:\/\/www.sportchaco.com.ar\/index.php?rest_route=%2Fwp%2Fv2%2Ftags&post=26403"}],"curies":[{"name":"wp","href":"https:\/\/api.w.org\/{rel}","templated":true}]}}