{"id":26407,"date":"2025-10-02T20:40:36","date_gmt":"2025-10-02T23:40:36","guid":{"rendered":"https:\/\/www.sportchaco.com.ar\/?p=26407"},"modified":"2025-10-03T12:22:08","modified_gmt":"2025-10-03T15:22:08","slug":"juegos-deportivos-oro-para-el-chaco-en-judo","status":"publish","type":"post","link":"https:\/\/www.sportchaco.com.ar\/?p=26407","title":{"rendered":"Juegos deportivos: Oro para el Chaco en Judo"},"content":{"rendered":"<div class=\"html-div xdj266r x14z9mp xat24cr x1lziwak xexx8yu xyri2b x18d9i69 x1c1uobl\" dir=\"auto\">\n<div class=\"html-div xdj266r x14z9mp xat24cr x1lziwak xexx8yu xyri2b x18d9i69 x1c1uobl\" data-ad-rendering-role=\"story_message\">\n<div id=\"_r_35m_\" class=\"x1l90r2v x1iorvi4 x1g0dm76 xpdmqnj\" data-ad-comet-preview=\"message\" data-ad-preview=\"message\">\n<div class=\"x78zum5 xdt5ytf xz62fqu x16ldp7u\">\n<div class=\"xu06os2 x1ok221b\">\n<div class=\"html-div xdj266r x14z9mp xat24cr x1lziwak xexx8yu xyri2b x18d9i69 x1c1uobl\">\n<div class=\"xdj266r x14z9mp xat24cr x1lziwak x1vvkbs x126k92a\">\n<div dir=\"auto\">02-10-2025<\/div>\n<div dir=\"auto\"><\/div>\n<\/div>\n<div class=\"x14z9mp xat24cr x1lziwak x1vvkbs xtlvy1s x126k92a\">\n<div dir=\"auto\">Daiana Vargas perteneciente a la academia \u00abOk\u0101san\u00bb de Barranqueras Chaco, obtuvo el primer puesto en la disciplina Judo de 64kg<\/div>\n<\/div>\n<div class=\"x14z9mp xat24cr x1lziwak x1vvkbs xtlvy1s x126k92a\"><\/div>\n<div dir=\"auto\">\n<header>\n<div>\n<h1>Daiana Vargas, campeona nacional en los Juegos Evita, rumbo a San Juan y Asunci\u00f3n<\/h1>\n<div>\n<p>El deporte chaque\u00f1o celebra un hito en el judo juvenil: Daiana Vargas (13), representante del Dojo Okasan de Resistencia, obtuvo la medalla de oro en las Finales Nacionales de los Juegos Evita 2025, celebradas en Mar del Plata. Este triunfo posiciona a la joven judoca, actualmente N\u00b0 1 del ranking nacional en su categor\u00eda, como una de las mayores promesas del pa\u00eds.<\/p>\n<\/div>\n<div class=\"meta\"><time>3 de Octubre, 2025<\/time><\/div>\n<\/div>\n<\/header>\n<section class=\"body\">\n<section class=\"content\">\n<div class=\"main-text\">\n<div class=\"social\">\n<div class=\"share\"><\/div>\n<\/div>\n<div class=\" large m_image\">\n<figure><picture><source srcset=\"https:\/\/www.diarionorte.com\/content\/bucket\/8\/430218w790h606c.jpg.webp\" type=\"image\/webp\" media=\"(min-width: 640px)\" \/><source srcset=\"https:\/\/www.diarionorte.com\/content\/bucket\/8\/430218w440h337c.jpg.webp\" type=\"image\/webp\" media=\"(min-width: 300px)\" \/><source srcset=\"https:\/\/www.diarionorte.com\/content\/bucket\/8\/430218w790h606c.jpg\" media=\"(min-width: 300px)\" \/><img loading=\"lazy\" decoding=\"async\" class=\"pic\" src=\"https:\/\/www.diarionorte.com\/content\/bucket\/8\/430218w790h606c.jpg.webp\" alt=\"\" width=\"790\" height=\"606\" \/><\/picture><\/figure>\n<\/div>\n<p>En un despliegue de t\u00e9cnica y disciplina, Daiana Vargas demostr\u00f3 su dominio al vencer a su contrincante de Misiones en la final en tan solo 40 segundos. Este resultado no solo significa una medalla de oro para la Provincia del Chaco, sino que subraya la calidad de la formaci\u00f3n que se imparte en el Dojo Okasan bajo la tutela del Sensei Gustavo Garc\u00eda.<\/p>\n<div class=\"315548-images-embed gallery slick-initialized slick-slider\" data-role=\"m_gallery\">\n<div class=\"slick-list draggable\">\n<div class=\"slick-track\">\n<div class=\"image slick-slide slick-current slick-active\" tabindex=\"0\" data-slick-index=\"0\" aria-hidden=\"false\"><\/div>\n<div class=\"image slick-slide\" tabindex=\"-1\" data-slick-index=\"1\" aria-hidden=\"true\"><\/div>\n<\/div>\n<\/div>\n<\/div>\n<p>El Sensei Garc\u00eda enfatiza que \u00abel judo es una herramienta de desarrollo integral. Este oro es la confirmaci\u00f3n de que la humildad, el respeto y la disciplina que ense\u00f1amos en el dojo son la base para formar no solo campeones deportivos, sino tambi\u00e9n ciudadanos \u00edntegros\u00bb.<\/p>\n<div class=\"left small m_image\">\n<figure><picture><source srcset=\"https:\/\/www.diarionorte.com\/content\/bucket\/1\/430221w250h167c.jpg.webp\" type=\"image\/webp\" media=\"(min-width: 640px)\" \/><source srcset=\"https:\/\/www.diarionorte.com\/content\/bucket\/1\/430221w180h120c.jpg.webp\" type=\"image\/webp\" media=\"(min-width: 300px)\" \/><source srcset=\"https:\/\/www.diarionorte.com\/content\/bucket\/1\/430221w250h167c.jpg\" media=\"(min-width: 300px)\" \/><img loading=\"lazy\" decoding=\"async\" class=\"pic\" src=\"https:\/\/www.diarionorte.com\/content\/bucket\/1\/430221w250h167c.jpg.webp\" alt=\"\" width=\"250\" height=\"167\" \/><\/picture><\/figure>\n<\/div>\n<p><strong>Pr\u00f3ximos desaf\u00edos internacionales<\/strong><\/p>\n<p>Tras este logro en los Juegos Evita (la competencia deportiva juvenil m\u00e1s importante de Argentina), Daiana Vargas no detendr\u00e1 su marcha. Su agenda de octubre est\u00e1 cargada de nuevos desaf\u00edos a nivel nacional e internacional:<\/p>\n<p>-Nacional en San Juan: Del 9 al 12 de octubre, Daiana volver\u00e1 a representar a la provincia en un importante certamen en la provincia de San Juan, buscando consolidar su posici\u00f3n en el ranking.<\/p>\n<p>-Torneo Sudamericano en Asunci\u00f3n: Antes de fin de mes, la judoca chaque\u00f1a viajar\u00e1 a Asunci\u00f3n (Paraguay) para participar en un Torneo Sudamericano, llevando el nombre de Chaco y Argentina a la escena continental.<\/p>\n<div class=\" large m_image\">\n<figure><picture><source srcset=\"https:\/\/www.diarionorte.com\/content\/bucket\/9\/430219w790h527c.jpg.webp\" type=\"image\/webp\" media=\"(min-width: 640px)\" \/><source srcset=\"https:\/\/www.diarionorte.com\/content\/bucket\/9\/430219w440h294c.jpg.webp\" type=\"image\/webp\" media=\"(min-width: 300px)\" \/><source srcset=\"https:\/\/www.diarionorte.com\/content\/bucket\/9\/430219w790h527c.jpg\" media=\"(min-width: 300px)\" \/><img loading=\"lazy\" decoding=\"async\" class=\"pic\" src=\"https:\/\/www.diarionorte.com\/content\/bucket\/9\/430219w790h527c.jpg.webp\" alt=\"\" width=\"790\" height=\"527\" \/><\/picture><\/figure>\n<\/div>\n<p>El \u00e9xito de Daiana Vargas en los Juegos Evita, un evento que promueve la inclusi\u00f3n y la formaci\u00f3n en valores, sirve como inspiraci\u00f3n para los m\u00e1s de 8.000 j\u00f3venes que participaron y destaca el compromiso del judo chaque\u00f1o con el desarrollo deportivo y personal de la juventud.<\/p>\n<\/div>\n<\/section>\n<\/section>\n<\/div>\n<\/div>\n<\/div>\n<\/div>\n<\/div>\n<\/div>\n<\/div>\n<div id=\"_r_35n_\" class=\"html-div xdj266r x14z9mp xat24cr x1lziwak xexx8yu xyri2b x18d9i69 x1c1uobl x1n2onr6\">\n<div class=\"html-div xdj266r x14z9mp xat24cr x1lziwak xexx8yu xyri2b x18d9i69 x1c1uobl x1n2onr6\">\n<div class=\"html-div xdj266r x14z9mp xat24cr x1lziwak xexx8yu xyri2b x18d9i69 x1c1uobl x78zum5 xdt5ytf x6ikm8r x10wlt62 x1n2onr6\">\n<div class=\"html-div xdj266r x14z9mp xat24cr x1lziwak xexx8yu xyri2b x18d9i69 x1c1uobl x6ikm8r x10wlt62 x1n2onr6\">\n<div class=\"x1n2onr6\">\n<div class=\"x6s0dn4 x1jx94hy x78zum5 xdt5ytf x6ikm8r x10wlt62 x1n2onr6 xh8yej3\">\n<div>\n<div class=\"html-div xdj266r x14z9mp xat24cr x1lziwak xyri2b x18d9i69 x1c1uobl xqtp20y x1n2onr6 xh8yej3 x1jm3axb\">\n<div class=\"html-div x1qjc9v5 x1q0q8m5 x1qhh985 x18b5jzi x10w94by x1t7ytsu x14e42zd x13fuv20 x972fbf x1ey2m1c x9f619 x78zum5 xdt5ytf x1iyjqo2 xs83m0k xtijo5x x1o0tod x1qughib xat24cr x14z9mp x1lziwak xdj266r x2lwn1j xeuugli x18d9i69 xyri2b x1c1uobl xexx8yu x10l6tqk x13vifvy x1ja2u2z\">\n<div class=\"html-div xdj266r x14z9mp xat24cr x1lziwak xexx8yu xyri2b x18d9i69 x1c1uobl xamitd3 x9f619 x1n2onr6 x5lhr3w\">\n<div class=\"xqtp20y x6ikm8r x10wlt62 x1n2onr6\">\n<div class=\"x10l6tqk x13vifvy\"><\/div>\n<\/div>\n<\/div>\n<\/div>\n<\/div>\n<\/div>\n<\/div>\n<div class=\"x1ey2m1c x5yr21d xtijo5x x1o0tod x10l6tqk x13vifvy xh8yej3\" data-visualcompletion=\"ignore\">\n<div class=\"x1lliihq x5yr21d x1n2onr6 xh8yej3 x1ja2u2z\">\n<div class=\"x1lliihq x5yr21d x1n2onr6 xh8yej3 x1ja2u2z\">\n<div class=\"x1lliihq x5yr21d x1n2onr6 xh8yej3 x1ja2u2z\">\n<div class=\"x1lliihq x5yr21d x1n2onr6 xh8yej3 x1ja2u2z\">\n<div class=\"x1lliihq x5yr21d x1n2onr6 xh8yej3 x1ja2u2z\">\n<div class=\"x5yr21d x1n2onr6 xh8yej3\">\n<div class=\"x5yr21d x1n2onr6 xh8yej3\">\n<div class=\"x5yr21d x1uhb9sk xh8yej3\"><img loading=\"lazy\" decoding=\"async\" class=\"alignnone size-medium wp-image-26408\" src=\"https:\/\/www.sportchaco.com.ar\/wp-content\/uploads\/2025\/10\/Yudo-178x300.png\" alt=\"\" width=\"178\" height=\"300\" srcset=\"https:\/\/www.sportchaco.com.ar\/wp-content\/uploads\/2025\/10\/Yudo-178x300.png 178w, https:\/\/www.sportchaco.com.ar\/wp-content\/uploads\/2025\/10\/Yudo.png 315w\" sizes=\"auto, (max-width: 178px) 100vw, 178px\" \/><\/div>\n<\/div>\n<\/div>\n<\/div>\n<\/div>\n<\/div>\n<\/div>\n<div data-instancekey=\"id-vpuid-fe872dcccb0ed40bb\">\n<div class=\"x5yr21d x10l6tqk x13vifvy xh8yej3\" data-visualcompletion=\"ignore\">\n<div class=\"xc9qbxq xbudbmw x10l6tqk xwa60dl x11lhmoz x14qfxbe xg01cxk x13dflua x1jl3cmp xl405pv xlshs6z x1ahifba\"><\/div>\n<div class=\"xu1mrb xh8yej3\"><\/div>\n<div class=\"x6s0dn4 x78zum5 x5yr21d xh8yej3\"><\/div>\n<\/div>\n<\/div>\n<\/div>\n<\/div>\n<\/div>\n<\/div>\n<\/div>\n<\/div>\n<\/div>\n","protected":false},"excerpt":{"rendered":"<p>02-10-2025 Daiana Vargas perteneciente a la academia \u00abOk\u0101san\u00bb de Barranqueras Chaco, obtuvo el primer puesto en la disciplina Judo de 64kg Daiana Vargas, campeona nacional en los Juegos Evita, rumbo a San Juan y Asunci\u00f3n El deporte chaque\u00f1o celebra un hito en el judo juvenil: Daiana Vargas (13), representante del Dojo Okasan de Resistencia, obtuvo &hellip;<\/p>\n","protected":false},"author":2,"featured_media":26408,"comment_status":"open","ping_status":"open","sticky":false,"template":"","format":"standard","meta":{"footnotes":""},"categories":[62],"tags":[],"class_list":["post-26407","post","type-post","status-publish","format-standard","has-post-thumbnail","hentry","category-artes-marciales"],"_links":{"self":[{"href":"https:\/\/www.sportchaco.com.ar\/index.php?rest_route=\/wp\/v2\/posts\/26407","targetHints":{"allow":["GET"]}}],"collection":[{"href":"https:\/\/www.sportchaco.com.ar\/index.php?rest_route=\/wp\/v2\/posts"}],"about":[{"href":"https:\/\/www.sportchaco.com.ar\/index.php?rest_route=\/wp\/v2\/types\/post"}],"author":[{"embeddable":true,"href":"https:\/\/www.sportchaco.com.ar\/index.php?rest_route=\/wp\/v2\/users\/2"}],"replies":[{"embeddable":true,"href":"https:\/\/www.sportchaco.com.ar\/index.php?rest_route=%2Fwp%2Fv2%2Fcomments&post=26407"}],"version-history":[{"count":2,"href":"https:\/\/www.sportchaco.com.ar\/index.php?rest_route=\/wp\/v2\/posts\/26407\/revisions"}],"predecessor-version":[{"id":26439,"href":"https:\/\/www.sportchaco.com.ar\/index.php?rest_route=\/wp\/v2\/posts\/26407\/revisions\/26439"}],"wp:featuredmedia":[{"embeddable":true,"href":"https:\/\/www.sportchaco.com.ar\/index.php?rest_route=\/wp\/v2\/media\/26408"}],"wp:attachment":[{"href":"https:\/\/www.sportchaco.com.ar\/index.php?rest_route=%2Fwp%2Fv2%2Fmedia&parent=26407"}],"wp:term":[{"taxonomy":"category","embeddable":true,"href":"https:\/\/www.sportchaco.com.ar\/index.php?rest_route=%2Fwp%2Fv2%2Fcategories&post=26407"},{"taxonomy":"post_tag","embeddable":true,"href":"https:\/\/www.sportchaco.com.ar\/index.php?rest_route=%2Fwp%2Fv2%2Ftags&post=26407"}],"curies":[{"name":"wp","href":"https:\/\/api.w.org\/{rel}","templated":true}]}}