{"id":26424,"date":"2025-10-03T23:27:38","date_gmt":"2025-10-04T02:27:38","guid":{"rendered":"https:\/\/www.sportchaco.com.ar\/?p=26424"},"modified":"2025-10-03T23:29:48","modified_gmt":"2025-10-04T02:29:48","slug":"equipo-periodistico-de-radio-chaco-en-la-rioja","status":"publish","type":"post","link":"https:\/\/www.sportchaco.com.ar\/?p=26424","title":{"rendered":"Equipo periodistico de Radio Chaco en La Rioja"},"content":{"rendered":"<p>Entre los acontecimientos deportivos de la d\u00e9cadadel &#8217;70, el b\u00e1squetbol ocupaba un lugar muy especial, y el gran acontecmiento anual eran los Campeonatos Argentinos. El equipo periodistico de Radio Chaco en La Rioja una vez m\u00e1s se hac\u00eda presente en tama\u00f1o evento, viajando con un gran equipo period\u00edstico y t\u00e9cnico.<\/p>\n<p>En ewsta fotograf\u00eda de la \u00e9poca queda reflejado como se trabajaba. El primero desde la izquierda es el t\u00e9cnico Gualco, Pablo Alberto Mensi (Comentarista), Edison Omar Rodr\u00edguez (relator),\u00a0 Ricardo Coco Ruiz (locutor), Miguel Angel P\u00e9rez Pizera (mesa de control) y una visita, Coco Rocha.<\/p>\n<p><img decoding=\"async\" src=\"https:\/\/www.sportchaco.com.ar\/wp-content\/uploads\/2025\/10\/Periodistas-en-la-Rioja-1973-cortada.jpg\" \/><\/p>\n<p>&nbsp;<\/p>\n","protected":false},"excerpt":{"rendered":"<p>Entre los acontecimientos deportivos de la d\u00e9cadadel &#8217;70, el b\u00e1squetbol ocupaba un lugar muy especial, y el gran acontecmiento anual eran los Campeonatos Argentinos. El equipo periodistico de Radio Chaco en La Rioja una vez m\u00e1s se hac\u00eda presente en tama\u00f1o evento, viajando con un gran equipo period\u00edstico y t\u00e9cnico. En ewsta fotograf\u00eda de la &hellip;<\/p>\n","protected":false},"author":2,"featured_media":26426,"comment_status":"open","ping_status":"open","sticky":false,"template":"","format":"standard","meta":{"footnotes":""},"categories":[1,78],"tags":[],"class_list":["post-26424","post","type-post","status-publish","format-standard","has-post-thumbnail","hentry","category-fotos-del-recuerdo","category-historias"],"_links":{"self":[{"href":"https:\/\/www.sportchaco.com.ar\/index.php?rest_route=\/wp\/v2\/posts\/26424","targetHints":{"allow":["GET"]}}],"collection":[{"href":"https:\/\/www.sportchaco.com.ar\/index.php?rest_route=\/wp\/v2\/posts"}],"about":[{"href":"https:\/\/www.sportchaco.com.ar\/index.php?rest_route=\/wp\/v2\/types\/post"}],"author":[{"embeddable":true,"href":"https:\/\/www.sportchaco.com.ar\/index.php?rest_route=\/wp\/v2\/users\/2"}],"replies":[{"embeddable":true,"href":"https:\/\/www.sportchaco.com.ar\/index.php?rest_route=%2Fwp%2Fv2%2Fcomments&post=26424"}],"version-history":[{"count":3,"href":"https:\/\/www.sportchaco.com.ar\/index.php?rest_route=\/wp\/v2\/posts\/26424\/revisions"}],"predecessor-version":[{"id":26476,"href":"https:\/\/www.sportchaco.com.ar\/index.php?rest_route=\/wp\/v2\/posts\/26424\/revisions\/26476"}],"wp:featuredmedia":[{"embeddable":true,"href":"https:\/\/www.sportchaco.com.ar\/index.php?rest_route=\/wp\/v2\/media\/26426"}],"wp:attachment":[{"href":"https:\/\/www.sportchaco.com.ar\/index.php?rest_route=%2Fwp%2Fv2%2Fmedia&parent=26424"}],"wp:term":[{"taxonomy":"category","embeddable":true,"href":"https:\/\/www.sportchaco.com.ar\/index.php?rest_route=%2Fwp%2Fv2%2Fcategories&post=26424"},{"taxonomy":"post_tag","embeddable":true,"href":"https:\/\/www.sportchaco.com.ar\/index.php?rest_route=%2Fwp%2Fv2%2Ftags&post=26424"}],"curies":[{"name":"wp","href":"https:\/\/api.w.org\/{rel}","templated":true}]}}