{"id":26449,"date":"2025-10-03T19:17:57","date_gmt":"2025-10-03T22:17:57","guid":{"rendered":"https:\/\/www.sportchaco.com.ar\/?p=26449"},"modified":"2025-10-03T19:17:57","modified_gmt":"2025-10-03T22:17:57","slug":"facundo-cambeses-y-lautaro-river-las-caras-nuevas-de-scaloni","status":"publish","type":"post","link":"https:\/\/www.sportchaco.com.ar\/?p=26449","title":{"rendered":"Facundo Cambeses y Lautaro River, las caras nuevas de Scaloni"},"content":{"rendered":"<div class=\"content-article-title\">\n<div class=\"wrapper-layout center-content center_story max-width\">\n<div class=\"col-content\">\n<h5 class=\"article__title font__display\">Foto portada: Facundo Cambeses, arquero de Racing<\/h5>\n<\/div>\n<\/div>\n<\/div>\n<div class=\"common-layout wrapper-layout center-content center_story max-width story article\">\n<div class=\"col-content\"><main class=\"col-content\"><\/p>\n<div class=\"article__header article__story article__article\">\n<div class=\"article__head\">\n<div class=\"article__headline-byline-container\">\n<div class=\"article__byline\" data-testid=\"byline\">\n<div class=\"author-date\"><time class=\"time__container\" datetime=\"2025-10-03T16:18:22.064Z\" data-testid=\"published-date\"><span class=\"time__value classNameFontTimeValue\">03-10-2025<\/span><\/time><\/div>\n<div><\/div>\n<\/div>\n<\/div>\n<div class=\"article__lead-art article__lead-art-photo\" data-testid=\"LeadArtPhoto\">\n<figure class=\"\" data-testid=\"figure-testid\"><figcaption class=\"caption_image\" data-testid=\"figcaption-testid\">\n<div class=\"image_caption font__body\">\n<h5><strong>Con tres sorpresas y la vuelta de Enzo Fern\u00e1ndez, Scaloni dio la lista para los amistosos de la Selecci\u00f3n.<\/strong> <strong>El entrenador convoc\u00f3 al arquero Facundo Cambeses (Racing), al defensor Lautaro Rivero (River) y al mediocampista An\u00edbal Moreno (Palmeiras) como novedades principales.<\/strong><\/h5>\n<\/div>\n<\/figcaption><\/figure>\n<\/div>\n<div class=\"article__audionote-share\">\n<div class=\"trinity__audio-wrapper\"><\/div>\n<\/div>\n<div class=\"trinity-tts-placeholder-icon-player\"><\/div>\n<\/div>\n<\/div>\n<div class=\"default-article-color article__body article__article\">\n<p class=\"left paragraph font__body-regular\"><a title=\"https:\/\/tn.com.ar\/deportes\/futbol\/2025\/10\/02\/problemas-para-scaloni-un-jugador-se-lesiono-y-no-estara-disponible-para-los-amistosos-de-la-seleccion\/\" href=\"https:\/\/tn.com.ar\/deportes\/futbol\/2025\/10\/02\/problemas-para-scaloni-un-jugador-se-lesiono-y-no-estara-disponible-para-los-amistosos-de-la-seleccion\/\" target=\"_blank\" rel=\"noopener noreferrer\"><b>Lionel Scaloni<\/b><\/a>\u00a0elev\u00f3 este viernes una lista de 28 futbolistas para los amistosos que la Selecci\u00f3n argentina jugar\u00e1 ante Venezuela y Puerto Rico en Estados Unidos. El entrenador sorprendi\u00f3 con las convocatorias del arquero<b>\u00a0Facundo Cambeses<\/b>\u00a0(Racing), el defensor<b>\u00a0Lautaro Rivero\u00a0<\/b>(River) y el mediocampista\u00a0<b>An\u00edbal Moreno\u00a0<\/b>(Palmeiras).<\/p>\n<p class=\"left paragraph font__body-regular\">\n<p class=\"left paragraph font__body-regular\">En la n\u00f3mina, liderada por el capit\u00e1n<b>\u00a0Lionel Messi<\/b>, se produjo el regreso de\u00a0<b>Enzo Fern\u00e1ndez<\/b>, quien se ausent\u00f3 en el \u00faltimo llamado para las Eliminatorias Sudamericanas por una suspensi\u00f3n.<\/p>\n<figure class=\"\" data-testid=\"figure-testid\">\n<div class=\"aspect_ratio__container\"><picture class=\"responsive-image\"><source srcset=\"https:\/\/tn.com.ar\/resizer\/v2\/cambeses-la-bomba-de-scaloni-en-la-convocatoria-foto-reuters-64R2GUQLAA7UBKTF2GVVS62QJ4.jpg?auth=62ce5f8c450d02383fdcb00fabefa786edea727f2a1bc014adf9f3267b20ee63&amp;width=767\" type=\"image\/jpg\" media=\"(max-width: 728px)\" \/><source srcset=\"https:\/\/tn.com.ar\/resizer\/v2\/cambeses-la-bomba-de-scaloni-en-la-convocatoria-foto-reuters-64R2GUQLAA7UBKTF2GVVS62QJ4.jpg?auth=62ce5f8c450d02383fdcb00fabefa786edea727f2a1bc014adf9f3267b20ee63&amp;width=1023\" type=\"image\/jpg\" media=\"(max-width: 1023px)\" \/><source srcset=\"https:\/\/tn.com.ar\/resizer\/v2\/cambeses-la-bomba-de-scaloni-en-la-convocatoria-foto-reuters-64R2GUQLAA7UBKTF2GVVS62QJ4.jpg?auth=62ce5f8c450d02383fdcb00fabefa786edea727f2a1bc014adf9f3267b20ee63&amp;width=1440\" type=\"image\/jpg\" \/><img loading=\"lazy\" decoding=\"async\" class=\"image content-image image_placeholder\" src=\"https:\/\/tn.com.ar\/resizer\/v2\/cambeses-la-bomba-de-scaloni-en-la-convocatoria-foto-reuters-64R2GUQLAA7UBKTF2GVVS62QJ4.jpg?auth=62ce5f8c450d02383fdcb00fabefa786edea727f2a1bc014adf9f3267b20ee63&amp;width=767\" alt=\"Cambeses, la bomba de Scaloni en la convocatoria (Foto: Reuters).\" width=\"767\" height=\"564\" data-testid=\"loading-testid\" \/><\/picture><\/div><figcaption class=\"caption_image\" data-testid=\"figcaption-testid\">\n<div class=\"image_caption \">Cambeses, la bomba de Scaloni en la convocatoria (Foto: Reuters).<\/div>\n<\/figcaption><\/figure>\n<p class=\"left paragraph font__body-regular\">Por otro lado, el DT argentino volvi\u00f3 a convocar a<b>\u00a0Marcos Senesi<\/b>. El exSan Lorenzo, que s\u00f3lo jug\u00f3 un partido ante el Mundial de Qatar, volvi\u00f3 a ganarse un lugar por las lesiones de\u00a0<b>Licha Mart\u00ednez, Facundo Medina, Nehu\u00e9n P\u00e9rez y Juan Foyth<\/b>.<\/p>\n<p class=\"left paragraph font__body-regular\">Otra citaci\u00f3n destacada fue la Jos\u00e9 Manuel L\u00f3pez, quien fue llamado por primera vez en la anterior lista y ratific\u00f3 su lugar con sus grandes actuaciones para Palmeiras en la Copa Libertadores.<\/p>\n<figure class=\"\" data-testid=\"figure-testid\">\n<div class=\"aspect_ratio__container\"><picture class=\"responsive-image\"><source srcset=\"https:\/\/tn.com.ar\/resizer\/v2\/jose-manuel-lopez-fue-convocado-por-segunda-vez-consecutiva-para-la-seleccion-argentina-foto-ap-AGZZHJXEIJBUZIVVZUMHCTMHAI.jfif?auth=2c4aac3d94fdccbfe17ca26e2d67dbc11109f0125e318a2564522768357b2943&amp;width=767\" type=\"image\/jpg\" media=\"(max-width: 728px)\" \/><source srcset=\"https:\/\/tn.com.ar\/resizer\/v2\/jose-manuel-lopez-fue-convocado-por-segunda-vez-consecutiva-para-la-seleccion-argentina-foto-ap-AGZZHJXEIJBUZIVVZUMHCTMHAI.jfif?auth=2c4aac3d94fdccbfe17ca26e2d67dbc11109f0125e318a2564522768357b2943&amp;width=1023\" type=\"image\/jpg\" media=\"(max-width: 1023px)\" \/><source srcset=\"https:\/\/tn.com.ar\/resizer\/v2\/jose-manuel-lopez-fue-convocado-por-segunda-vez-consecutiva-para-la-seleccion-argentina-foto-ap-AGZZHJXEIJBUZIVVZUMHCTMHAI.jfif?auth=2c4aac3d94fdccbfe17ca26e2d67dbc11109f0125e318a2564522768357b2943&amp;width=1440\" type=\"image\/jpg\" \/><img loading=\"lazy\" decoding=\"async\" class=\"image content-image image_placeholder\" src=\"https:\/\/tn.com.ar\/resizer\/v2\/jose-manuel-lopez-fue-convocado-por-segunda-vez-consecutiva-para-la-seleccion-argentina-foto-ap-AGZZHJXEIJBUZIVVZUMHCTMHAI.jfif?auth=2c4aac3d94fdccbfe17ca26e2d67dbc11109f0125e318a2564522768357b2943&amp;width=767\" alt=\"Jos\u00e9 Manuel L\u00f3pez fue convocado por segunda vez consecutiva para la Selecci\u00f3n argentina (Foto: AP).\" width=\"767\" height=\"511\" data-testid=\"loading-testid\" \/><\/picture><\/div><figcaption class=\"caption_image\" data-testid=\"figcaption-testid\">\n<div class=\"image_caption \">Jos\u00e9 Manuel L\u00f3pez fue convocado por segunda vez consecutiva para la Selecci\u00f3n argentina (Foto: AP).<\/div>\n<\/figcaption><\/figure>\n<p class=\"left paragraph font__body-regular\">Los futbolistas que no fueron tenidos en cuenta por inconvenientes f\u00edsicos fueron Exequiel Palacios (Bayer Leverkusen) y Paulo Dybala, que est\u00e1 cursando la \u00faltima etapa de recuperaci\u00f3n en Roma.<\/p>\n<p class=\"paragraph font__body-regular\">Para los amistosos, Scaloni llam\u00f3 a cinco jugadores del f\u00fatbol argentino. Adem\u00e1s de Cambeses y Rivero, convoc\u00f3 a tres campeones del mundo: Gonzalo Montiel, Marcos Acu\u00f1a y Leandro Paredes.<\/p>\n<div class=\"aspect_ratio__container\"><picture class=\"responsive-image\"><img decoding=\"async\" class=\"width_full height_full article__lead-art-photo image_placeholder\" src=\"https:\/\/tn.com.ar\/resizer\/v2\/lionel-scaloni-convoco-a-28-futbolistas-foto-efe-PTU4XTIUEFDDPABWSXLIHC5EWU.jpg?auth=6322fec0e335e43387d21b8818a05e53b6e965b301ce44188895a7c58908e4da&amp;width=767\" alt=\"Lionel Scaloni convoc\u00f3 a 28 futbolistas (Foto: EFE).\" \/><\/picture><\/div>\n<div class=\"image_caption font__body\">Lionel Scaloni convoc\u00f3 a 28 futbolistas<\/div>\n<h2 class=\"font--primary font__display\"><b>La lista completa de Lionel Scaloni para los amistosos de la Selecci\u00f3n argentina<\/b><\/h2>\n<figure class=\"\" data-testid=\"figure-testid\">\n<div class=\"aspect_ratio__container\"><picture class=\"responsive-image\"><source srcset=\"https:\/\/tn.com.ar\/resizer\/v2\/xargentina-K4HXTBGHN5BO7J4RNI7LSLXT4M.jfif?auth=2231be18668c9a01b61a87a56f99938f8a6f30ee921a564f9b1740717eb131dd&amp;width=767\" type=\"image\/jpg\" media=\"(max-width: 728px)\" \/><source srcset=\"https:\/\/tn.com.ar\/resizer\/v2\/xargentina-K4HXTBGHN5BO7J4RNI7LSLXT4M.jfif?auth=2231be18668c9a01b61a87a56f99938f8a6f30ee921a564f9b1740717eb131dd&amp;width=1023\" type=\"image\/jpg\" media=\"(max-width: 1023px)\" \/><source srcset=\"https:\/\/tn.com.ar\/resizer\/v2\/xargentina-K4HXTBGHN5BO7J4RNI7LSLXT4M.jfif?auth=2231be18668c9a01b61a87a56f99938f8a6f30ee921a564f9b1740717eb131dd&amp;width=1440\" type=\"image\/jpg\" \/><img loading=\"lazy\" decoding=\"async\" class=\"image content-image image_placeholder\" src=\"https:\/\/tn.com.ar\/resizer\/v2\/xargentina-K4HXTBGHN5BO7J4RNI7LSLXT4M.jfif?auth=2231be18668c9a01b61a87a56f99938f8a6f30ee921a564f9b1740717eb131dd&amp;width=767\" alt=\"(X@Argentina).\" width=\"767\" height=\"767\" data-testid=\"loading-testid\" \/><\/picture><\/div><figcaption class=\"caption_image\" data-testid=\"figcaption-testid\">\n<div class=\"image_caption \">(X@Argentina).<\/div>\n<\/figcaption><\/figure>\n<p class=\"left paragraph font__body-regular\"><b>Arqueros\u00a0<\/b>(4): Emiliano Mart\u00ednez, Ger\u00f3nimo Rulli, Walter Ben\u00edtez y Facundo Cambeses.<\/p>\n<p class=\"left paragraph font__body-regular\"><b>Defensores\u00a0<\/b>(9): Gonzalo Montiel, Nahuel Molina, Cristian Romero, Leonardo Balerdi, Nicol\u00e1s Otamendi, Marcos Senesi, Lautaro Rivero, Marcos Acu\u00f1a y Nicol\u00e1s Tagliafico.<\/p>\n<p class=\"left paragraph font__body-regular\"><b>Mediocampistas\u00a0<\/b>(10)<b>:<\/b>\u00a0Leandro Paredes, An\u00edbal Moreno, Rodrigo De Paul, Enzo Fern\u00e1ndez, Nicol\u00e1s Paz, Giovani Lo Celso, Alexis Mac Allister, Thiago Almada, Giuliano Simeone y Franco Mastantuono.<\/p>\n<p class=\"left paragraph font__body-regular\"><b>Delanteros\u00a0<\/b>(5): Nicol\u00e1s Gonz\u00e1lez, Lionel Messi, Jos\u00e9 Manuel L\u00f3pez, Juli\u00e1n \u00c1lvarez y Lautaro Mart\u00ednez.<\/p>\n<h2 class=\"font--primary font__display\"><b>Cu\u00e1ndo juega Argentina sus partidos amistosos en Estados Unidos<\/b><\/h2>\n<p class=\"left paragraph font__body-regular\">Los pr\u00f3ximos partidos de la Selecci\u00f3n argentina ser\u00e1n contra\u00a0<b>Venezuela el 10 de octubre en el Hard Rock Stadium de Miami\u00a0<\/b>y el\u00a0<b>13 de octubre contra Puerto Rico en el Soldier Field de Chicago<\/b>, en Estados Unidos.<\/p>\n<\/div>\n<p><\/main><\/div>\n<aside class=\"col-right-rail right-rail\">\n<div class=\"brick_most-read brick_menor\">\n<h3 class=\"section-title font__display\">Las m\u00e1s le\u00eddas de Deportivo<\/h3>\n<div class=\"section-divider top\"><\/div>\n<div class=\"brick_most-read__body\">\n<div class=\"brick_most-read__story\">\n<div class=\"brick_most-read__index\">1<\/div>\n<article class=\"card__container card__most__read\n                   card__most__read_simple card__vertical\"><\/p>\n<div class=\"card__body\">\n<header>\n<h2 class=\"card__headline font__display\"><a title=\"La fuerte frase del hijo de Gustavo Costas contra el Huevo Acu\u00f1a tras el final caliente en River - Racing\" href=\"https:\/\/tn.com.ar\/deportes\/futbol\/2025\/10\/02\/la-fuerte-frase-del-hijo-de-gustavo-costas-contra-el-huevo-acuna-tras-un-final-caliente-en-river-racing\/\">La fuerte frase del hijo de Gustavo Costas contra el Huevo Acu\u00f1a tras el final caliente en River &#8211; Racing<\/a><\/h2>\n<\/header>\n<\/div>\n<\/article>\n<\/div>\n<div class=\"brick_most-read__story\">\n<div class=\"brick_most-read__index\">2<\/div>\n<article class=\"card__container card__most__read\n                   card__most__read_simple card__vertical\"><\/p>\n<div class=\"card__body\">\n<header>\n<h2 class=\"card__headline font__display\"><a title=\"Franco Colapinto volvi\u00f3 a quedar 19\u00b0 en la segunda pr\u00e1ctica del GP de Singapur\" href=\"https:\/\/tn.com.ar\/deportes\/automovilismo\/2025\/10\/03\/franco-colapinto-corre-las-primeras-practicas-del-gran-premio-de-singapur-de-la-formula-1\/\">Franco Colapinto volvi\u00f3 a quedar 19\u00b0 en la segunda pr\u00e1ctica del GP de Singapur<\/a><\/h2>\n<\/header>\n<\/div>\n<\/article>\n<\/div>\n<div class=\"brick_most-read__story\">\n<div class=\"brick_most-read__index\">3<\/div>\n<article class=\"card__container card__most__read\n                   card__most__read_simple card__vertical\"><\/p>\n<div class=\"card__body\">\n<header>\n<h2 class=\"card__headline font__display\"><a title=\"Golpes e insultos: el escandaloso final del partido entre River y Racing\" href=\"https:\/\/tn.com.ar\/deportes\/futbol\/2025\/10\/02\/golpes-insultos-y-un-escupitajo-el-escandaloso-final-del-partido-entre-river-y-racing-por-copa-argentina\/\">Golpes e insultos: el escandaloso final del partido entre River y Racing<\/a><\/h2>\n<\/header>\n<\/div>\n<\/article>\n<\/div>\n<div class=\"brick_most-read__story\">\n<div class=\"brick_most-read__index\">4<\/div>\n<article class=\"card__container card__most__read\n                   card__most__read_simple card__vertical\"><\/p>\n<div class=\"card__body\">\n<header>\n<h2 class=\"card__headline font__display\"><a title=\"Se conoci\u00f3 la sanci\u00f3n que le dieron a Maxi Salas por haber insultado al \u00e1rbitro ante Riestra\" href=\"https:\/\/tn.com.ar\/deportes\/futbol\/2025\/10\/03\/tras-la-clasificacion-de-river-en-la-copa-argentina-se-conocio-la-dura-sancion-que-recibio-maxi-salas\/\">Se conoci\u00f3 la sanci\u00f3n que le dieron a Maxi Salas por haber insultado al \u00e1rbitro ante Riestra<\/a><\/h2>\n<\/header>\n<\/div>\n<\/article>\n<\/div>\n<div class=\"brick_most-read__story\">\n<div class=\"brick_most-read__index\">5<\/div>\n<article class=\"card__container card__most__read\n                   card__most__read_simple card__vertical\"><\/p>\n<div class=\"card__body\">\n<header>\n<h2 class=\"card__headline font__display\"><a title=\"Con un gol de Maxi Salas, River le gan\u00f3 1-0 a Racing y es semifinalista de la Copa Argentina\" href=\"https:\/\/tn.com.ar\/deportes\/futbol\/2025\/10\/02\/river-y-racing-se-enfrentan-por-los-cuartos-de-final-de-la-copa-argentina-formaciones-hora-y-tv\/\">Con un gol de Maxi Salas, River le gan\u00f3 1-0 a Racing y es semifinalista de la Copa Argentina<\/a><\/h2>\n<\/header>\n<\/div>\n<\/article>\n<\/div>\n<\/div>\n<\/div>\n<div class=\"newsletter-signup\">\n<div class=\"newsletter-image\"><\/div>\n<div class=\"newsletter-form\">\n<h3 class=\"newsletter-title font__display\">Suscribite a nuestro newsletter de Deportes<\/h3>\n<h4 class=\"font__subtitle\">Recib\u00ed las \u00faltimas noticias sobre Deportes en tu correo.<\/h4>\n<form action=\"https:\/\/track.embluemail.com\/contacts\/event\" novalidate=\"\" target=\"_blank\">\n<div class=\"newsletter-signup__form_control\"><input class=\"newsletter-signup__email width_full\" name=\"email\" type=\"email\" placeholder=\"Ingres\u00e1 tu email\" aria-label=\"Suscribite al newsletter\" \/><\/div>\n<p><button class=\"variant_button primary light default newsletter-signup__submit width_full large\" disabled=\"disabled\" data-testid=\"button-test\"><span class=\"label\">Suscribirme<\/span><\/button><\/form>\n<\/div>\n<\/div>\n<div class=\"sticky_top top\"><\/div>\n<\/aside>\n<div class=\"col-megalateral\">\n<div id=\"parent-ad-slot-megalateral\" class=\"ad-container megalateral_ad  sticky_top\"><\/div>\n<\/div>\n<\/div>\n<div class=\"wrapper-layout center-content max-width article-footer\">\n<div class=\"article__tags\">\n<h3 class=\"section-title font__display\">Temas de la nota<\/h3>\n<\/div>\n<\/div>\n","protected":false},"excerpt":{"rendered":"<p>Foto portada: Facundo Cambeses, arquero de Racing 03-10-2025 Con tres sorpresas y la vuelta de Enzo Fern\u00e1ndez, Scaloni dio la lista para los amistosos de la Selecci\u00f3n. El entrenador convoc\u00f3 al arquero Facundo Cambeses (Racing), al defensor Lautaro Rivero (River) y al mediocampista An\u00edbal Moreno (Palmeiras) como novedades principales. Lionel Scaloni\u00a0elev\u00f3 este viernes una lista &hellip;<\/p>\n","protected":false},"author":2,"featured_media":26450,"comment_status":"open","ping_status":"open","sticky":false,"template":"","format":"standard","meta":{"footnotes":""},"categories":[72],"tags":[],"class_list":["post-26449","post","type-post","status-publish","format-standard","has-post-thumbnail","hentry","category-futbol-puro"],"_links":{"self":[{"href":"https:\/\/www.sportchaco.com.ar\/index.php?rest_route=\/wp\/v2\/posts\/26449","targetHints":{"allow":["GET"]}}],"collection":[{"href":"https:\/\/www.sportchaco.com.ar\/index.php?rest_route=\/wp\/v2\/posts"}],"about":[{"href":"https:\/\/www.sportchaco.com.ar\/index.php?rest_route=\/wp\/v2\/types\/post"}],"author":[{"embeddable":true,"href":"https:\/\/www.sportchaco.com.ar\/index.php?rest_route=\/wp\/v2\/users\/2"}],"replies":[{"embeddable":true,"href":"https:\/\/www.sportchaco.com.ar\/index.php?rest_route=%2Fwp%2Fv2%2Fcomments&post=26449"}],"version-history":[{"count":1,"href":"https:\/\/www.sportchaco.com.ar\/index.php?rest_route=\/wp\/v2\/posts\/26449\/revisions"}],"predecessor-version":[{"id":26451,"href":"https:\/\/www.sportchaco.com.ar\/index.php?rest_route=\/wp\/v2\/posts\/26449\/revisions\/26451"}],"wp:featuredmedia":[{"embeddable":true,"href":"https:\/\/www.sportchaco.com.ar\/index.php?rest_route=\/wp\/v2\/media\/26450"}],"wp:attachment":[{"href":"https:\/\/www.sportchaco.com.ar\/index.php?rest_route=%2Fwp%2Fv2%2Fmedia&parent=26449"}],"wp:term":[{"taxonomy":"category","embeddable":true,"href":"https:\/\/www.sportchaco.com.ar\/index.php?rest_route=%2Fwp%2Fv2%2Fcategories&post=26449"},{"taxonomy":"post_tag","embeddable":true,"href":"https:\/\/www.sportchaco.com.ar\/index.php?rest_route=%2Fwp%2Fv2%2Ftags&post=26449"}],"curies":[{"name":"wp","href":"https:\/\/api.w.org\/{rel}","templated":true}]}}