{"id":26485,"date":"2025-10-04T12:58:58","date_gmt":"2025-10-04T15:58:58","guid":{"rendered":"https:\/\/www.sportchaco.com.ar\/?p=26485"},"modified":"2025-10-04T13:00:32","modified_gmt":"2025-10-04T16:00:32","slug":"deportivo-guiraldes-se-metio-en-la-siguiente-llave","status":"publish","type":"post","link":"https:\/\/www.sportchaco.com.ar\/?p=26485","title":{"rendered":"Deportivo G\u00fciraldes se meti\u00f3 en la siguiente llave"},"content":{"rendered":"<p><strong>04-10-2025<\/strong><\/p>\n<p><img loading=\"lazy\" decoding=\"async\" class=\"aligncenter wp-image-20490 size-full\" src=\"https:\/\/www.sportchaco.com.ar\/wp-content\/uploads\/2025\/06\/728x90-1.gif\" alt=\"\" width=\"1518\" height=\"189\" \/><\/p>\n<p>El Reducido del torneo Oficial de la Primera B de la Liga Chaque\u00f1a de F\u00fatbol se puso en marcha este viernes con el encuentro entre Deportivo G\u00fciraldes y V\u00e9lez.<\/p>\n<p>Fue triunfo, con goleada incluida 3-0, del \u00abG\u00fcira\u00bb por los goles de Pablo Cantero, Alejandro S\u00e1nchez y Facundo Ayala.<\/p>\n<p>G\u00fciraldes se instala en la siguiente llave y espera rival. Por su parte, V\u00e9lez ha finalizado su temporada 2025. Los encuentros del Reducido continuar\u00e1n durante este s\u00e1bado, domingo y martes de la semana que viene.<\/p>\n<p><b><strong>TORNEO OFICIAL \u00abADRI\u00c1N DAR\u00cdO PARRA\u00bb<br \/>\n<\/strong><\/b><strong>REDUCIDO<br \/>\n<\/strong><strong>Viernes 03-10<\/strong><br \/>\nDep. G\u00fciraldes (6\u00b0) 3 \u2013 V\u00e9lez (15\u00b0) 0, en Bancarios<\/p>\n<p><strong>S\u00e1bado 04-10<\/strong><br \/>\nA las 16, Parque Patricios (3\u00b0) \u2013 DEF (18\u00b0), en Regional<br \/>\nA las 16, Dep. Sameep (9\u00b0) \u2013 Municipales (12\u00b0), en V\u00e9lez<br \/>\nA las 16, UPCP (5\u00b0) \u2013 Canallas del Sur (16\u00b0), en Chaco Hebr\u00f3n<br \/>\nA las 20:15, San Fernando (7\u00b0) \u2013 Dogos (14\u00b0), en Chaco Hebr\u00f3n<\/p>\n<p><strong>Domingo 28-09<\/strong><br \/>\nA las 10, Barber\u00e1n FC (10\u00b0) \u2013 Dep. Zona Sur (11\u00b0), en V\u00e9lez<br \/>\nA las 16, Banfield (8\u00b0) \u2013 Uni\u00f3n del Sur (13\u00b0), en Estudiantes<\/p>\n<p><strong>Martes 07-10<\/strong><br \/>\nA las 20:30, Dep. Esperanza (4\u00b0) \u2013 Camioneros (17\u00b0), en V\u00e9lez<\/p>\n<p><em><strong>Foto: F\u00fatbol Criollo<\/strong><\/em><\/p>\n<p><img loading=\"lazy\" decoding=\"async\" class=\"aligncenter size-full wp-image-21076\" src=\"https:\/\/www.sportchaco.com.ar\/wp-content\/uploads\/2025\/06\/Campo-250x250-05-1.gif\" alt=\"\" width=\"521\" height=\"521\" \/><\/p>\n","protected":false},"excerpt":{"rendered":"<p>04-10-2025 El Reducido del torneo Oficial de la Primera B de la Liga Chaque\u00f1a de F\u00fatbol se puso en marcha este viernes con el encuentro entre Deportivo G\u00fciraldes y V\u00e9lez. Fue triunfo, con goleada incluida 3-0, del \u00abG\u00fcira\u00bb por los goles de Pablo Cantero, Alejandro S\u00e1nchez y Facundo Ayala. G\u00fciraldes se instala en la siguiente &hellip;<\/p>\n","protected":false},"author":3,"featured_media":26486,"comment_status":"open","ping_status":"open","sticky":false,"template":"","format":"standard","meta":{"footnotes":""},"categories":[5],"tags":[],"class_list":["post-26485","post","type-post","status-publish","format-standard","has-post-thumbnail","hentry","category-futbol"],"_links":{"self":[{"href":"https:\/\/www.sportchaco.com.ar\/index.php?rest_route=\/wp\/v2\/posts\/26485","targetHints":{"allow":["GET"]}}],"collection":[{"href":"https:\/\/www.sportchaco.com.ar\/index.php?rest_route=\/wp\/v2\/posts"}],"about":[{"href":"https:\/\/www.sportchaco.com.ar\/index.php?rest_route=\/wp\/v2\/types\/post"}],"author":[{"embeddable":true,"href":"https:\/\/www.sportchaco.com.ar\/index.php?rest_route=\/wp\/v2\/users\/3"}],"replies":[{"embeddable":true,"href":"https:\/\/www.sportchaco.com.ar\/index.php?rest_route=%2Fwp%2Fv2%2Fcomments&post=26485"}],"version-history":[{"count":2,"href":"https:\/\/www.sportchaco.com.ar\/index.php?rest_route=\/wp\/v2\/posts\/26485\/revisions"}],"predecessor-version":[{"id":26488,"href":"https:\/\/www.sportchaco.com.ar\/index.php?rest_route=\/wp\/v2\/posts\/26485\/revisions\/26488"}],"wp:featuredmedia":[{"embeddable":true,"href":"https:\/\/www.sportchaco.com.ar\/index.php?rest_route=\/wp\/v2\/media\/26486"}],"wp:attachment":[{"href":"https:\/\/www.sportchaco.com.ar\/index.php?rest_route=%2Fwp%2Fv2%2Fmedia&parent=26485"}],"wp:term":[{"taxonomy":"category","embeddable":true,"href":"https:\/\/www.sportchaco.com.ar\/index.php?rest_route=%2Fwp%2Fv2%2Fcategories&post=26485"},{"taxonomy":"post_tag","embeddable":true,"href":"https:\/\/www.sportchaco.com.ar\/index.php?rest_route=%2Fwp%2Fv2%2Ftags&post=26485"}],"curies":[{"name":"wp","href":"https:\/\/api.w.org\/{rel}","templated":true}]}}