{"id":26522,"date":"2025-10-04T22:58:59","date_gmt":"2025-10-05T01:58:59","guid":{"rendered":"https:\/\/www.sportchaco.com.ar\/?p=26522"},"modified":"2025-10-04T22:58:59","modified_gmt":"2025-10-05T01:58:59","slug":"historias-pato-silva-en-la-carrera-1-000-del-tc-2","status":"publish","type":"post","link":"https:\/\/www.sportchaco.com.ar\/?p=26522","title":{"rendered":"Historias: Pato Silva en la carrera 1.000 del TC"},"content":{"rendered":"<h6 class=\"post-title entry-title\">Foto portada: El Pato celebra en lo m\u00e1s alto del podio. (ACTC)<\/h6>\n<h5 class=\"entry-sub-title\">El 5 de octubre de 2003 el Turismo Carretera alcanz\u00f3 sus primeras 1000 carreras en la historia. El repaso de un domingo inolvidable., donde el chaque\u00f1o Juan Manuel Silva, se adjudic\u00f3 otra carrera hist\u00f3rica de la categor\u00eda.<\/h5>\n<div class=\"single-post-meta post-meta clearfix\"><span class=\"author-meta single-author with-avatars\"><span class=\"meta-item meta-author-wrapper meta-author-4\"><span class=\"meta-author-avatar\"><a href=\"https:\/\/www.solotc.com.ar\/author\/redaccion-stc\/\"><img loading=\"lazy\" decoding=\"async\" class=\"avatar avatar-140 photo lazyloaded\" src=\"https:\/\/secure.gravatar.com\/avatar\/d68d178d514c6e99e0e371b114681f3eb262b138bfd13d74d6e4ef33251c187a?s=140&amp;d=mm&amp;r=g\" srcset=\"https:\/\/secure.gravatar.com\/avatar\/d68d178d514c6e99e0e371b114681f3eb262b138bfd13d74d6e4ef33251c187a?s=280&amp;d=mm&amp;r=g 2x\" alt=\"Photo of SoloTC\" width=\"140\" height=\"140\" data-src=\"https:\/\/secure.gravatar.com\/avatar\/d68d178d514c6e99e0e371b114681f3eb262b138bfd13d74d6e4ef33251c187a?s=140&amp;d=mm&amp;r=g\" data-srcset=\"https:\/\/secure.gravatar.com\/avatar\/d68d178d514c6e99e0e371b114681f3eb262b138bfd13d74d6e4ef33251c187a?s=280&amp;d=mm&amp;r=g 2x\" \/><\/a>\u00a0<\/span><span class=\"meta-author\"><a class=\"author-name tie-icon\" title=\"SoloTC\" href=\"https:\/\/www.solotc.com.ar\/author\/redaccion-stc\/\">SoloTC<\/a><\/span>\u00a0<\/span><\/span><\/div>\n<div>\n<p>El\u00a0<strong>5 de octubre de 2003<\/strong>\u00a0qued\u00f3 enmarcado como una fecha m\u00e1s que especial en la\u00a0<strong>historia del Turismo Carretera<\/strong>. Aquel domingo, en el aut\u00f3dromo de\u00a0<strong>Paran\u00e1<\/strong>, la categor\u00eda\u00a0 m\u00e1s antigua del mundo\u00a0<strong>alcanz\u00f3 las 1000 carreras<\/strong>.<\/p>\n<p><img decoding=\"async\" src=\"https:\/\/www.solotc.com.ar\/wp-content\/uploads\/2022\/10\/Silva-1000.jpg\" alt=\"El Ford de Silva en la carrera 1000 del TC.\" \/><br \/>\nSeg\u00fan el c\u00e1lculo establecido por el\u00a0<strong>Departamento Deportivo de la ACTC<\/strong>, la\u00a0<strong>13\u00aa competencia del campeonato 2003<\/strong>\u00a0disputada en el tradicional circuito entrerriano fue la n\u00famero 1000. Aunque algunos historiadores la pusieron en duda argumentando que la \u201cm\u00e1xima\u201d ya hab\u00eda alcanzado esa cifra tiempo antes.<\/p>\n<p>El aut\u00f3dromo se vio\u00a0<strong>desbordado por m\u00e1s de 45.000 personas<\/strong>\u00a0que no quisieron quedarse afuera de la fiesta tece\u00edsta. En pista\u00a0<strong>hubo 60 autos<\/strong>, una cantidad que\u00a0<strong>hoy puede sonar extraordinaria<\/strong>, pero que por entonces\u00a0<strong>resultaba m\u00e1s que habitual<\/strong>.<\/p>\n<div class=\"wp-block-image\">\n<figure class=\"aligncenter size-full\"><img decoding=\"async\" src=\"https:\/\/media.lacapital.com.ar\/p\/6dd445568a201b18a7d3da9c354583fc\/adjuntos\/205\/imagenes\/031\/431\/0031431701\/642x0\/smart\/carrera-1000-tcjpg.jpg\" alt=\"El chque\u00f1o juan Manuel Silva fue el ganador de la hist\u00f3rica carrera en Paran\u00e1\" \/><figcaption><\/figcaption><\/figure>\n<\/div>\n<p>El TC estaba plagado de nombres rutilantes. Por un lado, los que peleaban por el t\u00edtulo en la etapa m\u00e1s caliente de la definici\u00f3n, con\u00a0<strong>Christian Ledesma<\/strong>,\u00a0<strong>Guillermo Ortelli<\/strong>,\u00a0<strong>Tito Bessone<\/strong>, \u00a0<strong>Omar Mart\u00ednez<\/strong>\u00a0y\u00a0<strong>Juan Manuel Silva<\/strong>\u00a0como los principales candidatos. A ellos se sumaban figuras como el\u00a0<strong>Flaco Traverso<\/strong>,\u00a0<strong>Lalo Ramos<\/strong>,\u00a0<strong>Marcos<\/strong>\u00a0y\u00a0<strong>Patricio Di Palma<\/strong>,\u00a0<strong>Walter Hern\u00e1ndez\u00a0<\/strong>y\u00a0<strong>Luis Minervino<\/strong>, entre otros.<\/p>\n<p>La Final no tuvo el brillo esperado. En gran parte por la contundencia que mostr\u00f3 el Pato Silva con el Ford del incipiente\u00a0<strong>JP Carrera<\/strong>. El chaque\u00f1o se convirti\u00f3 en la gran figura de la fiesta alcanzando la primera de otras tantas carreras especiales que obtendr\u00eda en los a\u00f1os siguientes.<\/p>\n<p>Bessone, a bordo del Dodge con el que\u00a0<strong>se coronar\u00eda campe\u00f3n<\/strong>\u00a03 fechas m\u00e1s adelante, y el Pato Di Palma a bordo del Toro construido por su pap\u00e1\u00a0<strong>Rub\u00e9n Luis<\/strong>, completaron el podio. Traverso, con su Chevrolet, cerr\u00f3 el cuarteto de marcas, la frutilla del postre de un domingo que qued\u00f3 en el recuerdo permanente.<\/p>\n<p>&nbsp;<\/p>\n<\/div>\n","protected":false},"excerpt":{"rendered":"<p>Foto portada: El Pato celebra en lo m\u00e1s alto del podio. (ACTC) El 5 de octubre de 2003 el Turismo Carretera alcanz\u00f3 sus primeras 1000 carreras en la historia. El repaso de un domingo inolvidable., donde el chaque\u00f1o Juan Manuel Silva, se adjudic\u00f3 otra carrera hist\u00f3rica de la categor\u00eda. \u00a0SoloTC\u00a0 El\u00a05 de octubre de 2003\u00a0qued\u00f3 &hellip;<\/p>\n","protected":false},"author":2,"featured_media":26523,"comment_status":"open","ping_status":"open","sticky":false,"template":"","format":"standard","meta":{"footnotes":""},"categories":[1,78],"tags":[],"class_list":["post-26522","post","type-post","status-publish","format-standard","has-post-thumbnail","hentry","category-fotos-del-recuerdo","category-historias"],"_links":{"self":[{"href":"https:\/\/www.sportchaco.com.ar\/index.php?rest_route=\/wp\/v2\/posts\/26522","targetHints":{"allow":["GET"]}}],"collection":[{"href":"https:\/\/www.sportchaco.com.ar\/index.php?rest_route=\/wp\/v2\/posts"}],"about":[{"href":"https:\/\/www.sportchaco.com.ar\/index.php?rest_route=\/wp\/v2\/types\/post"}],"author":[{"embeddable":true,"href":"https:\/\/www.sportchaco.com.ar\/index.php?rest_route=\/wp\/v2\/users\/2"}],"replies":[{"embeddable":true,"href":"https:\/\/www.sportchaco.com.ar\/index.php?rest_route=%2Fwp%2Fv2%2Fcomments&post=26522"}],"version-history":[{"count":1,"href":"https:\/\/www.sportchaco.com.ar\/index.php?rest_route=\/wp\/v2\/posts\/26522\/revisions"}],"predecessor-version":[{"id":26524,"href":"https:\/\/www.sportchaco.com.ar\/index.php?rest_route=\/wp\/v2\/posts\/26522\/revisions\/26524"}],"wp:featuredmedia":[{"embeddable":true,"href":"https:\/\/www.sportchaco.com.ar\/index.php?rest_route=\/wp\/v2\/media\/26523"}],"wp:attachment":[{"href":"https:\/\/www.sportchaco.com.ar\/index.php?rest_route=%2Fwp%2Fv2%2Fmedia&parent=26522"}],"wp:term":[{"taxonomy":"category","embeddable":true,"href":"https:\/\/www.sportchaco.com.ar\/index.php?rest_route=%2Fwp%2Fv2%2Fcategories&post=26522"},{"taxonomy":"post_tag","embeddable":true,"href":"https:\/\/www.sportchaco.com.ar\/index.php?rest_route=%2Fwp%2Fv2%2Ftags&post=26522"}],"curies":[{"name":"wp","href":"https:\/\/api.w.org\/{rel}","templated":true}]}}