{"id":26534,"date":"2025-10-05T23:47:21","date_gmt":"2025-10-06T02:47:21","guid":{"rendered":"https:\/\/www.sportchaco.com.ar\/?p=26534"},"modified":"2025-10-05T23:52:46","modified_gmt":"2025-10-06T02:52:46","slug":"efemerides-del-6-de-octubre-2","status":"publish","type":"post","link":"https:\/\/www.sportchaco.com.ar\/?p=26534","title":{"rendered":"Efem\u00e9rides del 6 de octubre"},"content":{"rendered":"<div class=\"container fullwidth-entry-title-wrapper\">\n<div class=\"container-wrapper fullwidth-entry-title\">\n<header class=\"entry-header-outer\">\n<div class=\"entry-header\">\n<h1 class=\"post-title entry-title\">Efem\u00e9rides del 6 de octubre<\/h1>\n<div class=\"single-post-meta post-meta clearfix\"><\/div>\n<\/div>\n<\/header>\n<\/div>\n<\/div>\n<div id=\"content\" class=\"site-content container\">\n<div id=\"main-content-row\" class=\"tie-row main-content-row\">\n<div class=\"main-content tie-col-md-8 tie-col-xs-12\" role=\"main\">\n<article id=\"the-post\" class=\"container-wrapper post-content tie-standard\">\n<div class=\"featured-area\">\n<div class=\"featured-area-inner\"><\/div>\n<\/div>\n<div class=\"entry-content entry clearfix\">\n<p>&nbsp;<\/p>\n<p><strong>Esta es la Efem\u00e9rides del Deporte en el Chaco de un 6 de octubre del periodista Luis Dar\u00edo Molodezky.<\/strong><\/p>\n<p style=\"text-align: center;\"><strong>\u00a0<\/strong><img loading=\"lazy\" decoding=\"async\" class=\"alignnone size-medium wp-image-26564\" src=\"https:\/\/www.sportchaco.com.ar\/wp-content\/uploads\/2025\/10\/Luis-carita-1-287x300.jpg\" alt=\"\" width=\"287\" height=\"300\" srcset=\"https:\/\/www.sportchaco.com.ar\/wp-content\/uploads\/2025\/10\/Luis-carita-1-287x300.jpg 287w, https:\/\/www.sportchaco.com.ar\/wp-content\/uploads\/2025\/10\/Luis-carita-1.jpg 430w\" sizes=\"auto, (max-width: 287px) 100vw, 287px\" \/><\/p>\n<p><strong>1932\u00a0<\/strong>\/ Nace el Club Atl\u00e9tico Independiente en la Colonia el Zapallar, luego ciudad de General San Mart\u00edn. Tiene su domicilio en L\u00f3pez y Planes 258, General Jos\u00e9 de San Mart\u00edn, Chaco.<\/p>\n<p><strong>1982\u00a0<\/strong>\/ Fundaci\u00f3n de la Federaci\u00f3n de Caza, Pesca y Tiro Deportivo del Chaco.<\/p>\n<p><strong>1985\u00a0<\/strong>\/ El seleccionado de cadetes femenino de v\u00f3leibol del Chaco, se consagra subcampe\u00f3n Argentino, en torneo disputado en Villa \u00c1ngela y S\u00e1enz Pe\u00f1a, al perder en el cotejo final ante Santa Fe por tres a cero, San Juan fue tercero y C\u00f3rdoba cuarto.<strong><em>\u00a0<\/em><\/strong><\/p>\n<p><strong>2008\u00a0<\/strong>\/ Ignacio Maidana de 22 a\u00f1os, se consagra campe\u00f3n del Chaco Golf Club, al imponerse en una cerrada definici\u00f3n a Eduardo Sotelo por 2-1 en el hoyo 35. En damas se coron\u00f3 Alicia Arce; de 25 a 36 Mariano Benzaquen; de 17 a 24, Fabi\u00e1n Tomaszuk; de 10 a 16 Ra\u00fal C\u00e1ceres y de 0 a 9 Hern\u00e1n Amado.<\/p>\n<p>&nbsp;<\/p>\n<p><strong>Foto portada: Ignacio Maidana<\/strong><\/p>\n<p>&nbsp;<\/p>\n<\/div>\n<\/article>\n<\/div>\n<\/div>\n<\/div>\n","protected":false},"excerpt":{"rendered":"<p>Efem\u00e9rides del 6 de octubre &nbsp; Esta es la Efem\u00e9rides del Deporte en el Chaco de un 6 de octubre del periodista Luis Dar\u00edo Molodezky. \u00a0 1932\u00a0\/ Nace el Club Atl\u00e9tico Independiente en la Colonia el Zapallar, luego ciudad de General San Mart\u00edn. Tiene su domicilio en L\u00f3pez y Planes 258, General Jos\u00e9 de San &hellip;<\/p>\n","protected":false},"author":2,"featured_media":26573,"comment_status":"open","ping_status":"open","sticky":false,"template":"","format":"standard","meta":{"footnotes":""},"categories":[45,40],"tags":[],"class_list":["post-26534","post","type-post","status-publish","format-standard","has-post-thumbnail","hentry","category-efemerides-dia-por-dia","category-octubre"],"_links":{"self":[{"href":"https:\/\/www.sportchaco.com.ar\/index.php?rest_route=\/wp\/v2\/posts\/26534","targetHints":{"allow":["GET"]}}],"collection":[{"href":"https:\/\/www.sportchaco.com.ar\/index.php?rest_route=\/wp\/v2\/posts"}],"about":[{"href":"https:\/\/www.sportchaco.com.ar\/index.php?rest_route=\/wp\/v2\/types\/post"}],"author":[{"embeddable":true,"href":"https:\/\/www.sportchaco.com.ar\/index.php?rest_route=\/wp\/v2\/users\/2"}],"replies":[{"embeddable":true,"href":"https:\/\/www.sportchaco.com.ar\/index.php?rest_route=%2Fwp%2Fv2%2Fcomments&post=26534"}],"version-history":[{"count":2,"href":"https:\/\/www.sportchaco.com.ar\/index.php?rest_route=\/wp\/v2\/posts\/26534\/revisions"}],"predecessor-version":[{"id":26578,"href":"https:\/\/www.sportchaco.com.ar\/index.php?rest_route=\/wp\/v2\/posts\/26534\/revisions\/26578"}],"wp:featuredmedia":[{"embeddable":true,"href":"https:\/\/www.sportchaco.com.ar\/index.php?rest_route=\/wp\/v2\/media\/26573"}],"wp:attachment":[{"href":"https:\/\/www.sportchaco.com.ar\/index.php?rest_route=%2Fwp%2Fv2%2Fmedia&parent=26534"}],"wp:term":[{"taxonomy":"category","embeddable":true,"href":"https:\/\/www.sportchaco.com.ar\/index.php?rest_route=%2Fwp%2Fv2%2Fcategories&post=26534"},{"taxonomy":"post_tag","embeddable":true,"href":"https:\/\/www.sportchaco.com.ar\/index.php?rest_route=%2Fwp%2Fv2%2Ftags&post=26534"}],"curies":[{"name":"wp","href":"https:\/\/api.w.org\/{rel}","templated":true}]}}