{"id":2655,"date":"2023-11-09T14:51:27","date_gmt":"2023-11-09T17:51:27","guid":{"rendered":"https:\/\/www.sportchaco.com.ar\/?p=2655"},"modified":"2023-11-09T14:51:27","modified_gmt":"2023-11-09T17:51:27","slug":"el-enano-silva-se-va-de-for-ever","status":"publish","type":"post","link":"https:\/\/www.sportchaco.com.ar\/?p=2655","title":{"rendered":"El \u00abenano\u00bb Silva se va de For Ever"},"content":{"rendered":"<p>Siguen las novedades en For Ever, que retom\u00f3 los entrenamientos el pasado lunes luego de un par de semanas de haber concluido su participaci\u00f3n en la temporada 2023 de la Primera Nacional.<\/p>\n<p>Ahora el club \u00abalbinegro\u00bb suma una nueva baja en su plantel, del que ya se hab\u00edan ido nueve jugadores.<\/p>\n<p>En una charla con el programa deportivo <em>\u00abEntretiempo\u00bb<\/em>, Nicol\u00e1s Silva confirm\u00f3 que no renovar\u00e1 su contrato con la instituci\u00f3n chaque\u00f1a con lo cual no seguir\u00e1 en el 2024.<\/p>\n<p>El delantero hab\u00eda llegado a principio de a\u00f1o cuando For Ever se encontraba en la parte final de su pretemporada y tiene contrato hasta diciembre de 2023.<\/p>\n<p>\u00abHabl\u00e9 con H\u00e9ctor (G\u00f3mez) ayer y decid\u00ed no seguir en For Ever. Tengo mucho aprecio al club y al grupo. No tengo palabras para describir lo bien que me trataron. Mi intenci\u00f3n es tratar de salir del pa\u00eds nuevamente y jugar en el exterior\u00bb, declar\u00f3 a los microfonos de Radio Ciudad.<\/p>\n<p>El \u00abenano\u00bb Silva ser\u00e1 el jugador n\u00famero 10 en dejar la planilla de el \u00abnegro\u00bb sum\u00e1ndose a las salidas de Lucas Fern\u00e1ndez, Facundo Monteseir\u00edn, Ignacio Abraham, Nicol\u00e1s Ju\u00e1rez, Enzo Bruno, Mateo Maccari, Emiliano Bogado, Emanuel D\u00edaz y Claudio Villagra.<\/p>\n","protected":false},"excerpt":{"rendered":"<p>Siguen las novedades en For Ever, que retom\u00f3 los entrenamientos el pasado lunes luego de un par de semanas de haber concluido su participaci\u00f3n en la temporada 2023 de la Primera Nacional. Ahora el club \u00abalbinegro\u00bb suma una nueva baja en su plantel, del que ya se hab\u00edan ido nueve jugadores. En una charla con &hellip;<\/p>\n","protected":false},"author":3,"featured_media":2656,"comment_status":"open","ping_status":"open","sticky":false,"template":"","format":"standard","meta":{"footnotes":""},"categories":[5],"tags":[],"class_list":["post-2655","post","type-post","status-publish","format-standard","has-post-thumbnail","hentry","category-futbol"],"_links":{"self":[{"href":"https:\/\/www.sportchaco.com.ar\/index.php?rest_route=\/wp\/v2\/posts\/2655","targetHints":{"allow":["GET"]}}],"collection":[{"href":"https:\/\/www.sportchaco.com.ar\/index.php?rest_route=\/wp\/v2\/posts"}],"about":[{"href":"https:\/\/www.sportchaco.com.ar\/index.php?rest_route=\/wp\/v2\/types\/post"}],"author":[{"embeddable":true,"href":"https:\/\/www.sportchaco.com.ar\/index.php?rest_route=\/wp\/v2\/users\/3"}],"replies":[{"embeddable":true,"href":"https:\/\/www.sportchaco.com.ar\/index.php?rest_route=%2Fwp%2Fv2%2Fcomments&post=2655"}],"version-history":[{"count":1,"href":"https:\/\/www.sportchaco.com.ar\/index.php?rest_route=\/wp\/v2\/posts\/2655\/revisions"}],"predecessor-version":[{"id":2657,"href":"https:\/\/www.sportchaco.com.ar\/index.php?rest_route=\/wp\/v2\/posts\/2655\/revisions\/2657"}],"wp:featuredmedia":[{"embeddable":true,"href":"https:\/\/www.sportchaco.com.ar\/index.php?rest_route=\/wp\/v2\/media\/2656"}],"wp:attachment":[{"href":"https:\/\/www.sportchaco.com.ar\/index.php?rest_route=%2Fwp%2Fv2%2Fmedia&parent=2655"}],"wp:term":[{"taxonomy":"category","embeddable":true,"href":"https:\/\/www.sportchaco.com.ar\/index.php?rest_route=%2Fwp%2Fv2%2Fcategories&post=2655"},{"taxonomy":"post_tag","embeddable":true,"href":"https:\/\/www.sportchaco.com.ar\/index.php?rest_route=%2Fwp%2Fv2%2Ftags&post=2655"}],"curies":[{"name":"wp","href":"https:\/\/api.w.org\/{rel}","templated":true}]}}