{"id":26550,"date":"2025-10-05T22:25:17","date_gmt":"2025-10-06T01:25:17","guid":{"rendered":"https:\/\/www.sportchaco.com.ar\/?p=26550"},"modified":"2025-10-05T22:25:17","modified_gmt":"2025-10-06T01:25:17","slug":"pre-federal-primera-cultural-volvio-al-triunfo-de-local","status":"publish","type":"post","link":"https:\/\/www.sportchaco.com.ar\/?p=26550","title":{"rendered":"Pre \u2013 Federal\/ Primera: Cultural volvi\u00f3 al triunfo de local"},"content":{"rendered":"<h1 class=\"story-title entry-title\"><\/h1>\n<div id=\"right-content\" class=\"relative\">\n<div id=\"content-area\" class=\"left relative\">\n<div id=\"left-content-mobi\">\n<div class=\"author-info-mob-wrap\"><\/div>\n<\/div>\n<div id=\"tps_slideContainer_28759\" class=\"theiaPostSlider_slides\">\n<div>\n<p><strong>Por la octava fecha de la zona \u00abA\u00bb, el elenco sylvinense venci\u00f3 como local a Social Las Bre\u00f1as 94 a 75. Gast\u00f3n Araujo fue el goleador del partido con 34 puntos, secundado por Lautaro Ayala con 20, por su parte en el equipo bre\u00f1ense Antonino Forte aport\u00f3 22 puntos.<\/strong><\/p>\n<p>&nbsp;<\/p>\n<p><strong>EL JUEGO<br \/>\n<\/strong>El primer cuarto fue parejo con un leve dominio del conjunto visitante producto del buen trabajo de Forte como as\u00ed tambi\u00e9n de Reynoso; en Cultural en esa primera parte destacar el trabajo de Eli\u00e1n L\u00f3pez y de Gast\u00f3n Araujo. A partir del segundo cuarto los sylvinenses ajustaron en la marca fueron m\u00e1s efectivo pudieron correr la cancha, y a partir de ah\u00ed fueron tomando una diferencia de 12, 15 puntos que al adversario le fue dif\u00edcil poder remontar. Al cabo de los primeros 20 minutos cultural se impon\u00eda por 50 a 35.<\/p>\n<p>En la etapa complementaria los sylvinense siguieron ampliando en el marcador producto de las buenas tareas de Lautaro Arold, Aldo Stacul como as\u00ed tambi\u00e9n de Gast\u00f3n Araujo y de Lautaro Ayala, en el conjunto visitante continuaba teniendo un buen desarrollo Hugo Reynoso.<br \/>\nEn el cuarto final lo encontr\u00f3 a Cultural con una firmeza tanto en defensa como en ataque que lo iba a llevar a quedarse con el juego y mantenerse como l\u00edder de la zona \u00abA\u00bb, volviendo a su vez a la victoria luego del traspi\u00e9 tenido en Resistencia.<\/p>\n<p>El pr\u00f3ximo viernes choque de l\u00edderes en Santa Sylvina, Centro Cultural va a estar recibiendo la visita de Regatas Resistencia.<\/p>\n<p>&nbsp;<\/p>\n<p><strong>AGRADECIMIENTO<br \/>\n<\/strong>Desde Cultural de Santa Sylvina se hace extensivo el agradecimiento permanente a la Municipalidad de Santa Sylvina, a su intendente Susana Maggio, al Gobierno Provincial (Instituto del Deporte, Ministerio de Infraestructura, Loter\u00eda Chaque\u00f1a) y a todos los colaboradores privados y particulares, por hacer que entre todos la instituci\u00f3n sylvinense pueda cumplir en gran manera con los compromisos deportivos que tiene la instituci\u00f3n deportiva.<\/p>\n<p>&nbsp;<\/p>\n<p>S\u00cdNTESIS<br \/>\nCULTURAL (94): L. Ayala 20, E L\u00f3pez 5, G. Araujo 34, A. Stacul 9, L. Arold 10 FI. N. Ayala 7, M Sosa 1, L. Torres 1. Dt Enzo Ram\u00edrez.<\/p>\n<p>SOCIAL (75): M. Casares 4, G. Lencina 6, H. Reinoso 18, J. C. Diaz 2 y A. Forte 22. (F.I.) I. Ya\u00f1uk 8, I. Kucharuk 5 (X), S. Ledesma 8, B. Sova 4, G. Pikaluk 0, O. Nazetta 0, G. Mansilla 0. Dt. Miguel Pikaluk<\/p>\n<p>\u00c1RBITROS: Sebasti\u00e1n Vasallo y Cristian Pogonza.<br \/>\nCOMISIONADO T\u00c9CNICO: Gonzalo Dur\u00e1nd.<\/p>\n<p>&nbsp;<\/p>\n<p>Estadio: Norberto \u00abCoco\u00bb Vi\u00f1etta del Centro Cultural Santa Sylvina<\/p>\n<\/div>\n<\/div>\n<div class=\"theiaPostSlider_footer _footer\">\n<div id=\"left-content-mobi\">\n<div class=\"author-info-mob-wrap\">\n<div class=\"post-date-wrap left relative post-date-mob\"><\/div>\n<\/div>\n<\/div>\n<div id=\"tps_slideContainer_28759\" class=\"theiaPostSlider_slides\">\n<div>\n<p>(Por Santiago Waissmann\/ Basket Total)<\/p>\n<\/div>\n<\/div>\n<\/div>\n<p>&nbsp;<\/p>\n<div class=\"post-tags post-tags-mobi\"><\/div>\n<\/div>\n<\/div>\n","protected":false},"excerpt":{"rendered":"<p>Por la octava fecha de la zona \u00abA\u00bb, el elenco sylvinense venci\u00f3 como local a Social Las Bre\u00f1as 94 a 75. Gast\u00f3n Araujo fue el goleador del partido con 34 puntos, secundado por Lautaro Ayala con 20, por su parte en el equipo bre\u00f1ense Antonino Forte aport\u00f3 22 puntos. &nbsp; EL JUEGO El primer cuarto &hellip;<\/p>\n","protected":false},"author":2,"featured_media":26551,"comment_status":"open","ping_status":"open","sticky":false,"template":"","format":"standard","meta":{"footnotes":""},"categories":[3],"tags":[],"class_list":["post-26550","post","type-post","status-publish","format-standard","has-post-thumbnail","hentry","category-basquetbol"],"_links":{"self":[{"href":"https:\/\/www.sportchaco.com.ar\/index.php?rest_route=\/wp\/v2\/posts\/26550","targetHints":{"allow":["GET"]}}],"collection":[{"href":"https:\/\/www.sportchaco.com.ar\/index.php?rest_route=\/wp\/v2\/posts"}],"about":[{"href":"https:\/\/www.sportchaco.com.ar\/index.php?rest_route=\/wp\/v2\/types\/post"}],"author":[{"embeddable":true,"href":"https:\/\/www.sportchaco.com.ar\/index.php?rest_route=\/wp\/v2\/users\/2"}],"replies":[{"embeddable":true,"href":"https:\/\/www.sportchaco.com.ar\/index.php?rest_route=%2Fwp%2Fv2%2Fcomments&post=26550"}],"version-history":[{"count":1,"href":"https:\/\/www.sportchaco.com.ar\/index.php?rest_route=\/wp\/v2\/posts\/26550\/revisions"}],"predecessor-version":[{"id":26552,"href":"https:\/\/www.sportchaco.com.ar\/index.php?rest_route=\/wp\/v2\/posts\/26550\/revisions\/26552"}],"wp:featuredmedia":[{"embeddable":true,"href":"https:\/\/www.sportchaco.com.ar\/index.php?rest_route=\/wp\/v2\/media\/26551"}],"wp:attachment":[{"href":"https:\/\/www.sportchaco.com.ar\/index.php?rest_route=%2Fwp%2Fv2%2Fmedia&parent=26550"}],"wp:term":[{"taxonomy":"category","embeddable":true,"href":"https:\/\/www.sportchaco.com.ar\/index.php?rest_route=%2Fwp%2Fv2%2Fcategories&post=26550"},{"taxonomy":"post_tag","embeddable":true,"href":"https:\/\/www.sportchaco.com.ar\/index.php?rest_route=%2Fwp%2Fv2%2Ftags&post=26550"}],"curies":[{"name":"wp","href":"https:\/\/api.w.org\/{rel}","templated":true}]}}