{"id":26559,"date":"2025-10-05T23:30:06","date_gmt":"2025-10-06T02:30:06","guid":{"rendered":"https:\/\/www.sportchaco.com.ar\/?p=26559"},"modified":"2025-10-06T07:18:10","modified_gmt":"2025-10-06T10:18:10","slug":"fallecio-el-locutor-y-conductor-alberto-beato","status":"publish","type":"post","link":"https:\/\/www.sportchaco.com.ar\/?p=26559","title":{"rendered":"Falleci\u00f3 el locutor y conductor Alberto Beato"},"content":{"rendered":"<div class=\"xyamay9 xv54qhq xsag5q8 xf7dkkf\">\n<div>\n<div class=\"x1cy8zhl x2bj2ny x78zum5 x1q0g3np\">\n<div class=\"x1iyjqo2\">\n<div class=\"x78zum5 xdt5ytf xz62fqu x16ldp7u\">\n<div class=\"xu06os2 x1ok221b\">\n<div class=\"x1gslohp\">\n<h5 class=\"html-h2 x14z9mp xat24cr x1lziwak xexx8yu xyri2b x18d9i69 x1c1uobl x1vvkbs x1heor9g x1qlqyl8 x1pd3egz x1a2a7pz x1gslohp\" tabindex=\"-1\"><span class=\"x193iq5w xeuugli x13faqbe x1vvkbs x1xmvt09 x6prxxf xvq8zen xo1l8bm xi81zsa\"><span style=\"color: #000000;\">En la joranda de hoy falleci\u00f3 en San Luis, el locutor y conductor de TV Alberto Beato, quien tuviera un destacado paso por la FM de Radio Chaco en la calle C\u00f3rdoba y en Canal 9 de Resistencia.\u00a0<\/span><br \/>\n<\/span><\/h5>\n<\/div>\n<\/div>\n<div class=\"xu06os2 x1ok221b\">\n<div class=\"html-div xdj266r x14z9mp xat24cr x1lziwak xexx8yu xyri2b x18d9i69 x1c1uobl x6s0dn4 x17zd0t2 x78zum5 x1q0g3np x1a02dak\"><strong><img decoding=\"async\" src=\"https:\/\/scontent.fcnq2-2.fna.fbcdn.net\/v\/t39.30808-6\/486531875_29341802752085047_989725698444215789_n.jpg?_nc_cat=103&amp;ccb=1-7&amp;_nc_sid=6ee11a&amp;_nc_eui2=AeEP4KfS0zgL0-HictM2g_GSSceF1GoJK3VJx4XUagkrdfBq1PTgKVcP9MohPWKJEj8&amp;_nc_ohc=5RUpq7v-VgsQ7kNvwHERJ9X&amp;_nc_oc=AdmrK5DISNTA2V8D31XeYDHnb1keWXm1TYMNucj5Om0MHW-0THMXyRGXfQte-TZvj8U&amp;_nc_zt=23&amp;_nc_ht=scontent.fcnq2-2.fna&amp;_nc_gid=hWk1L_SWeqxHMm2NMwp8eg&amp;oh=00_Aff2aPr_oNnaKPjprADr2QX5bQTa_OOznOmMj0RiVhqJfA&amp;oe=68E8F725\" alt=\"No hay ninguna descripci\u00f3n de la foto disponible.\" \/><\/strong><\/div>\n<div><strong>Alberto Beato con su hija Mara Maulen en El Maravilloso Parque de las Quijadas, San Luis.<\/strong><\/div>\n<\/div>\n<\/div>\n<div><\/div>\n<\/div>\n<div class=\"xqcrz7y x78zum5 x1qx5ct2 x1y1aw1k xf159sx xwib8y2 xmzvs34 xw4jnvo\">\n<div>Alberto Beato quien resid\u00eda desde hace muchos a\u00f1os en San Luis, falleci\u00f3 hoy en la capital puntana, dejando una estela de dolor entre sus amigos y conocidos.<\/div>\n<div>En la d\u00e9cada del 90 compartimos el programa Razachaco, producido por la Agencia Hendyman, y del que participaban entre otros Miguel Angel Fern\u00e1ndez, Antonio Bosch, Luis Dar\u00edo Molodezky, Chaco, Belsky, Rub\u00e9n Di Giusseppe y Carlos Obreg\u00f3n.<\/div>\n<div>Paralelamente hizo un \u00e9xito en la FM de RAdio Chaco de 22 a 1 de la ma\u00f1ana, \u00abCon otro aire\u00bb que fue un verdadero \u00e9xito con un desfile permanente por la radio de Jos\u00e9 Hern\u00e1ndez y C\u00f3rdoba.<\/div>\n<div>Su \u00e9xito mayor estuvo en Mendoza, donde dej\u00f3 huellas en la TV de esa provincia, y lleg\u00f3 tentado al Chaco con una propuesta realizada por la Agencia R\u00edo de Oro.<\/div>\n<div>De los cfonductores de antes, preparaba sus programas musicales con los informes correspondientes cada d\u00eda.<\/div>\n<div>Un a\u00f1o condujo la Fiesta Anual del Deporte, realizada en\u00a0 el Centro Deportivo Don Bosco.<\/div>\n<div><\/div>\n<div><\/div>\n<\/div>\n<\/div>\n<\/div>\n<div class=\"x17zd0t2 x78zum5\"><\/div>\n<\/div>\n<div>\n<div class=\"x1n2onr6\">\n<div class=\"x6s0dn4 xi81zsa x78zum5 x6prxxf x13a6bvl xvq8zen xdj266r xat24cr x1c1uobl xyri2b x80vd3b x1q0q8m5 xso031l x1diwwjn xbmvrgn x10b6aqq x1yrsyyn\">\n<div class=\"x6s0dn4 x78zum5 x1iyjqo2 x6ikm8r x10wlt62\">\n<div>\n<div class=\"x1i10hfl xjbqb8w x1ejq31n x18oe1m7 x1sy0etr xstzfhl x972fbf x10w94by x1qhh985 x14e42zd x9f619 x1ypdohk x3ct3a4 xdj266r x14z9mp xat24cr x1lziwak xexx8yu xyri2b x18d9i69 x1c1uobl x16tdsg8 x1hl2dhg xggy1nq x1fmog5m xu25z0z x140muxe xo1y3bh x1n2onr6 x87ps6o x1lku1pv x1a2a7pz x1heor9g xnl1qt8 x6ikm8r x10wlt62 x1vjfegm x1lliihq\" tabindex=\"0\" role=\"button\"><\/div>\n<\/div>\n<\/div>\n<div class=\"x9f619 x1ja2u2z x78zum5 x2lah0s x1n2onr6 x1qughib x1qjc9v5 xozqiw3 x1q0g3np x1ws5yxj xw01apr x4cne27 xifccgj x123j3cw xs9asl8\">\n<div class=\"x9f619 x1n2onr6 x1ja2u2z x78zum5 xdt5ytf x2lah0s x193iq5w xeuugli x1icxu4v x25sj25 x10b6aqq x1yrsyyn\"><\/div>\n<div class=\"x9f619 x1n2onr6 x1ja2u2z x78zum5 xdt5ytf x2lah0s x193iq5w xeuugli x1icxu4v x25sj25 x10b6aqq x1yrsyyn\"><\/div>\n<div class=\"x9f619 x1n2onr6 x1ja2u2z x78zum5 xdt5ytf x2lah0s x193iq5w xeuugli x1icxu4v x25sj25 x10b6aqq x1yrsyyn\"><img decoding=\"async\" src=\"https:\/\/scontent.fcnq2-1.fna.fbcdn.net\/v\/t39.30808-6\/557873246_24861581006804734_4472226801144214819_n.jpg?_nc_cat=100&amp;ccb=1-7&amp;_nc_sid=127cfc&amp;_nc_eui2=AeEh5MqJpwqMXD8HeNRv5cv7iWnFnb1dFuGJacWdvV0W4ZxcQ9pxKF9iIukY2niRNA0&amp;_nc_ohc=Wc3Pq4000CcQ7kNvwE0xdSV&amp;_nc_oc=Adl6cVMiVRck0tPEKiiZ8buCtPPCMLNM5UpFI5mfCV6IXstSfRyc9H-6ODdMQVxvsQk&amp;_nc_zt=23&amp;_nc_ht=scontent.fcnq2-1.fna&amp;_nc_gid=jOSjluPYOslNb3JNKDDfYg&amp;oh=00_Afd6uqSJx-JrE1Iur8waUtvJmYmwLFNTmLHb838wuQwLKQ&amp;oe=68E8E068\" alt=\"Puede ser una imagen de 3 personas y texto que dice &quot;CON OTRO AIRE&quot;\" \/><\/div>\n<\/div>\n<\/div>\n<\/div>\n<div class=\"xbmvrgn x1diwwjn x1uuop16 x1fqkajt x1aj7aux x1axty5n\">\n<div class=\"x9f619 x1ja2u2z x78zum5 x2lah0s x1n2onr6 x1qughib x1qjc9v5 xozqiw3 x1q0g3np xjkvuk6 x1iorvi4 x4cne27 xifccgj\">\n<div class=\"x9f619 x1n2onr6 x1ja2u2z x78zum5 xdt5ytf x193iq5w xeuugli x1r8uery x1iyjqo2 xs83m0k x10b6aqq x1yrsyyn\"><\/div>\n<div class=\"x9f619 x1n2onr6 x1ja2u2z x78zum5 xdt5ytf x193iq5w xeuugli x1r8uery x1iyjqo2 xs83m0k x10b6aqq x1yrsyyn\"><\/div>\n<div class=\"x9f619 x1n2onr6 x1ja2u2z x78zum5 xdt5ytf x193iq5w xeuugli x1r8uery x1iyjqo2 xs83m0k x10b6aqq x1yrsyyn\">\n<p><strong>DIARIO MENDOZA<\/strong><\/p>\n<p>En el d\u00eda de hoy, <strong>Alberto Beato<\/strong>\u00a0falleci\u00f3, generando profundo\u00a0<strong>impacto<\/strong>\u00a0en la\u00a0<span style=\"color: #000000;\"><a style=\"color: #000000;\" href=\"https:\/\/www.diariomendoza.com.ar\/tags\/television-t52\"><strong>televisi\u00f3n mendocina<\/strong><\/a>\u00a0<\/span>y en quienes lo conocieron. Con una\u00a0<strong>trayectoria exitosa<\/strong>, se destac\u00f3 en\u00a0<strong>Canal 7 Mendoza<\/strong>, donde condujo programas como\u00a0<strong>Aqu\u00ed Cuyo<\/strong>\u00a0y\u00a0<strong>Habitar<\/strong>, marcando una\u00a0<strong>\u00e9poca<\/strong>\u00a0en la pantalla local.<\/p>\n<p>Beato fue una\u00a0<strong>figura importante<\/strong>\u00a0de la televisi\u00f3n mendocina de los\u00a0<strong>a\u00f1os 80<\/strong>, consolid\u00e1ndose como uno de los referentes m\u00e1s recordados de esa\u00a0<strong>d\u00e9cada<\/strong>\u00a0y dejando una\u00a0<strong>marca perdurable<\/strong>\u00a0en la historia medi\u00e1tica de la provincia.<\/p>\n<p>Quienes compartieron su vida y trabajo\u00a0<a href=\"https:\/\/www.diariomendoza.com.ar\/tags\/profesional-t33987\"><strong>destacan su profesionalismo<\/strong><\/a>, su\u00a0<strong>cercan\u00eda<\/strong>\u00a0y la\u00a0<strong>amistad<\/strong>\u00a0sincera que cultiv\u00f3. Su legado permanece en los\u00a0<strong>espectadores<\/strong>\u00a0y en los\u00a0<strong>colegas<\/strong>, quienes recuerdan su\u00a0<strong>humildad<\/strong>\u00a0y su\u00a0<strong>pasi\u00f3n<\/strong>\u00a0por la comunicaci\u00f3n.<\/p>\n<p>Su fallecimiento es lamentado por la comunidad televisiva y la sociedad mendocina, reconociendo su\u00a0<strong>aporte significativo<\/strong>\u00a0a la\u00a0<strong>cultura<\/strong>\u00a0y\u00a0<span style=\"color: #000000;\"><a style=\"color: #000000;\" href=\"https:\/\/www.diariomendoza.com.ar\/tags\/medios-comunicacion-t15233\"><strong>medios locales<\/strong>.<\/a><\/span><\/p>\n<p>En la redes sociales se viralizaron distintos mensajes de gente del Cbhaco que trabaj\u00f3 con el, destacando su profesionalidad.<\/p>\n<p>&nbsp;<\/p>\n<\/div>\n<\/div>\n<\/div>\n<\/div>\n<p>&nbsp;<\/p>\n<p><img decoding=\"async\" src=\"https:\/\/scontent.fcnq2-2.fna.fbcdn.net\/v\/t39.30808-6\/486531875_29341802752085047_989725698444215789_n.jpg?_nc_cat=103&amp;ccb=1-7&amp;_nc_sid=6ee11a&amp;_nc_eui2=AeEP4KfS0zgL0-HictM2g_GSSceF1GoJK3VJx4XUagkrdfBq1PTgKVcP9MohPWKJEj8&amp;_nc_ohc=5RUpq7v-VgsQ7kNvwHERJ9X&amp;_nc_oc=AdmrK5DISNTA2V8D31XeYDHnb1keWXm1TYMNucj5Om0MHW-0THMXyRGXfQte-TZvj8U&amp;_nc_zt=23&amp;_nc_ht=scontent.fcnq2-2.fna&amp;_nc_gid=y97piAFwAL94VmQwUxYzNw&amp;oh=00_AferlfLEtZ326qsGPYzod4axeMY4MnpPdH1k0UKLdX44lw&amp;oe=68E8F725\" alt=\"No hay ninguna descripci\u00f3n de la foto disponible.\" \/><\/p>\n<p><strong>Alberto Beato con su hija Mara Maulen en El Maravilloso Parque de las Quijadas.<\/strong><\/p>\n<p><img loading=\"lazy\" decoding=\"async\" class=\"alignnone wp-image-26564\" src=\"https:\/\/www.sportchaco.com.ar\/wp-content\/uploads\/2025\/10\/Luis-carita-1-287x300.jpg\" alt=\"\" width=\"37\" height=\"38\" srcset=\"https:\/\/www.sportchaco.com.ar\/wp-content\/uploads\/2025\/10\/Luis-carita-1-287x300.jpg 287w, https:\/\/www.sportchaco.com.ar\/wp-content\/uploads\/2025\/10\/Luis-carita-1-150x150.jpg 150w, https:\/\/www.sportchaco.com.ar\/wp-content\/uploads\/2025\/10\/Luis-carita-1.jpg 430w\" sizes=\"auto, (max-width: 37px) 100vw, 37px\" \/> Por LUIS DARIO MOLODEZKY<\/p>\n","protected":false},"excerpt":{"rendered":"<p>En la joranda de hoy falleci\u00f3 en San Luis, el locutor y conductor de TV Alberto Beato, quien tuviera un destacado paso por la FM de Radio Chaco en la calle C\u00f3rdoba y en Canal 9 de Resistencia.\u00a0 Alberto Beato con su hija Mara Maulen en El Maravilloso Parque de las Quijadas, San Luis. Alberto &hellip;<\/p>\n","protected":false},"author":2,"featured_media":26561,"comment_status":"open","ping_status":"open","sticky":false,"template":"","format":"standard","meta":{"footnotes":""},"categories":[44],"tags":[],"class_list":["post-26559","post","type-post","status-publish","format-standard","has-post-thumbnail","hentry","category-varios"],"_links":{"self":[{"href":"https:\/\/www.sportchaco.com.ar\/index.php?rest_route=\/wp\/v2\/posts\/26559","targetHints":{"allow":["GET"]}}],"collection":[{"href":"https:\/\/www.sportchaco.com.ar\/index.php?rest_route=\/wp\/v2\/posts"}],"about":[{"href":"https:\/\/www.sportchaco.com.ar\/index.php?rest_route=\/wp\/v2\/types\/post"}],"author":[{"embeddable":true,"href":"https:\/\/www.sportchaco.com.ar\/index.php?rest_route=\/wp\/v2\/users\/2"}],"replies":[{"embeddable":true,"href":"https:\/\/www.sportchaco.com.ar\/index.php?rest_route=%2Fwp%2Fv2%2Fcomments&post=26559"}],"version-history":[{"count":4,"href":"https:\/\/www.sportchaco.com.ar\/index.php?rest_route=\/wp\/v2\/posts\/26559\/revisions"}],"predecessor-version":[{"id":26583,"href":"https:\/\/www.sportchaco.com.ar\/index.php?rest_route=\/wp\/v2\/posts\/26559\/revisions\/26583"}],"wp:featuredmedia":[{"embeddable":true,"href":"https:\/\/www.sportchaco.com.ar\/index.php?rest_route=\/wp\/v2\/media\/26561"}],"wp:attachment":[{"href":"https:\/\/www.sportchaco.com.ar\/index.php?rest_route=%2Fwp%2Fv2%2Fmedia&parent=26559"}],"wp:term":[{"taxonomy":"category","embeddable":true,"href":"https:\/\/www.sportchaco.com.ar\/index.php?rest_route=%2Fwp%2Fv2%2Fcategories&post=26559"},{"taxonomy":"post_tag","embeddable":true,"href":"https:\/\/www.sportchaco.com.ar\/index.php?rest_route=%2Fwp%2Fv2%2Ftags&post=26559"}],"curies":[{"name":"wp","href":"https:\/\/api.w.org\/{rel}","templated":true}]}}