{"id":26638,"date":"2025-10-07T12:22:13","date_gmt":"2025-10-07T15:22:13","guid":{"rendered":"https:\/\/www.sportchaco.com.ar\/?p=26638"},"modified":"2025-10-07T12:23:30","modified_gmt":"2025-10-07T15:23:30","slug":"se-retira-el-ultimo-de-la-generacion-dorada-carlos-delfino-dejara-el-basquet-a-sus-43-anos","status":"publish","type":"post","link":"https:\/\/www.sportchaco.com.ar\/?p=26638","title":{"rendered":"Se retira el \u00faltimo de la Generaci\u00f3n Dorada: Carlos Delfino dejar\u00e1 el b\u00e1squet a sus 43 a\u00f1os"},"content":{"rendered":"<div class=\"sc-b5557ab1-1 iCLgJN\">\n<div class=\"sc-b5557ab1-2 csihIl\">\n<div class=\"sc-635e91a5-0 iZnogj\">\n<h1 class=\"sc-635e91a5-6 cHDfFi\"><\/h1>\n<\/div>\n<\/div>\n<div class=\"sc-b5557ab1-3 iEnCKX\">El Lancha dejar\u00e1 las canchas.<\/div>\n<h5 class=\"sc-b5557ab1-3 iEnCKX\"><span style=\"font-size: 24px; font-weight: bold;\">El Lancha, que hasta la \u00faltima temporada estaba jugando en el Benedetto XIV Cento de la Segunda de Italia, se despedir\u00e1 de las canchas.<\/span><\/h5>\n<\/div>\n<div class=\"sc-de39c0ed-2 gyyEs\">\n<div class=\"sc-de39c0ed-1 dVtgEy noPadding noPadding\">\n<div>\n<div class=\"socialAuthorContainer\">\n<div class=\"sc-14139f57-0 kmVJUn\"><\/div>\n<\/div>\n<div class=\"sc-de39c0ed-10 ehAJLq\"><\/div>\n<article id=\"storyBody\" class=\"sc-de39c0ed-11 brUxKV vsmcontent vsmcontent\">\n<div class=\"custom-text \">\n<p><span style=\"color: #000000;\">A 21 a\u00f1os de la hist\u00f3rica medalla de oro conseguida en los <strong>Juegos Ol\u00edmpicos de Atenas 2004<\/strong>, la actividad de la\u00a0<strong><a class=\"slug\" style=\"color: #000000;\" title=\"Generaci\u00f3n Dorada\" href=\"https:\/\/www.ole.com.ar\/tema\/generacion-dorada.html\">Generaci\u00f3n Dorada<\/a><\/strong>\u00a0lleg\u00f3 al ocaso. Y es que\u00a0<strong><a class=\"slug\" style=\"color: #000000;\" title=\"Carlos Delfino\" href=\"https:\/\/www.ole.com.ar\/tema\/carlos-delfino.html\">Carlos Delfino<\/a><\/strong>, el \u00fanico jugador de aquel equipo de Rub\u00e9n Magnano que a\u00fan segu\u00eda en actividad,\u00a0<strong>anunci\u00f3 su retiro del b\u00e1squet profesional<\/strong>\u00a0y le puso punto final a la vida de uno de los planteles m\u00e1s exitosos de la historia del deporte argentino.<\/span><\/p>\n<\/div>\n<div class=\"custom-text \">\n<p><span style=\"color: #000000;\">El Lancha, que\u00a0<strong>hasta la temporada pasada segu\u00eda jugando en el Benedetto XIV Cent<\/strong>o de la Serie A2 de Italia, comunic\u00f3 que su carrera de 27 a\u00f1os como profesional lleg\u00f3 a su fin. En di\u00e1logo con Doble Doble y con Julio Lamas presente, el ayuda base de 43 a\u00f1os dijo: \u00abAndo muy bien, muy contento.\u00a0<strong>Ya no juego m\u00e1s. No empec\u00e9 la temporada, no me estoy entrenando y no estoy corriendo, que ya es mucho<\/strong>. Estoy viendo mucho b\u00e1squet y hay momentos que lo extra\u00f1o, pero me siento bien f\u00edsicamente y eso no tiene precio. Jugar no juego m\u00e1s\u00bb.<\/span><\/p>\n<\/div>\n<div class=\"sc-e7b891c4-0 ifHnQL image-embed\"><span style=\"color: #000000;\"><img loading=\"lazy\" decoding=\"async\" src=\"https:\/\/www.ole.com.ar\/images\/2025\/10\/07\/_SQmdfbBH_720x0__1.jpg\" alt=\"El Lancha le puso fin a su carrera (AP Photo).\" width=\"720\" height=\"100\" data-nimg=\"1\" \/><span class=\"epigraphe\">El Lancha le puso fin a su carrera (AP Photo).<\/span><\/span><\/div>\n<div class=\"custom-text \">\n<p><span style=\"color: #000000;\">Sobre los motivos de esta decisi\u00f3n, el ex NBA explic\u00f3:\u00a0<strong>\u00abHace algunos meses lleg\u00f3 un momento que pens\u00e9 que nunca iba a llegar, que era poner excusas para ir a entrenar y no tener ganas de ir<\/strong>. Fue una mezcla de cosas y dije &#8216;lleg\u00f3 el momento&#8217;. La verdad me puse muy bien, porque yo sufr\u00ed muchas lesiones, sufr\u00ed mucho con mi f\u00edsico y en un momento dej\u00e9 por casi cuatro a\u00f1os. Esta vez dije\u00a0<strong>&#8216;estoy bien, estoy entero y puedo elegir yo&#8217;<\/strong>. Siento que ya est\u00e1 y me puedo ir tranquilo\u00bb.<\/span><\/p>\n<\/div>\n<div class=\"custom-text \">\n<p><span style=\"color: #000000;\">Y fue a los minutos de este anuncio, que el ex jugador de Boca y de Uni\u00f3n de Santa Fe tambi\u00e9n detall\u00f3 su deseo a futuro y confes\u00f3:\u00a0<strong>\u00abEstoy viendo el tema de poder ser entrenador\u00bb<\/strong>.<\/span><\/p>\n<\/div>\n<div class=\"sc-e7b891c4-0 ifHnQL image-embed\"><span style=\"color: #000000;\"><img loading=\"lazy\" decoding=\"async\" src=\"https:\/\/www.ole.com.ar\/images\/2021\/11\/18\/VVmpcqTk2_720x0__1.jpg\" alt=\"El Lancha se retira tras 27 a\u00f1os de carrera (EFE).\" width=\"720\" height=\"100\" data-nimg=\"1\" \/><span class=\"epigraphe\">El Lancha se retira tras 27 a\u00f1os de carrera (EFE).<\/span><\/span><\/div>\n<div><\/div>\n<div class=\"custom-text \">\n<h2><span style=\"color: #000000;\"><strong>La carrera de Delfino<\/strong><\/span><\/h2>\n<\/div>\n<div class=\"custom-text \">\n<p><span style=\"color: #000000;\">El ayuda base\u00a0<strong>dio sus primeros pasos en el b\u00e1squet profesional con Libertad de Sunchales<\/strong>, equipo con el que lleg\u00f3 a jugar algunos partidos de la\u00a0<strong><a class=\"slug\" style=\"color: #000000;\" title=\"Liga Nacional de B\u00e1squet\" href=\"https:\/\/www.ole.com.ar\/tema\/liga-nacional-de-basquet.html\">Liga Nacional<\/a><\/strong>. Tras este fugaz paso por el conjunto santafesino, el perimetral\u00a0<strong>pas\u00f3 a vestir la camiseta de su querido Uni\u00f3n de Santa F<\/strong>e. Producto de su gran nivel con apenas 17 a\u00f1os, el Lancha pudo dar el salto al b\u00e1squet europeo y se uni\u00f3 al Viola Reggio Calabria de Italia.<\/span><\/p>\n<\/div>\n<div class=\"custom-text \">\n<p><span style=\"color: #000000;\">Tras cuatro a\u00f1os en la liga italiana, donde tambi\u00e9n jug\u00f3 en el Fortitudo Bologna,<strong>\u00a0el argentino fue elegido por los Detroit Pistons en la 25\u00b0 posici\u00f3n del draft de la\u00a0<a class=\"slug\" style=\"color: #000000;\" title=\"NBA\" href=\"https:\/\/www.ole.com.ar\/tema\/nba.html\">NBA<\/a><\/strong>. Y fue all\u00ed, que su carrera dio otro salto importante: tuvo su tan ansiado debut con la Selecci\u00f3n Argentina -en el Sudamericano de Campos de Brasil- y se mantuvo nueve a\u00f1os mostrando toda su habilidad en la liga m\u00e1s importante del mundo, donde jug\u00f3 en Toronto Raptors, Milwaukee Bucks y Houston Rockets, equipo con el que tuvo su mejor temporada en la 2012\/2013.<\/span><\/p>\n<\/div>\n<div class=\"sc-e7b891c4-0 ifHnQL image-embed\"><span style=\"color: #000000;\"><img loading=\"lazy\" decoding=\"async\" src=\"https:\/\/www.ole.com.ar\/images\/2025\/10\/07\/EErjlAAQx_720x0__1.jpg\" alt=\"Un joven Delfino jugando con los Detroit Pistons (AP Photo).\" width=\"720\" height=\"100\" data-nimg=\"1\" \/><span class=\"epigraphe\">Un joven Delfino jugando con los Detroit Pistons (AP Photo).<\/span><\/span><\/div>\n<div class=\"custom-text \">\n<p><span style=\"color: #000000;\">Pero fue en aquel gran a\u00f1o con el equipo del estado de Texas, que\u00a0<strong>el escolta padeci\u00f3 una grave lesi\u00f3n que lo margin\u00f3 de las canchas durante m\u00e1s de tres a\u00f1os<\/strong>. En un partido de playoffs frente a los Oklahoma City Thunder, Delfino sufri\u00f3 la fractura del escafoides de su pie derecho, la cual hizo que deba operarse en siete ocasiones y que deba dejar la actividad durante 47 meses.<\/span><\/p>\n<\/div>\n<div class=\"custom-text \">\n<p><span style=\"color: #000000;\">Luego de una extensa recuperaci\u00f3n, el jugador que ya ten\u00eda en su haber la medalla de oro de los Juegos Ol\u00edmpicos de 2004 y el bronce de los JJ.OO. del 2008 con la Selecci\u00f3n Argentina,\u00a0<strong>regres\u00f3 a la Liga Nacional para jugar con la camiseta de Boca, donde disput\u00f3 algunos partidos<\/strong>. En el mismo 2017, el Lancha volvi\u00f3 a Europa y firm\u00f3 con el Saski Baskonia, para luego mudarse a Italia, donde pasar\u00eda los \u00faltimos a\u00f1os de su carrera.<\/span><\/p>\n<\/div>\n<div class=\"sc-e7b891c4-0 ifHnQL image-embed\"><span style=\"color: #000000;\"><img loading=\"lazy\" decoding=\"async\" src=\"https:\/\/www.ole.com.ar\/images\/2017\/08\/17\/HJehLp8VFb_720x0.jpg\" alt=\"El Lancha en Boca (Foto: Alberto Raggio).\" width=\"720\" height=\"100\" data-nimg=\"1\" \/><span class=\"epigraphe\">El Lancha en Boca (Foto: Alberto Raggio).<\/span><\/span><\/div>\n<div class=\"custom-text \">\n<p><span style=\"color: #000000;\">En dicho pa\u00eds jug\u00f3 en el Fiat Torino de la Serie A (entre 2018 y 2019), en el Fortitudo Bologna de la Serie A2 (entre 2019 y 2020), en el Victoria Libertas Pesaro (tambi\u00e9n en 2020) y en el Benedetto XIV Cento de la Serie A2, club en el que\u00a0<strong>finalmente decidi\u00f3 ponerle punto final a su carrera en este 2025<\/strong>.<\/span><\/p>\n<p><span style=\"color: #000000;\"><picture><img loading=\"lazy\" decoding=\"async\" src=\"https:\/\/www.ole.com.ar\/images\/2025\/10\/07\/rYmDoSxXo_1290x760__2.jpg#1759836292220\" alt=\"Se retira el \u00faltimo de la Generaci\u00f3n Dorada: Carlos Delfino dejar\u00e1 el b\u00e1squet a sus 43 a\u00f1os\" width=\"1290\" height=\"760\" data-hero=\"\" \/><\/picture><\/span><\/p>\n<\/div>\n<div class=\"sc-27590e6c-0 dKaKzG\"><span style=\"color: #000000;\">Fuente: <span class=\"sc-14139f57-1 nEhoI AuthorName\"><span style=\"color: #000000;\"><a class=\"authorBox\" style=\"color: #000000;\" href=\"https:\/\/www.ole.com.ar\/autor\/redaccion-ole\"><img loading=\"lazy\" decoding=\"async\" src=\"https:\/\/www.ole.com.ar\/images\/collections\/authors\/ole___65b2adcf14ce12001adf0d9d.jpg\" alt=\"Redacci\u00f3n Ol\u00e9\" width=\"53\" height=\"53\" data-nimg=\"1\" \/><\/a>Por<\/span><a style=\"color: #000000;\" href=\"https:\/\/www.ole.com.ar\/autor\/redaccion-ole\"><span style=\"color: #000000;\">R<\/span>edacci\u00f3n Ol\u00e9<\/a><\/span><\/span><\/div>\n<\/article>\n<\/div>\n<\/div>\n<\/div>\n","protected":false},"excerpt":{"rendered":"<p>El Lancha dejar\u00e1 las canchas. El Lancha, que hasta la \u00faltima temporada estaba jugando en el Benedetto XIV Cento de la Segunda de Italia, se despedir\u00e1 de las canchas. A 21 a\u00f1os de la hist\u00f3rica medalla de oro conseguida en los Juegos Ol\u00edmpicos de Atenas 2004, la actividad de la\u00a0Generaci\u00f3n Dorada\u00a0lleg\u00f3 al ocaso. Y es &hellip;<\/p>\n","protected":false},"author":2,"featured_media":26640,"comment_status":"open","ping_status":"open","sticky":false,"template":"","format":"standard","meta":{"footnotes":""},"categories":[3],"tags":[],"class_list":["post-26638","post","type-post","status-publish","format-standard","has-post-thumbnail","hentry","category-basquetbol"],"_links":{"self":[{"href":"https:\/\/www.sportchaco.com.ar\/index.php?rest_route=\/wp\/v2\/posts\/26638","targetHints":{"allow":["GET"]}}],"collection":[{"href":"https:\/\/www.sportchaco.com.ar\/index.php?rest_route=\/wp\/v2\/posts"}],"about":[{"href":"https:\/\/www.sportchaco.com.ar\/index.php?rest_route=\/wp\/v2\/types\/post"}],"author":[{"embeddable":true,"href":"https:\/\/www.sportchaco.com.ar\/index.php?rest_route=\/wp\/v2\/users\/2"}],"replies":[{"embeddable":true,"href":"https:\/\/www.sportchaco.com.ar\/index.php?rest_route=%2Fwp%2Fv2%2Fcomments&post=26638"}],"version-history":[{"count":2,"href":"https:\/\/www.sportchaco.com.ar\/index.php?rest_route=\/wp\/v2\/posts\/26638\/revisions"}],"predecessor-version":[{"id":26641,"href":"https:\/\/www.sportchaco.com.ar\/index.php?rest_route=\/wp\/v2\/posts\/26638\/revisions\/26641"}],"wp:featuredmedia":[{"embeddable":true,"href":"https:\/\/www.sportchaco.com.ar\/index.php?rest_route=\/wp\/v2\/media\/26640"}],"wp:attachment":[{"href":"https:\/\/www.sportchaco.com.ar\/index.php?rest_route=%2Fwp%2Fv2%2Fmedia&parent=26638"}],"wp:term":[{"taxonomy":"category","embeddable":true,"href":"https:\/\/www.sportchaco.com.ar\/index.php?rest_route=%2Fwp%2Fv2%2Fcategories&post=26638"},{"taxonomy":"post_tag","embeddable":true,"href":"https:\/\/www.sportchaco.com.ar\/index.php?rest_route=%2Fwp%2Fv2%2Ftags&post=26638"}],"curies":[{"name":"wp","href":"https:\/\/api.w.org\/{rel}","templated":true}]}}