{"id":26656,"date":"2025-10-07T23:04:43","date_gmt":"2025-10-08T02:04:43","guid":{"rendered":"https:\/\/www.sportchaco.com.ar\/?p=26656"},"modified":"2025-10-07T23:04:43","modified_gmt":"2025-10-08T02:04:43","slug":"nicolas-otamendi-se-perdera-la-primera-fecha-del-mundial-2026","status":"publish","type":"post","link":"https:\/\/www.sportchaco.com.ar\/?p=26656","title":{"rendered":"Nicol\u00e1s Otamendi se perder\u00e1 la primera fecha del Mundial 2026"},"content":{"rendered":"<div class=\"section-2-col article-header\">\n<div class=\"col 2-col\">\n<h1><span style=\"font-size: 16px; font-weight: 400;\">7-10-2025\u00a0<\/span><\/h1>\n<h5 class=\"h3 ff-20px-w400\">El defensor Nicol\u00e1s Otamendi fue suspendido por una fecha y no podr\u00e1 jugar el debut de la Selecci\u00f3n Argentina en la Copa del Mundo.La sanci\u00f3n es por la expulsi\u00f3n sufrida ante Ecuador<\/h5>\n<div class=\"author\">\n<div class=\"author-inner\"><\/div>\n<\/div>\n<\/div>\n<\/div>\n<div class=\"section-2-col article-main-image\">\n<div class=\"col 2-col\">\n<div class=\"article-main-media-image__container\">\n<div class=\"image-wrapper\"><\/div>\n<\/div>\n<\/div>\n<\/div>\n<div class=\"section-2-col article-main-content\">\n<div class=\"col 1-col cxense-articles\"><\/div>\n<div class=\"col 2-col\">\n<div class=\"article-main-content article-text  \">\n<p>El defensor Nicol\u00e1s Otamendi fue suspendido por una fecha y no podr\u00e1 jugar el debut de la Selecci\u00f3n Argentina en el Mundial 2026. La sanci\u00f3n fue impuesta por la Comisi\u00f3n Disciplinaria de la FIFA tras la expulsi\u00f3n sufrida ante Ecuador en Guayaquil durante la \u00faltima jornada de las Eliminatorias Sudamericanas.<\/p>\n<p>No obstante, Otamendi podr\u00e1 estar disponible para la Finalissima 2026 ante Espa\u00f1a, encuentro que se disputar\u00e1 en marzo y que enfrentar\u00e1 al campe\u00f3n de Am\u00e9rica con el campe\u00f3n de Europa.<\/p>\n<div id=\"talkFireEvent\"><\/div>\n<p>El defensor recibi\u00f3 la tarjeta roja directa a los 30 minutos del primer tiempo, cuando derrib\u00f3 a Enner Valencia en una acci\u00f3n que evit\u00f3 una ocasi\u00f3n manifiesta de gol. El \u00e1rbitro colombiano Wilmar Rold\u00e1n lo expuls\u00f3 de manera inmediata, en lo que signific\u00f3 la primera expulsi\u00f3n de Otamendi en 128 partidos con la camiseta nacional.<\/p>\n<div class=\"slot-available\"><\/div>\n<p>La FIFA confirm\u00f3 este martes que la sanci\u00f3n ser\u00e1 de un solo encuentro, lo que impedir\u00e1 al jugador estar disponible para el debut mundialista, pero no afectar\u00e1 su participaci\u00f3n posterior.<\/p>\n<div class=\"section-2-col article-main-image\">\n<div class=\"col 2-col\">\n<div class=\"article-main-media-image__container\">\n<div class=\"image-wrapper\">\n<figure><picture><img decoding=\"async\" class=\" image\" src=\"https:\/\/images.pagina12.com.ar\/styles\/focal_3_2_470x313\/public\/2025-10\/978572-30-a-efe.jpg?h=e5aec6c8&amp;itok=a0TCOVYR\" alt=\"La expulsi\u00f3n de Otamendi en Ecuador\" \/><\/picture><figcaption>La expulsi\u00f3n de Otamendi en Ecuador. Imagen: EFE<\/figcaption><\/figure>\n<\/div>\n<\/div>\n<\/div>\n<\/div>\n<div class=\"section-2-col article-main-content\">\n<div class=\"col 1-col cxense-articles\"><\/div>\n<\/div>\n<p>De esta manera, Lionel Scaloni no podr\u00e1 contar con uno de los referentes de la defensa en el estreno, aunque s\u00ed podr\u00e1 incluirlo en el segundo compromiso del torneo.<\/p>\n<p>El zaguero del Benfica complet\u00f3 las Eliminatorias como uno de los jugadores m\u00e1s regulares del ciclo y mantiene la confianza del cuerpo t\u00e9cnico de cara al torneo que se desarrollar\u00e1 en Estados Unidos, M\u00e9xico y Canad\u00e1.<\/p>\n<\/div>\n<\/div>\n<\/div>\n","protected":false},"excerpt":{"rendered":"<p>7-10-2025\u00a0 El defensor Nicol\u00e1s Otamendi fue suspendido por una fecha y no podr\u00e1 jugar el debut de la Selecci\u00f3n Argentina en la Copa del Mundo.La sanci\u00f3n es por la expulsi\u00f3n sufrida ante Ecuador El defensor Nicol\u00e1s Otamendi fue suspendido por una fecha y no podr\u00e1 jugar el debut de la Selecci\u00f3n Argentina en el Mundial &hellip;<\/p>\n","protected":false},"author":2,"featured_media":26657,"comment_status":"open","ping_status":"open","sticky":false,"template":"","format":"standard","meta":{"footnotes":""},"categories":[6],"tags":[],"class_list":["post-26656","post","type-post","status-publish","format-standard","has-post-thumbnail","hentry","category-internacionales"],"_links":{"self":[{"href":"https:\/\/www.sportchaco.com.ar\/index.php?rest_route=\/wp\/v2\/posts\/26656","targetHints":{"allow":["GET"]}}],"collection":[{"href":"https:\/\/www.sportchaco.com.ar\/index.php?rest_route=\/wp\/v2\/posts"}],"about":[{"href":"https:\/\/www.sportchaco.com.ar\/index.php?rest_route=\/wp\/v2\/types\/post"}],"author":[{"embeddable":true,"href":"https:\/\/www.sportchaco.com.ar\/index.php?rest_route=\/wp\/v2\/users\/2"}],"replies":[{"embeddable":true,"href":"https:\/\/www.sportchaco.com.ar\/index.php?rest_route=%2Fwp%2Fv2%2Fcomments&post=26656"}],"version-history":[{"count":1,"href":"https:\/\/www.sportchaco.com.ar\/index.php?rest_route=\/wp\/v2\/posts\/26656\/revisions"}],"predecessor-version":[{"id":26658,"href":"https:\/\/www.sportchaco.com.ar\/index.php?rest_route=\/wp\/v2\/posts\/26656\/revisions\/26658"}],"wp:featuredmedia":[{"embeddable":true,"href":"https:\/\/www.sportchaco.com.ar\/index.php?rest_route=\/wp\/v2\/media\/26657"}],"wp:attachment":[{"href":"https:\/\/www.sportchaco.com.ar\/index.php?rest_route=%2Fwp%2Fv2%2Fmedia&parent=26656"}],"wp:term":[{"taxonomy":"category","embeddable":true,"href":"https:\/\/www.sportchaco.com.ar\/index.php?rest_route=%2Fwp%2Fv2%2Fcategories&post=26656"},{"taxonomy":"post_tag","embeddable":true,"href":"https:\/\/www.sportchaco.com.ar\/index.php?rest_route=%2Fwp%2Fv2%2Ftags&post=26656"}],"curies":[{"name":"wp","href":"https:\/\/api.w.org\/{rel}","templated":true}]}}