{"id":26689,"date":"2025-10-08T17:36:14","date_gmt":"2025-10-08T20:36:14","guid":{"rendered":"https:\/\/www.sportchaco.com.ar\/?p=26689"},"modified":"2025-10-08T17:36:14","modified_gmt":"2025-10-08T20:36:14","slug":"fixture-confirmado-para-los-chaquenos","status":"publish","type":"post","link":"https:\/\/www.sportchaco.com.ar\/?p=26689","title":{"rendered":"Fixture confirmado para los chaque\u00f1os"},"content":{"rendered":"<p><strong>08-10-2025<\/strong><\/p>\n<p><img loading=\"lazy\" decoding=\"async\" class=\"aligncenter size-large wp-image-20099\" src=\"https:\/\/www.sportchaco.com.ar\/wp-content\/uploads\/2025\/06\/728x90-1024x127.gif\" alt=\"\" width=\"1024\" height=\"127\" srcset=\"https:\/\/www.sportchaco.com.ar\/wp-content\/uploads\/2025\/06\/728x90-1024x127.gif 1024w, https:\/\/www.sportchaco.com.ar\/wp-content\/uploads\/2025\/06\/728x90-300x37.gif 300w, https:\/\/www.sportchaco.com.ar\/wp-content\/uploads\/2025\/06\/728x90-768x95.gif 768w, https:\/\/www.sportchaco.com.ar\/wp-content\/uploads\/2025\/06\/728x90-1536x190.gif 1536w, https:\/\/www.sportchaco.com.ar\/wp-content\/uploads\/2025\/06\/728x90-2048x254.gif 2048w\" sizes=\"auto, (max-width: 1024px) 100vw, 1024px\" \/><\/p>\n<p>Este mi\u00e9rcoles se dio a conocer el armado de regiones y zonas para el torneo Regional Amateur 2025\/26. El mismo comenzar\u00e1 el fin de semana del 18 y 19 de octubre. Contar\u00e1 con la participaci\u00f3n de 333 equipos de todo el pa\u00eds y otorgar\u00e1 4 ascensos al Federal \u00abA\u00bb del a\u00f1o que viene.<\/p>\n<p>Habr\u00e1 12 equipos chaque\u00f1os distribuidos en los grupos de la Regi\u00f3n Litoral Norte. En la zona 8 estar\u00e1n Estudiantes, Regional (ambos de Resistencia), Defensores de Vilelas y Uni\u00f3n de Machagai.<\/p>\n<p>La zona 9 la componen Fontana, Policiales de Resistencia, Hurac\u00e1n de Vedia y Municipal de Roca. Y la zona 10 est\u00e1 integrada por Uni\u00f3n de S\u00e1enz Pe\u00f1a, Cultural de Castelli, Comercio de Santa Sylvina y Cooperativa de Villa Berthet.<\/p>\n<p>En los grupos de cuatro, los clubes que finalicen en primer y segundo lugar son los que avanzar\u00e1n a la siguiente etapa del campeonato.<\/p>\n<p><strong>Regi\u00f3n Litoral Norte<\/strong><br \/>\n<strong>Zona 8<\/strong><br \/>\nEstudiantes<br \/>\nDefensores<br \/>\nRegional<br \/>\nUni\u00f3n de Machagai<\/p>\n<p><strong>1\u00aa Fecha \u2013 19\/10\/25<\/strong><br \/>\nUni\u00f3n &#8211; Defensores<br \/>\nEstudiantes &#8211; Regional<\/p>\n<p><strong>2\u00aa Fecha \u2013 02\/11\/25<\/strong><br \/>\nRegional &#8211; Uni\u00f3n<br \/>\nDefensores &#8211; Estudiantes<\/p>\n<p><strong>3\u00aa Fecha \u2013 09\/11\/25<\/strong><br \/>\nUni\u00f3n &#8211; Estudiantes<br \/>\nRegional &#8211; Defensores<\/p>\n<p><strong>4\u00aa Fecha \u2013 16\/11\/25<\/strong><br \/>\nDefensores &#8211; Uni\u00f3n<br \/>\nRegional &#8211; Estudiantes<\/p>\n<p><strong>5\u00aa Fecha \u2013 23\/11\/25<\/strong><br \/>\nUni\u00f3n &#8211; Regional<br \/>\nEstudiantes &#8211; Defensores<\/p>\n<p><strong>6\u00aa Fecha \u2013 30\/11\/25<\/strong><br \/>\nEstudiantes &#8211; Uni\u00f3n<br \/>\nDefensores &#8211; Regional<\/p>\n<p>&#8212;&#8212;&#8212;&#8212;&#8212;&#8212;&#8212;&#8212;&#8212;&#8212;&#8212;&#8212;&#8212;&#8212;&#8212;&#8212;-<\/p>\n<p><strong>Zona 9<br \/>\n<\/strong>Fontana<br \/>\nPoliciales<br \/>\nHurac\u00e1n de Vedia<br \/>\nDep. Municipal de Roca<\/p>\n<p><strong>1\u00aa Fecha \u2013 19\/10\/25<\/strong><br \/>\nFontana &#8211; Policiales<br \/>\nHurac\u00e1n &#8211; Dep. Municipal<\/p>\n<p><strong>2\u00aa Fecha \u2013 02\/11\/25<\/strong><br \/>\nDep. Municipal &#8211; Fontana<br \/>\nPoliciales &#8211; Hurac\u00e1n<\/p>\n<p><strong>3\u00aa Fecha \u2013 09\/11\/25<\/strong><br \/>\nFontana &#8211; Hurac\u00e1n<br \/>\nDep. Municipal &#8211; Policiales<\/p>\n<p><strong>4\u00aa Fecha \u2013 16\/11\/25<\/strong><br \/>\nPoliciales &#8211; Fontana<br \/>\nDep. Municipal &#8211; Hurac\u00e1n<\/p>\n<p><strong>5\u00aa Fecha \u2013 23\/11\/25<\/strong><br \/>\nFontana &#8211; Dep. Municipal<br \/>\nHurac\u00e1n &#8211; Policiales<\/p>\n<p><strong>6\u00aa Fecha \u2013 30\/11\/25<\/strong><br \/>\nHurac\u00e1n &#8211; Fontana<br \/>\nPoliciales &#8211; Dep. Municipal<\/p>\n<p>&#8212;&#8212;&#8212;&#8212;&#8212;&#8212;&#8212;&#8212;&#8212;&#8212;&#8212;&#8212;&#8212;&#8212;&#8212;&#8212;&#8211;<\/p>\n<p><strong>Zona 10<\/strong><br \/>\nUni\u00f3n de S\u00e1enz Pe\u00f1a<br \/>\nCultural de Castelli<br \/>\nComercio de Santa Sylvina<br \/>\nCooperativa de Villa Berthet<\/p>\n<p><strong>1\u00aa Fecha \u2013 19\/10\/25<\/strong><br \/>\nUni\u00f3n &#8211; Cultural<br \/>\nComercio &#8211; Cooperativa<\/p>\n<p><strong>2\u00aa Fecha \u2013 02\/11\/25<\/strong><br \/>\nCooperativa &#8211; Uni\u00f3n<br \/>\nCultural &#8211; Comercio<\/p>\n<p><strong>3\u00aa Fecha \u2013 09\/11\/25<\/strong><br \/>\nUni\u00f3n &#8211; Comercio<br \/>\nCooperativa &#8211; Cultural<\/p>\n<p><strong>4\u00aa Fecha \u2013 16\/11\/25<\/strong><br \/>\nCultural &#8211; Uni\u00f3n<br \/>\nCooperativa &#8211; Comercio<\/p>\n<p><strong>5\u00aa Fecha \u2013 23\/11\/25<\/strong><br \/>\nUni\u00f3n &#8211; Cooperativa<br \/>\nComercio &#8211; Cultural<\/p>\n<p><strong>6\u00aa Fecha \u2013 30\/11\/25<\/strong><br \/>\nComercio &#8211; Uni\u00f3n<br \/>\nCultural &#8211; Cooperativa<\/p>\n<p><img loading=\"lazy\" decoding=\"async\" class=\"aligncenter size-full wp-image-21633\" src=\"https:\/\/www.sportchaco.com.ar\/wp-content\/uploads\/2025\/07\/PARQUE-SOLAR_200x200-01-1.gif\" alt=\"\" width=\"417\" height=\"417\" \/><\/p>\n","protected":false},"excerpt":{"rendered":"<p>08-10-2025 Este mi\u00e9rcoles se dio a conocer el armado de regiones y zonas para el torneo Regional Amateur 2025\/26. El mismo comenzar\u00e1 el fin de semana del 18 y 19 de octubre. Contar\u00e1 con la participaci\u00f3n de 333 equipos de todo el pa\u00eds y otorgar\u00e1 4 ascensos al Federal \u00abA\u00bb del a\u00f1o que viene. Habr\u00e1 &hellip;<\/p>\n","protected":false},"author":3,"featured_media":26688,"comment_status":"open","ping_status":"open","sticky":false,"template":"","format":"standard","meta":{"footnotes":""},"categories":[5],"tags":[],"class_list":["post-26689","post","type-post","status-publish","format-standard","has-post-thumbnail","hentry","category-futbol"],"_links":{"self":[{"href":"https:\/\/www.sportchaco.com.ar\/index.php?rest_route=\/wp\/v2\/posts\/26689","targetHints":{"allow":["GET"]}}],"collection":[{"href":"https:\/\/www.sportchaco.com.ar\/index.php?rest_route=\/wp\/v2\/posts"}],"about":[{"href":"https:\/\/www.sportchaco.com.ar\/index.php?rest_route=\/wp\/v2\/types\/post"}],"author":[{"embeddable":true,"href":"https:\/\/www.sportchaco.com.ar\/index.php?rest_route=\/wp\/v2\/users\/3"}],"replies":[{"embeddable":true,"href":"https:\/\/www.sportchaco.com.ar\/index.php?rest_route=%2Fwp%2Fv2%2Fcomments&post=26689"}],"version-history":[{"count":1,"href":"https:\/\/www.sportchaco.com.ar\/index.php?rest_route=\/wp\/v2\/posts\/26689\/revisions"}],"predecessor-version":[{"id":26690,"href":"https:\/\/www.sportchaco.com.ar\/index.php?rest_route=\/wp\/v2\/posts\/26689\/revisions\/26690"}],"wp:featuredmedia":[{"embeddable":true,"href":"https:\/\/www.sportchaco.com.ar\/index.php?rest_route=\/wp\/v2\/media\/26688"}],"wp:attachment":[{"href":"https:\/\/www.sportchaco.com.ar\/index.php?rest_route=%2Fwp%2Fv2%2Fmedia&parent=26689"}],"wp:term":[{"taxonomy":"category","embeddable":true,"href":"https:\/\/www.sportchaco.com.ar\/index.php?rest_route=%2Fwp%2Fv2%2Fcategories&post=26689"},{"taxonomy":"post_tag","embeddable":true,"href":"https:\/\/www.sportchaco.com.ar\/index.php?rest_route=%2Fwp%2Fv2%2Ftags&post=26689"}],"curies":[{"name":"wp","href":"https:\/\/api.w.org\/{rel}","templated":true}]}}