{"id":2670,"date":"2023-11-10T00:01:47","date_gmt":"2023-11-10T03:01:47","guid":{"rendered":"https:\/\/www.sportchaco.com.ar\/?p=2670"},"modified":"2023-11-09T22:33:43","modified_gmt":"2023-11-10T01:33:43","slug":"efemerides-del-10-de-noviembre","status":"publish","type":"post","link":"https:\/\/www.sportchaco.com.ar\/?p=2670","title":{"rendered":"Efem\u00e9rides del 10 de noviembre"},"content":{"rendered":"<p>&nbsp;<\/p>\n<p><strong>Esta es la Efem\u00e9rides del Deporte en el Chaco de un 9 de noviembre del periodista Luis Dar\u00edo Molodezky<\/strong><\/p>\n<p><strong> <img loading=\"lazy\" decoding=\"async\" class=\"alignnone size-medium wp-image-2524\" src=\"https:\/\/www.sportchaco.com.ar\/wp-content\/uploads\/2023\/11\/Luis-2023-224x300.jpg\" alt=\"\" width=\"224\" height=\"300\" srcset=\"https:\/\/www.sportchaco.com.ar\/wp-content\/uploads\/2023\/11\/Luis-2023-224x300.jpg 224w, https:\/\/www.sportchaco.com.ar\/wp-content\/uploads\/2023\/11\/Luis-2023.jpg 351w\" sizes=\"auto, (max-width: 224px) 100vw, 224px\" \/><\/strong><\/p>\n<p><strong>1921 \/<\/strong> Nace en Resistencia el ciclista H\u00e9ctor Amado<br \/>\nValussi. Fue campe\u00f3n de medio fondo y fondo en primera categor\u00eda;<br \/>\nrepresentante de Chaco en el Argentino en Resistencia. En<br \/>\n1946 gan\u00f3 la vuelta de Misiones. En 1941 junto a Constantino<br \/>\nEscalante fueron en bicicleta a Buenos Aires en cuatro d\u00edas, para<br \/>\nparticipar en la Doble Pehuaj\u00f3. Prestaba servicios en el Escuadr\u00f3n<br \/>\nLa Leonesa &#8211; Las Palmas de Gendarmer\u00eda y hac\u00eda diariamente el trayecto<br \/>\nde 70 km. Falleci\u00f3 en Salta el 19 de octubre de 1994.<\/p>\n<p><strong>1950 \/<\/strong> El jugador Jos\u00e9 Pepe Lestani, del Club Don<br \/>\nOrione, es transferido al Club River Plate de Buenos Aires en la<br \/>\nsuma de 100 mil pesos.<\/p>\n<p><strong>1968 \/<\/strong> Resistencia se corona campe\u00f3n del Provincial de B\u00e1squetbol en General San Mart\u00edn, disputado en la cancha de Independiente. El elenco capitalino super\u00f3 en la final a Villa Angela 59 a 51, y Las Palmas clasific\u00f3 tercero al derrotar a Charata 54 a 50. Fue estadio central el Club Independiente de Gral. San Mart\u00edn que fuera inaugurado en 1963. La final fue dirigida por Chaqu\u00edrez y Ram\u00f3n Torres.<\/p>\n<p><strong>1977 \/<\/strong> Se present\u00f3 oficialmente el primer monoplaza para competir en la Federaci\u00f3n de Automovilismo Zona 7, en la recientemente conformada categor\u00eda \u00abF\u00f3rmula Chaque\u00f1a\u00bb con un motor Renault 12 TD 1400 CC<\/p>\n<p><strong>1979 \/<\/strong> Caupolic\u00e1n se consagra campe\u00f3n oficial de<br \/>\nla Asociaci\u00f3n de B\u00e1squetbol de Quitilipi, al superar en el cotejo<br \/>\nfinal a Personal del Banco del Chaco por 48 a 47, en tiempo suplementario.<br \/>\nEl equipo campe\u00f3n estuvo integrado por Alfredo<br \/>\nGonz\u00e1lez, Rodolfo Quintana, H. Varela, Vidal De Garate, Domingo<br \/>\nMaza, Osvaldo Fern\u00e1ndez, Walter L\u00f3pez, Ra\u00fal Brollo, Rolando<br \/>\nGuill\u00e9n, Miguel Pablos, Mariano Santos y Juan J. Andino.<\/p>\n<p><strong>1985 \/<\/strong> Tras una reuni\u00f3n de m\u00e1s de 3 horas, la Asamblea<br \/>\nde Chaco For Ever decidi\u00f3 afiliarse a la UCI (Uni\u00f3n de Clubes<br \/>\ndel Interior), entidad no avalada por la AFA ni por la Liga<br \/>\nChaque\u00f1a. Se nombr\u00f3 delegados ante la novel entidad a Oscar<br \/>\nFarana Ojeda (presidente) y el doctor Enrique Souilh\u00e9.<\/p>\n<p><strong>1985 \/<\/strong> En la pen\u00faltima fecha del campeonato de<br \/>\nF\u00f3rmula Renault Chaque\u00f1a que se disputa en Tres Isletas, F\u00e9lix<br \/>\nEchezarreta fue el ganador y su hijo Rub\u00e9n el escolta.<\/p>\n<p>&nbsp;<\/p>\n<p><strong>Foto de F\u00e9lix Echezarreta<\/strong><\/p>\n","protected":false},"excerpt":{"rendered":"<p>&nbsp; Esta es la Efem\u00e9rides del Deporte en el Chaco de un 9 de noviembre del periodista Luis Dar\u00edo Molodezky 1921 \/ Nace en Resistencia el ciclista H\u00e9ctor Amado Valussi. Fue campe\u00f3n de medio fondo y fondo en primera categor\u00eda; representante de Chaco en el Argentino en Resistencia. En 1946 gan\u00f3 la vuelta de Misiones. &hellip;<\/p>\n","protected":false},"author":2,"featured_media":2671,"comment_status":"open","ping_status":"open","sticky":false,"template":"","format":"standard","meta":{"footnotes":""},"categories":[45],"tags":[],"class_list":["post-2670","post","type-post","status-publish","format-standard","has-post-thumbnail","hentry","category-efemerides-dia-por-dia"],"_links":{"self":[{"href":"https:\/\/www.sportchaco.com.ar\/index.php?rest_route=\/wp\/v2\/posts\/2670","targetHints":{"allow":["GET"]}}],"collection":[{"href":"https:\/\/www.sportchaco.com.ar\/index.php?rest_route=\/wp\/v2\/posts"}],"about":[{"href":"https:\/\/www.sportchaco.com.ar\/index.php?rest_route=\/wp\/v2\/types\/post"}],"author":[{"embeddable":true,"href":"https:\/\/www.sportchaco.com.ar\/index.php?rest_route=\/wp\/v2\/users\/2"}],"replies":[{"embeddable":true,"href":"https:\/\/www.sportchaco.com.ar\/index.php?rest_route=%2Fwp%2Fv2%2Fcomments&post=2670"}],"version-history":[{"count":1,"href":"https:\/\/www.sportchaco.com.ar\/index.php?rest_route=\/wp\/v2\/posts\/2670\/revisions"}],"predecessor-version":[{"id":2672,"href":"https:\/\/www.sportchaco.com.ar\/index.php?rest_route=\/wp\/v2\/posts\/2670\/revisions\/2672"}],"wp:featuredmedia":[{"embeddable":true,"href":"https:\/\/www.sportchaco.com.ar\/index.php?rest_route=\/wp\/v2\/media\/2671"}],"wp:attachment":[{"href":"https:\/\/www.sportchaco.com.ar\/index.php?rest_route=%2Fwp%2Fv2%2Fmedia&parent=2670"}],"wp:term":[{"taxonomy":"category","embeddable":true,"href":"https:\/\/www.sportchaco.com.ar\/index.php?rest_route=%2Fwp%2Fv2%2Fcategories&post=2670"},{"taxonomy":"post_tag","embeddable":true,"href":"https:\/\/www.sportchaco.com.ar\/index.php?rest_route=%2Fwp%2Fv2%2Ftags&post=2670"}],"curies":[{"name":"wp","href":"https:\/\/api.w.org\/{rel}","templated":true}]}}