{"id":26741,"date":"2025-10-08T23:41:30","date_gmt":"2025-10-09T02:41:30","guid":{"rendered":"https:\/\/www.sportchaco.com.ar\/?p=26741"},"modified":"2025-10-09T12:45:39","modified_gmt":"2025-10-09T15:45:39","slug":"a-54-anos-del-debut-de-don-orione-en-el-monumental","status":"publish","type":"post","link":"https:\/\/www.sportchaco.com.ar\/?p=26741","title":{"rendered":"A 54 a\u00f1os del debut de Don Orione en el Monumental"},"content":{"rendered":"<p><b>Foto portada: Don Orione presto a iniciar el vuelo a Buenos Aires para su debut en el Nacional 1971<\/b><\/p>\n<p>&nbsp;<\/p>\n<h5>El 9 de octubre de 1971 quedar\u00e1 grabado para siempre en la memoria del f\u00fatbol chaque\u00f1o. Aquella tarde, el humilde <strong>Don Orione Athletic Club<\/strong>, orgullo de Barranqueras, debutaba nada menos que en el <strong>Estadio Monumental<\/strong> frente a <strong>River Plate<\/strong>, en el marco del Torneo Nacional. Era la primera vez que un equipo del Chaco pisaba el c\u00e9sped sagrado del f\u00fatbol argentino.<\/h5>\n<p>&nbsp;<\/p>\n<p>El conjunto portuario llegaba al certamen tras una <strong>campa\u00f1a heroica en el Torneo Regional<\/strong>, en la que hab\u00eda dejado en el camino a rivales poderosos, entre ellos <strong>Uni\u00f3n de Santa Fe<\/strong>. Aquella gesta les abri\u00f3 las puertas del gran sue\u00f1o: enfrentarse a los gigantes del f\u00fatbol profesional.<\/p>\n<p><img loading=\"lazy\" decoding=\"async\" class=\"alignnone size-medium wp-image-26714 aligncenter\" src=\"https:\/\/www.sportchaco.com.ar\/wp-content\/uploads\/2025\/10\/Victor-Lopez-DO-261x300.jpg\" alt=\"\" width=\"261\" height=\"300\" srcset=\"https:\/\/www.sportchaco.com.ar\/wp-content\/uploads\/2025\/10\/Victor-Lopez-DO-261x300.jpg 261w, https:\/\/www.sportchaco.com.ar\/wp-content\/uploads\/2025\/10\/Victor-Lopez-DO.jpg 626w\" sizes=\"auto, (max-width: 261px) 100vw, 261px\" \/><\/p>\n<p><strong>V\u00edctor L\u00f3pez, fallecido hace poco tiempo en Mallorca, Espa\u00f1a<\/strong><\/p>\n<p><strong>\u26bd<\/strong><strong> El debut so\u00f1ado&#8230; y sufrido<\/strong><\/p>\n<p>En el Monumental, River, dirigido por el brasile\u00f1o <strong>Did\u00ed<\/strong>, impuso su jerarqu\u00eda y venci\u00f3 3 a 0, con dos goles de <strong>Oscar \u201cPinino\u201d M\u00e1s<\/strong> y uno de <strong>Juan Jos\u00e9 L\u00f3pez<\/strong>. Pero m\u00e1s all\u00e1 del resultado, la experiencia fue hist\u00f3rica.<\/p>\n<p>El equipo chaque\u00f1o, dirigido por <strong>Jos\u00e9 \u201cPepe\u201d Lestani<\/strong>, form\u00f3 con <strong>Estanislao Gonz\u00e1lez; Gregorio Barreto, Andr\u00e9s Gonz\u00e1lez, Ger\u00f3nimo Dom\u00ednguez y Eugenio Alegre (M\u00e1rtires Valenzuela); Emilio Z\u00e1rate, Carlos Gazzola y Alfredo C\u00e1ceres (Oscar Valenzuela); Pedro Ram\u00edrez, V\u00edctor L\u00f3pez y Miguel \u00c1ngel Vargas<\/strong>.<\/p>\n<p>\u201cFue una experiencia incre\u00edble \u2014recordaba el goleador <strong>Jorge Molina<\/strong>\u2014. Desde el primer viaje en avi\u00f3n hasta enfrentar a figuras de selecci\u00f3n. Le aguantamos bien todo el primer tiempo a River, que ten\u00eda a Alonso, Merlo, Pinino M\u00e1s, J. J. L\u00f3pez&#8230; Ellos eran profesionales, nosotros entren\u00e1bamos dos veces por semana. Pero perdimos dignamente\u201d, rememoraba con orgullo.<\/p>\n<p>&nbsp;<\/p>\n<p><img loading=\"lazy\" decoding=\"async\" class=\"alignnone size-medium wp-image-26710 aligncenter\" src=\"https:\/\/www.sportchaco.com.ar\/wp-content\/uploads\/2025\/10\/Jorge-Francisco-Molina-300x169.jpg\" alt=\"\" width=\"300\" height=\"169\" srcset=\"https:\/\/www.sportchaco.com.ar\/wp-content\/uploads\/2025\/10\/Jorge-Francisco-Molina-300x169.jpg 300w, https:\/\/www.sportchaco.com.ar\/wp-content\/uploads\/2025\/10\/Jorge-Francisco-Molina-390x220.jpg 390w, https:\/\/www.sportchaco.com.ar\/wp-content\/uploads\/2025\/10\/Jorge-Francisco-Molina.jpg 555w\" sizes=\"auto, (max-width: 300px) 100vw, 300px\" \/><\/p>\n<p><strong>Jorge Francisco Molina en el Monumental de River, club del que es hincha<\/strong><\/p>\n<h4><em><strong> Pepe Le<\/strong><strong>stani, el gu\u00eda<\/strong><\/em><\/h4>\n<p><img loading=\"lazy\" decoding=\"async\" class=\"alignnone size-medium wp-image-26722\" src=\"https:\/\/www.sportchaco.com.ar\/wp-content\/uploads\/2025\/10\/Jose-Lestani-abrazo-244x300.jpg\" alt=\"\" width=\"244\" height=\"300\" srcset=\"https:\/\/www.sportchaco.com.ar\/wp-content\/uploads\/2025\/10\/Jose-Lestani-abrazo-244x300.jpg 244w, https:\/\/www.sportchaco.com.ar\/wp-content\/uploads\/2025\/10\/Jose-Lestani-abrazo-832x1024.jpg 832w, https:\/\/www.sportchaco.com.ar\/wp-content\/uploads\/2025\/10\/Jose-Lestani-abrazo-768x945.jpg 768w, https:\/\/www.sportchaco.com.ar\/wp-content\/uploads\/2025\/10\/Jose-Lestani-abrazo-1249x1536.jpg 1249w, https:\/\/www.sportchaco.com.ar\/wp-content\/uploads\/2025\/10\/Jose-Lestani-abrazo.jpg 1434w\" sizes=\"auto, (max-width: 244px) 100vw, 244px\" \/><\/p>\n<p>El t\u00e9cnico <strong>Pepe Lestani<\/strong>, querido por todos, dej\u00f3 una huella imborrable. \u201cNos ense\u00f1\u00f3 a ser en la vida \u2014dec\u00eda Molina\u2014. Siempre nos remarc\u00f3 que todo se logra con sacrificio, honestidad y trabajo. Era un gran entrenador y una mejor persona\u201d.<\/p>\n<p>Lestani respet\u00f3 la base del equipo que hab\u00eda ganado el Regional, reforz\u00e1ndolo apenas con <strong>\u201cTencho\u201d Gonz\u00e1lez, Ra\u00fal Cendra y Carlos Ebel<\/strong>.<\/p>\n<p><img loading=\"lazy\" decoding=\"async\" class=\"alignnone size-full wp-image-26712\" src=\"https:\/\/www.sportchaco.com.ar\/wp-content\/uploads\/2025\/10\/Don-Orione-1971-viaja-al-Munumental.jpg\" alt=\"\" width=\"265\" height=\"190\" \/><\/p>\n<p><em><strong>Delegaci\u00f3n de Don Orione rumbo al debut en el Monumental de River en 1971<\/strong><\/em><\/p>\n<p><img loading=\"lazy\" decoding=\"async\" class=\"alignnone size-medium wp-image-26713\" src=\"https:\/\/www.sportchaco.com.ar\/wp-content\/uploads\/2025\/10\/Monumental-1971-300x221.webp\" alt=\"\" width=\"300\" height=\"221\" srcset=\"https:\/\/www.sportchaco.com.ar\/wp-content\/uploads\/2025\/10\/Monumental-1971-300x221.webp 300w, https:\/\/www.sportchaco.com.ar\/wp-content\/uploads\/2025\/10\/Monumental-1971-1024x753.webp 1024w, https:\/\/www.sportchaco.com.ar\/wp-content\/uploads\/2025\/10\/Monumental-1971-768x565.webp 768w, https:\/\/www.sportchaco.com.ar\/wp-content\/uploads\/2025\/10\/Monumental-1971.webp 1080w\" sizes=\"auto, (max-width: 300px) 100vw, 300px\" \/><\/p>\n<p><em><strong>Estadio Monumental como se ve\u00eda en 1971<\/strong><\/em><\/p>\n<h4><strong>\ufe0f<\/strong><strong> El recuerdo de Carlos Gazzola<\/strong><\/h4>\n<p>El recordado <strong>Carlos Gazzola<\/strong>, volante central del equipo, evocaba con lucidez aquellos d\u00edas gloriosos:<\/p>\n<p>\u201cEl primer partido fue contra River en el Monumental. Ellos eran dirigidos por Did\u00ed, el brasile\u00f1o campe\u00f3n del mundo. No solo enfrentamos a un gran equipo, tambi\u00e9n nos cruzamos con figuras de la talla de Pastoriza, Pavoni, Balbuena, Maglioni o Pancho S\u00e1, cuando Independiente ya era sin\u00f3nimo de copas y gloria.\u201d<\/p>\n<p>Gazzola tambi\u00e9n recordaba las diferencias entre el f\u00fatbol amateur y el profesional. \u201cPor una huelga de jugadores, tuvimos que enfrentar a la tercera de Newell\u2019s, que ten\u00eda a Pavoni, Berta y Santamar\u00eda. Perdimos 5 a 0, pero en el campeonato les ganamos a Banfield, Ferro y a los dos Hurac\u00e1n, el de Buenos Aires y el de Comodoro Rivadavia\u201d, relataba con orgullo.<\/p>\n<p><img loading=\"lazy\" decoding=\"async\" class=\"alignnone size-medium wp-image-26709 aligncenter\" src=\"https:\/\/www.sportchaco.com.ar\/wp-content\/uploads\/2025\/10\/Carlos-Gazzola-museo-232x300.jpg\" alt=\"\" width=\"232\" height=\"300\" srcset=\"https:\/\/www.sportchaco.com.ar\/wp-content\/uploads\/2025\/10\/Carlos-Gazzola-museo-232x300.jpg 232w, https:\/\/www.sportchaco.com.ar\/wp-content\/uploads\/2025\/10\/Carlos-Gazzola-museo.jpg 526w\" sizes=\"auto, (max-width: 232px) 100vw, 232px\" \/><\/p>\n<p><em><strong>Carlitos Gazzola, emblea de Don Orione<\/strong><\/em><\/p>\n<h4><strong> La campa\u00f1a de los portuarios<\/strong><\/h4>\n<p>Aquel Nacional del \u201971 fue una odisea. Don Orione jug\u00f3 14 partidos, con triunfos memorables como el <strong>1 a 0 a Banfield<\/strong>, el <strong>3 a 2 a Hurac\u00e1n de Buenos Aires<\/strong>, y el <strong>5 a 2 a Hurac\u00e1n de Comodoro Rivadavia<\/strong>.<br \/>\nM\u00e1s all\u00e1 de los resultados, la experiencia fue \u00fanica: medirse con potencias como <strong>Independiente, River, Newell\u2019s, Gimnasia, Ferro o Argentinos Juniors<\/strong>.<\/p>\n<p>El equipo chaque\u00f1o termin\u00f3 con <strong>8 puntos<\/strong>, compartiendo posici\u00f3n con Juventud Antoniana, dejando atr\u00e1s a Hurac\u00e1n de Comodoro.<\/p>\n<h4><strong>\ufe0f<\/strong><strong> Una historia que sigue viva<\/strong><\/h4>\n<p>Cincuenta a\u00f1os despu\u00e9s, aquel debut sigue siendo un s\u00edmbolo de orgullo para Barranqueras y para todo el Chaco. Don Orione fue pionero, embajador y protagonista de una gesta deportiva que trascendi\u00f3 el resultado.<\/p>\n<p>El relator <strong>Duncan Molina<\/strong> y el comentarista <strong>Edison Omar Rodr\u00edguez<\/strong> llevaron la emoci\u00f3n a cada rinc\u00f3n del pa\u00eds, acompa\u00f1ando al equipo en cada traves\u00eda.<\/p>\n<p><img loading=\"lazy\" decoding=\"async\" class=\"size-medium wp-image-26711 aligncenter\" src=\"https:\/\/www.sportchaco.com.ar\/wp-content\/uploads\/2025\/10\/Edison-Omar-Rodriguez-traje-300x197.jpg\" alt=\"\" width=\"300\" height=\"197\" srcset=\"https:\/\/www.sportchaco.com.ar\/wp-content\/uploads\/2025\/10\/Edison-Omar-Rodriguez-traje-300x197.jpg 300w, https:\/\/www.sportchaco.com.ar\/wp-content\/uploads\/2025\/10\/Edison-Omar-Rodriguez-traje-1024x674.jpg 1024w, https:\/\/www.sportchaco.com.ar\/wp-content\/uploads\/2025\/10\/Edison-Omar-Rodriguez-traje-768x505.jpg 768w, https:\/\/www.sportchaco.com.ar\/wp-content\/uploads\/2025\/10\/Edison-Omar-Rodriguez-traje-rotated.jpg 1389w\" sizes=\"auto, (max-width: 300px) 100vw, 300px\" \/><\/p>\n<p><strong>Edison Omar Rodriguez junto a Lagranja a la izquierda, Coco Ruiz enfrente<\/strong><\/p>\n<h3><strong>\ufe0f<\/strong><strong> El coraje de los humildes<\/strong><\/h3>\n<p>En tiempos donde el profesionalismo marcaba diferencias, Don Orione represent\u00f3 el esp\u00edritu del interior, la pasi\u00f3n de un grupo de trabajadores que so\u00f1aron con competir contra los grandes y lo lograron.<\/p>\n<p>El debut en el Monumental fue m\u00e1s que un partido: fue una epopeya chaque\u00f1a, un grito de dignidad y un testimonio eterno de lo que se puede alcanzar con esfuerzo y convicci\u00f3n.<\/p>\n<h4><strong>A 50 a\u00f1os de aquella haza\u00f1a, el recuerdo sigue encendido.<\/strong><br \/>\nPorque en el coraz\u00f3n del f\u00fatbol chaque\u00f1o, el \u201cportuario\u201d siempre ser\u00e1 sin\u00f3nimo de coraje, humildad y orgullo.<\/h4>\n<p>&nbsp;<\/p>\n<p><em><img loading=\"lazy\" decoding=\"async\" class=\"alignnone wp-image-26698\" src=\"https:\/\/www.sportchaco.com.ar\/wp-content\/uploads\/2025\/10\/Luis-carita-2-287x300.jpg\" alt=\"\" width=\"79\" height=\"83\" srcset=\"https:\/\/www.sportchaco.com.ar\/wp-content\/uploads\/2025\/10\/Luis-carita-2-287x300.jpg 287w, https:\/\/www.sportchaco.com.ar\/wp-content\/uploads\/2025\/10\/Luis-carita-2.jpg 430w\" sizes=\"auto, (max-width: 79px) 100vw, 79px\" \/>\u00a0 <strong>Por Luis Dar\u00edo Molodezky<\/strong><\/em><\/p>\n","protected":false},"excerpt":{"rendered":"<p>Foto portada: Don Orione presto a iniciar el vuelo a Buenos Aires para su debut en el Nacional 1971 &nbsp; El 9 de octubre de 1971 quedar\u00e1 grabado para siempre en la memoria del f\u00fatbol chaque\u00f1o. Aquella tarde, el humilde Don Orione Athletic Club, orgullo de Barranqueras, debutaba nada menos que en el Estadio Monumental &hellip;<\/p>\n","protected":false},"author":2,"featured_media":26717,"comment_status":"open","ping_status":"open","sticky":false,"template":"","format":"standard","meta":{"footnotes":""},"categories":[1,78],"tags":[],"class_list":["post-26741","post","type-post","status-publish","format-standard","has-post-thumbnail","hentry","category-fotos-del-recuerdo","category-historias"],"_links":{"self":[{"href":"https:\/\/www.sportchaco.com.ar\/index.php?rest_route=\/wp\/v2\/posts\/26741","targetHints":{"allow":["GET"]}}],"collection":[{"href":"https:\/\/www.sportchaco.com.ar\/index.php?rest_route=\/wp\/v2\/posts"}],"about":[{"href":"https:\/\/www.sportchaco.com.ar\/index.php?rest_route=\/wp\/v2\/types\/post"}],"author":[{"embeddable":true,"href":"https:\/\/www.sportchaco.com.ar\/index.php?rest_route=\/wp\/v2\/users\/2"}],"replies":[{"embeddable":true,"href":"https:\/\/www.sportchaco.com.ar\/index.php?rest_route=%2Fwp%2Fv2%2Fcomments&post=26741"}],"version-history":[{"count":3,"href":"https:\/\/www.sportchaco.com.ar\/index.php?rest_route=\/wp\/v2\/posts\/26741\/revisions"}],"predecessor-version":[{"id":26761,"href":"https:\/\/www.sportchaco.com.ar\/index.php?rest_route=\/wp\/v2\/posts\/26741\/revisions\/26761"}],"wp:featuredmedia":[{"embeddable":true,"href":"https:\/\/www.sportchaco.com.ar\/index.php?rest_route=\/wp\/v2\/media\/26717"}],"wp:attachment":[{"href":"https:\/\/www.sportchaco.com.ar\/index.php?rest_route=%2Fwp%2Fv2%2Fmedia&parent=26741"}],"wp:term":[{"taxonomy":"category","embeddable":true,"href":"https:\/\/www.sportchaco.com.ar\/index.php?rest_route=%2Fwp%2Fv2%2Fcategories&post=26741"},{"taxonomy":"post_tag","embeddable":true,"href":"https:\/\/www.sportchaco.com.ar\/index.php?rest_route=%2Fwp%2Fv2%2Ftags&post=26741"}],"curies":[{"name":"wp","href":"https:\/\/api.w.org\/{rel}","templated":true}]}}