{"id":26743,"date":"2025-10-09T23:07:13","date_gmt":"2025-10-10T02:07:13","guid":{"rendered":"https:\/\/www.sportchaco.com.ar\/?p=26743"},"modified":"2025-10-09T23:07:42","modified_gmt":"2025-10-10T02:07:42","slug":"efemerides-del-10-de-octubre","status":"publish","type":"post","link":"https:\/\/www.sportchaco.com.ar\/?p=26743","title":{"rendered":"Efem\u00e9rides del 10 de octubre"},"content":{"rendered":"<div class=\"container fullwidth-entry-title-wrapper\">\n<div class=\"container-wrapper fullwidth-entry-title\">\n<header class=\"entry-header-outer\">\n<div class=\"entry-header\">\n<div class=\"single-post-meta post-meta clearfix\">\n<div class=\"tie-alignright\"><\/div>\n<\/div>\n<\/div>\n<\/header>\n<\/div>\n<\/div>\n<div id=\"content\" class=\"site-content container\">\n<div id=\"main-content-row\" class=\"tie-row main-content-row\">\n<div class=\"main-content tie-col-md-8 tie-col-xs-12\" role=\"main\">\n<article id=\"the-post\" class=\"container-wrapper post-content tie-standard\">\n<div class=\"featured-area\">\n<div class=\"featured-area-inner\"><\/div>\n<\/div>\n<div class=\"entry-content entry clearfix\">\n<p>&nbsp;<\/p>\n<p>&nbsp;<\/p>\n<p>&nbsp;<\/p>\n<p><strong>Esta es la Efem\u00e9rides del Deporte en el Chaco de un 10 de octubre del periodista Luis Dar\u00edo Molodezky.<\/strong><\/p>\n<p>&nbsp;<\/p>\n<p><img loading=\"lazy\" decoding=\"async\" class=\"alignnone size-medium wp-image-26745 aligncenter\" src=\"https:\/\/www.sportchaco.com.ar\/wp-content\/uploads\/2025\/10\/Luis-dario-carita-300x237.jpeg\" alt=\"\" width=\"300\" height=\"237\" srcset=\"https:\/\/www.sportchaco.com.ar\/wp-content\/uploads\/2025\/10\/Luis-dario-carita-300x237.jpeg 300w, https:\/\/www.sportchaco.com.ar\/wp-content\/uploads\/2025\/10\/Luis-dario-carita-768x606.jpeg 768w, https:\/\/www.sportchaco.com.ar\/wp-content\/uploads\/2025\/10\/Luis-dario-carita.jpeg 809w\" sizes=\"auto, (max-width: 300px) 100vw, 300px\" \/><\/p>\n<p><strong>1971\u00a0<\/strong>\/ Se corre la Vuelta de S\u00e1enz Pe\u00f1a de Ciclismo, ganada por el correntino Jos\u00e9 Escalante, seguido por el local Juan Carlos Leyes.<\/p>\n<p><strong>1986\u00a0<\/strong>\/ Finaliza en Resistencia el XVI Congreso de la Federaci\u00f3n Argentina de Periodistas Deportivos y organizado por el C\u00edrculo del Chaco. En la oportunidad fue reelecto presidente Rodolfo Echegaray. Por primera vez Chaco se integra a la comisi\u00f3n nacional con la designaci\u00f3n de Ram\u00f3n Gonz\u00e1lez como vocal.<\/p>\n<p><strong>1997 \/<\/strong>\u00a0Carlos Gabriel Salazar defiende con \u00e9xito el t\u00edtulo mundial OMB al vencer por puntos en 15 asaltos al mexicano Everaldo Morales, en un festival desarrollado en el club de Regatas<\/p>\n<p><strong>1999\u00a0<\/strong>\/ Ignacio Mat\u00edas Romano se consagra campe\u00f3n argentino cadetes de salto en largo, en Concepci\u00f3n del Uruguay, Entre R\u00edos, con una marca de 6.50 metros. Mejor\u00f3 su marca el 28 de noviembre de ese a\u00f1o con 6,52 metros, ubic\u00e1ndose quinto en el Argentino de Menores.<\/p>\n<p><strong>2017 \/<\/strong>\u00a0Fallece a los 71 a\u00f1os H\u00e9ctor Alejandro Parmetler, ex jugador de For Ever, form\u00e1ndose en el semillero albinegro y debut\u00f3 en la primera en la victoria 3-2 sobre Don Orione en 1967, con Teodoro Maidana como t\u00e9cnico. Jug\u00f3 seis temporadas logrando cuatro t\u00edtulos.\u00a0 Hab\u00eda nacido un 3 de mayo de 1947.<\/p>\n<p><strong>\u00a0Foto portada: Cierre del Congreso del C\u00edrculo en 1986<\/strong><\/p>\n<\/div>\n<\/article>\n<\/div>\n<\/div>\n<\/div>\n","protected":false},"excerpt":{"rendered":"<p>&nbsp; &nbsp; &nbsp; Esta es la Efem\u00e9rides del Deporte en el Chaco de un 10 de octubre del periodista Luis Dar\u00edo Molodezky. &nbsp; 1971\u00a0\/ Se corre la Vuelta de S\u00e1enz Pe\u00f1a de Ciclismo, ganada por el correntino Jos\u00e9 Escalante, seguido por el local Juan Carlos Leyes. 1986\u00a0\/ Finaliza en Resistencia el XVI Congreso de la &hellip;<\/p>\n","protected":false},"author":2,"featured_media":26744,"comment_status":"open","ping_status":"open","sticky":false,"template":"","format":"standard","meta":{"footnotes":""},"categories":[45,40],"tags":[],"class_list":["post-26743","post","type-post","status-publish","format-standard","has-post-thumbnail","hentry","category-efemerides-dia-por-dia","category-octubre"],"_links":{"self":[{"href":"https:\/\/www.sportchaco.com.ar\/index.php?rest_route=\/wp\/v2\/posts\/26743","targetHints":{"allow":["GET"]}}],"collection":[{"href":"https:\/\/www.sportchaco.com.ar\/index.php?rest_route=\/wp\/v2\/posts"}],"about":[{"href":"https:\/\/www.sportchaco.com.ar\/index.php?rest_route=\/wp\/v2\/types\/post"}],"author":[{"embeddable":true,"href":"https:\/\/www.sportchaco.com.ar\/index.php?rest_route=\/wp\/v2\/users\/2"}],"replies":[{"embeddable":true,"href":"https:\/\/www.sportchaco.com.ar\/index.php?rest_route=%2Fwp%2Fv2%2Fcomments&post=26743"}],"version-history":[{"count":2,"href":"https:\/\/www.sportchaco.com.ar\/index.php?rest_route=\/wp\/v2\/posts\/26743\/revisions"}],"predecessor-version":[{"id":26747,"href":"https:\/\/www.sportchaco.com.ar\/index.php?rest_route=\/wp\/v2\/posts\/26743\/revisions\/26747"}],"wp:featuredmedia":[{"embeddable":true,"href":"https:\/\/www.sportchaco.com.ar\/index.php?rest_route=\/wp\/v2\/media\/26744"}],"wp:attachment":[{"href":"https:\/\/www.sportchaco.com.ar\/index.php?rest_route=%2Fwp%2Fv2%2Fmedia&parent=26743"}],"wp:term":[{"taxonomy":"category","embeddable":true,"href":"https:\/\/www.sportchaco.com.ar\/index.php?rest_route=%2Fwp%2Fv2%2Fcategories&post=26743"},{"taxonomy":"post_tag","embeddable":true,"href":"https:\/\/www.sportchaco.com.ar\/index.php?rest_route=%2Fwp%2Fv2%2Ftags&post=26743"}],"curies":[{"name":"wp","href":"https:\/\/api.w.org\/{rel}","templated":true}]}}