{"id":2676,"date":"2023-11-09T22:40:19","date_gmt":"2023-11-10T01:40:19","guid":{"rendered":"https:\/\/www.sportchaco.com.ar\/?p=2676"},"modified":"2023-11-09T22:52:46","modified_gmt":"2023-11-10T01:52:46","slug":"gustavo-alfaro-dirigira-a-costa-rica","status":"publish","type":"post","link":"https:\/\/www.sportchaco.com.ar\/?p=2676","title":{"rendered":"Gustavo Alfaro dirigir\u00e1 a Costa Rica"},"content":{"rendered":"<p id=\"titulo_cable\" class=\"title\">\n<div id=\"div_cuerpo\" class=\"content cable-content\">\n<p>El entrenador argentino, Gustavo Alfaro, fue presentado hoy como nuevo director t\u00e9cnico de la selecci\u00f3n de Costa Rica acompa\u00f1ado por el presidente de la Federaci\u00f3n local, Osael Maroto, quien le entreg\u00f3 una camiseta con su apellido y le agradeci\u00f3 por aceptar el reto de \u00abvenir a aportar al f\u00fatbol de este pa\u00eds\u00bb.<\/p>\n<p>Su cuerpo t\u00e9cnico estar\u00e1 conformado por: Carlos Alcides Gonz\u00e1lez y Claudio Adri\u00e1n Cristofanelli (Asistentes t\u00e9cnicos), Alejandro Juan Manograsso (Asistente t\u00e9cnico-Analista t\u00e9cnico), Diego Mart\u00edn Carranza (Entrenador de arqueros-Asistente t\u00e9cnico), Sergio Omar Chiarelli (Preparador f\u00edsico) y Pedro Ignacio Arbelaiz (Preparador f\u00edsico alterno-Especialista en monitoreo de carga).<\/p>\n<p>\u00abYo no me siento inferior a nadie, si lo creemos podemos competirle a los mejores, la actitud es el camino de la selecci\u00f3n\u00bb, expres\u00f3 el nuevo entrenador de la selecci\u00f3n \u00abtica\u00bb, de 61 a\u00f1os, en la presentaci\u00f3n.<\/p>\n<p>Alfaro llega a Costa Rica tras clasificar a Ecuador para el Mundial de Qatar 2022, pese a no clasificar a los octavos de final tuvo un gran rendimiento en la cita mundialista.<\/p>\n<p>\u00abYo vengo a competir, para m\u00ed no es lo mismo perder que ganar y vengo a generar esa actitud. Yo quiero ganar\u00bb, se\u00f1al\u00f3.<\/p>\n<p>El debut del ex entrenador de Boca Juniors, ser\u00e1 el jueves 16 de noviembre como local ante Panam\u00e1 por el encuentro de ida de los cuartos de final de la Liga de Naciones de la Concacaf.<\/p>\n<\/div>\n<div><\/div>\n<div class=\"content cable-content\">\u201cSer\u00e1n 180 minutos (ante Panam\u00e1), es una serie que debemos trabajar en ese aspecto. Ellos vienen con un proceso afianzado, no tienen duda en lo que quieren plantear, nosotros tenemos que desarrollar una idea\u201d. Para salir airosos debemos achicar el margen de error y potenciar nuestras virtudes. Podemos sufrir, pero si uno no padece, no disfruta. Pero ese espacio del disfrute va a llegar\u201d, dijo sobre dicho cotejo.Se presume que este viernes tendr\u00e1 que hacer su primera convocatoria.<\/p>\n<p>Alfaro llega en reemplazo del colombiano Luis Fernando Su\u00e1rez, quien a pesar de clasificar a Costa Rica al Mundial de Qatar 2022, no convenci\u00f3 a dirigentes ni a la afici\u00f3n, por lo que fue destituido en julio.<\/p>\n<\/div>\n<div><\/div>\n<div class=\"content cable-content\"><strong>Foto de Gustavo Alfaro que se hace cargo de la Selecci\u00f3n de F\u00fatbol de Costa Rica<\/strong><\/div>\n","protected":false},"excerpt":{"rendered":"<p>El entrenador argentino, Gustavo Alfaro, fue presentado hoy como nuevo director t\u00e9cnico de la selecci\u00f3n de Costa Rica acompa\u00f1ado por el presidente de la Federaci\u00f3n local, Osael Maroto, quien le entreg\u00f3 una camiseta con su apellido y le agradeci\u00f3 por aceptar el reto de \u00abvenir a aportar al f\u00fatbol de este pa\u00eds\u00bb. Su cuerpo t\u00e9cnico &hellip;<\/p>\n","protected":false},"author":2,"featured_media":2690,"comment_status":"open","ping_status":"open","sticky":false,"template":"","format":"standard","meta":{"footnotes":""},"categories":[6],"tags":[],"class_list":["post-2676","post","type-post","status-publish","format-standard","has-post-thumbnail","hentry","category-internacionales"],"_links":{"self":[{"href":"https:\/\/www.sportchaco.com.ar\/index.php?rest_route=\/wp\/v2\/posts\/2676","targetHints":{"allow":["GET"]}}],"collection":[{"href":"https:\/\/www.sportchaco.com.ar\/index.php?rest_route=\/wp\/v2\/posts"}],"about":[{"href":"https:\/\/www.sportchaco.com.ar\/index.php?rest_route=\/wp\/v2\/types\/post"}],"author":[{"embeddable":true,"href":"https:\/\/www.sportchaco.com.ar\/index.php?rest_route=\/wp\/v2\/users\/2"}],"replies":[{"embeddable":true,"href":"https:\/\/www.sportchaco.com.ar\/index.php?rest_route=%2Fwp%2Fv2%2Fcomments&post=2676"}],"version-history":[{"count":2,"href":"https:\/\/www.sportchaco.com.ar\/index.php?rest_route=\/wp\/v2\/posts\/2676\/revisions"}],"predecessor-version":[{"id":2691,"href":"https:\/\/www.sportchaco.com.ar\/index.php?rest_route=\/wp\/v2\/posts\/2676\/revisions\/2691"}],"wp:featuredmedia":[{"embeddable":true,"href":"https:\/\/www.sportchaco.com.ar\/index.php?rest_route=\/wp\/v2\/media\/2690"}],"wp:attachment":[{"href":"https:\/\/www.sportchaco.com.ar\/index.php?rest_route=%2Fwp%2Fv2%2Fmedia&parent=2676"}],"wp:term":[{"taxonomy":"category","embeddable":true,"href":"https:\/\/www.sportchaco.com.ar\/index.php?rest_route=%2Fwp%2Fv2%2Fcategories&post=2676"},{"taxonomy":"post_tag","embeddable":true,"href":"https:\/\/www.sportchaco.com.ar\/index.php?rest_route=%2Fwp%2Fv2%2Ftags&post=2676"}],"curies":[{"name":"wp","href":"https:\/\/api.w.org\/{rel}","templated":true}]}}