{"id":26769,"date":"2025-10-09T19:28:07","date_gmt":"2025-10-09T22:28:07","guid":{"rendered":"https:\/\/www.sportchaco.com.ar\/?p=26769"},"modified":"2025-10-10T13:40:58","modified_gmt":"2025-10-10T16:40:58","slug":"chaco-el-joven-sebastian-santana-se-suma-a-la-familia-tricolor","status":"publish","type":"post","link":"https:\/\/www.sportchaco.com.ar\/?p=26769","title":{"rendered":"El joven Sebasti\u00e1n Santana se suma a la familia \u201ctricolor\u201d"},"content":{"rendered":"<p><strong>10-10-2025<\/strong><\/p>\n<p><img loading=\"lazy\" decoding=\"async\" class=\"aligncenter size-large wp-image-20161\" src=\"https:\/\/www.sportchaco.com.ar\/wp-content\/uploads\/2025\/06\/BANNER-WEB-CHACO-JUEGA_720x90-1024x128.gif\" alt=\"\" width=\"1024\" height=\"128\" srcset=\"https:\/\/www.sportchaco.com.ar\/wp-content\/uploads\/2025\/06\/BANNER-WEB-CHACO-JUEGA_720x90-1024x128.gif 1024w, https:\/\/www.sportchaco.com.ar\/wp-content\/uploads\/2025\/06\/BANNER-WEB-CHACO-JUEGA_720x90-300x38.gif 300w, https:\/\/www.sportchaco.com.ar\/wp-content\/uploads\/2025\/06\/BANNER-WEB-CHACO-JUEGA_720x90-768x96.gif 768w\" sizes=\"auto, (max-width: 1024px) 100vw, 1024px\" \/><\/p>\n<p class=\"story-title entry-title\">Demostrando un gran nivel deportivo en todas las edades y categor\u00edas, en las \u00faltimas horas Villa San Mart\u00edn confirm\u00f3 la llegada del joven jugador, oriundo de Venezuela, Sebasti\u00e1n Santana, que con solo 17 a\u00f1os viene a formar parte de las formativas y obviamente a entrenar con la Primera local y de Liga Argentina.Mide 1,98 metros.<\/p>\n<div id=\"right-content\" class=\"relative\">\n<div id=\"content-area\" class=\"left relative\">\n<div id=\"tps_slideContainer_28797\" class=\"theiaPostSlider_slides\">\n<p><img decoding=\"async\" src=\"https:\/\/scontent.fcnq2-1.fna.fbcdn.net\/v\/t51.82787-15\/562034707_18057632381541256_9094464918350651664_n.webp?stp=dst-jpg_tt6&amp;_nc_cat=101&amp;ccb=1-7&amp;_nc_sid=127cfc&amp;_nc_eui2=AeHx29j588C1jnXYRz9RDK4ZmcdrTRelpLOZx2tNF6Wks6YmwqY-5HJGwT4HgIx4xds&amp;_nc_ohc=fENEaHpBXHIQ7kNvwGSpKJF&amp;_nc_oc=Adl0BY4wy1sjth4dlELkyno8SeKwSbWNhDyJ-5azsmsdN20JN87xSKQBdfu6Du-QdeY&amp;_nc_zt=23&amp;_nc_ht=scontent.fcnq2-1.fna&amp;_nc_gid=F8Aw80A9zNCXf8s805RKpA&amp;oh=00_AfcHJ8hTnGPze-5MH7QbBlodT7UgfUYhWvGr6x5YCkWdfw&amp;oe=68EE2C39\" alt=\"Puede ser una imagen de una persona, jugando al baloncesto, camiseta de baloncesto y texto\" \/><\/p>\n<p>El jugador llega a la instituci\u00f3n chaque\u00f1a a trav\u00e9s de un proyecto de aquel pa\u00eds (Venezuela), eligiendo a la instituci\u00f3n chaque\u00f1a para que el joven pueda sumar experiencia y rodaje.<\/p>\n<p>Como objetivo de toda esta movida deportiva, Santana viene a perfeccioarse, agarrar rodaje y aprender, ya que en aquel pa\u00eds consideran que en la Argentina hay un b\u00e1squet estrat\u00e9gico.<\/p>\n<p><img loading=\"lazy\" decoding=\"async\" class=\"aligncenter size-full wp-image-20165\" src=\"https:\/\/www.sportchaco.com.ar\/wp-content\/uploads\/2025\/06\/Campo-250x250-05.gif\" alt=\"\" width=\"521\" height=\"521\" \/><\/p>\n<\/div>\n<\/div>\n<\/div>\n","protected":false},"excerpt":{"rendered":"<p>10-10-2025 Demostrando un gran nivel deportivo en todas las edades y categor\u00edas, en las \u00faltimas horas Villa San Mart\u00edn confirm\u00f3 la llegada del joven jugador, oriundo de Venezuela, Sebasti\u00e1n Santana, que con solo 17 a\u00f1os viene a formar parte de las formativas y obviamente a entrenar con la Primera local y de Liga Argentina.Mide 1,98 &hellip;<\/p>\n","protected":false},"author":2,"featured_media":26790,"comment_status":"open","ping_status":"open","sticky":false,"template":"","format":"standard","meta":{"footnotes":""},"categories":[3],"tags":[],"class_list":["post-26769","post","type-post","status-publish","format-standard","has-post-thumbnail","hentry","category-basquetbol"],"_links":{"self":[{"href":"https:\/\/www.sportchaco.com.ar\/index.php?rest_route=\/wp\/v2\/posts\/26769","targetHints":{"allow":["GET"]}}],"collection":[{"href":"https:\/\/www.sportchaco.com.ar\/index.php?rest_route=\/wp\/v2\/posts"}],"about":[{"href":"https:\/\/www.sportchaco.com.ar\/index.php?rest_route=\/wp\/v2\/types\/post"}],"author":[{"embeddable":true,"href":"https:\/\/www.sportchaco.com.ar\/index.php?rest_route=\/wp\/v2\/users\/2"}],"replies":[{"embeddable":true,"href":"https:\/\/www.sportchaco.com.ar\/index.php?rest_route=%2Fwp%2Fv2%2Fcomments&post=26769"}],"version-history":[{"count":5,"href":"https:\/\/www.sportchaco.com.ar\/index.php?rest_route=\/wp\/v2\/posts\/26769\/revisions"}],"predecessor-version":[{"id":26810,"href":"https:\/\/www.sportchaco.com.ar\/index.php?rest_route=\/wp\/v2\/posts\/26769\/revisions\/26810"}],"wp:featuredmedia":[{"embeddable":true,"href":"https:\/\/www.sportchaco.com.ar\/index.php?rest_route=\/wp\/v2\/media\/26790"}],"wp:attachment":[{"href":"https:\/\/www.sportchaco.com.ar\/index.php?rest_route=%2Fwp%2Fv2%2Fmedia&parent=26769"}],"wp:term":[{"taxonomy":"category","embeddable":true,"href":"https:\/\/www.sportchaco.com.ar\/index.php?rest_route=%2Fwp%2Fv2%2Fcategories&post=26769"},{"taxonomy":"post_tag","embeddable":true,"href":"https:\/\/www.sportchaco.com.ar\/index.php?rest_route=%2Fwp%2Fv2%2Ftags&post=26769"}],"curies":[{"name":"wp","href":"https:\/\/api.w.org\/{rel}","templated":true}]}}