{"id":26779,"date":"2025-10-09T19:41:35","date_gmt":"2025-10-09T22:41:35","guid":{"rendered":"https:\/\/www.sportchaco.com.ar\/?p=26779"},"modified":"2025-10-09T19:42:31","modified_gmt":"2025-10-09T22:42:31","slug":"26779","status":"publish","type":"post","link":"https:\/\/www.sportchaco.com.ar\/?p=26779","title":{"rendered":"Nueva edici\u00f3n del mega evento \u00abLe\u00f3n Fight 6\u00bb en la Termal"},"content":{"rendered":"<header class=\"entry-header clearfix\">\n<h1 class=\"entry-title\"><\/h1>\n<\/header>\n<h5 class=\"entry-thumbnail\"><\/h5>\n<h5 class=\"entry-meta\"><\/h5>\n<div class=\"entry-content clearfix\">\n<h5><strong>Con gran expectativa y una fuerte apuesta a los valores locales, se efectu\u00f3 el lanzamiento de la sexta edici\u00f3n del evento denominado Leon Fight, que se realizar\u00e1 el s\u00e1bado en el Club Acci\u00f3n con la presencia de peleadores de distintos puntos de la provincia y de Paraguay. Habr\u00e1 varios t\u00edtulos regionales y copas en juego.<\/strong><\/h5>\n<p>La presentaci\u00f3n oficial fue realizada en el Centro Multidisciplinario \u201cDojo Le\u00f3n\u201d, con la presencia del secretario de Desarrollo Humano y Deportes del municipio local, Germ\u00e1n Rearte, el subsecretario Iv\u00e1n Arredondo, los instructores Ulises Fr\u00edas y Mauro L\u00f3pez, y los referentes locales Carlos \u201cMaldito\u201d Jara del kick boxing y Lourdes Sotelo de Kung Fu y Sand\u00e1.<\/p>\n<p>La actividad se cumplir\u00e1 desde las 14,30 aproximadamente en el Club Acci\u00f3n, con alrededor de 70 exhibiciones y peleas amateurs de variadas disciplinas, y desde las 20,30 se dar\u00e1 paso a la actividad central del espect\u00e1culo con combates semi y profesionales de kick boxing, MMA, sand\u00e1, muay thai, K1 y boxeo, con producci\u00f3n general de Carly Marrod\u00e1n.<\/p>\n<p><a href=\"https:\/\/www.ecodeportivo.com.ar\/img\/2025\/10\/leon-fight.jpg\"><img loading=\"lazy\" decoding=\"async\" class=\"alignnone size-full wp-image-51572\" src=\"https:\/\/www.ecodeportivo.com.ar\/img\/2025\/10\/leon-fight.jpg\" sizes=\"auto, (max-width: 1260px) 100vw, 1260px\" srcset=\"https:\/\/www.ecodeportivo.com.ar\/img\/2025\/10\/leon-fight.jpg 1260w, https:\/\/www.ecodeportivo.com.ar\/img\/2025\/10\/leon-fight-300x168.jpg 300w, https:\/\/www.ecodeportivo.com.ar\/img\/2025\/10\/leon-fight-1024x574.jpg 1024w, https:\/\/www.ecodeportivo.com.ar\/img\/2025\/10\/leon-fight-768x430.jpg 768w, https:\/\/www.ecodeportivo.com.ar\/img\/2025\/10\/leon-fight-180x101.jpg 180w, https:\/\/www.ecodeportivo.com.ar\/img\/2025\/10\/leon-fight-260x146.jpg 260w, https:\/\/www.ecodeportivo.com.ar\/img\/2025\/10\/leon-fight-373x210.jpg 373w, https:\/\/www.ecodeportivo.com.ar\/img\/2025\/10\/leon-fight-120x67.jpg 120w\" alt=\"\" width=\"1260\" height=\"706\" \/><\/a><\/p>\n<p>Como en otras oportunidades, habr\u00e1 varios cinturones en juego y un desaf\u00edo particular entre representantes de Paraguay y de nuestro pa\u00eds. Los organizadores destacaron la calidad de peleadores y anunciaron que, adem\u00e1s de entradas populares que se venden de manera anticipada, habr\u00e1 un sector VIP con atenci\u00f3n personalizada y gastronom\u00eda.<\/p>\n<p><img decoding=\"async\" src=\"https:\/\/www.ecodeportivo.com.ar\/img\/2025\/10\/leon-fight.jpg\" \/><\/p>\n<p><strong>\u00a0 Interesante programaci\u00f3n<\/strong><\/p>\n<p>Entre las figuras destacadas del plano local, estar\u00e1 la presentaci\u00f3n de Carlos \u201cMaldito\u201d Jara que enfrentar\u00e1 a Alexander Ramos por el Cintur\u00f3n Regional Amateur Pro-AM WKF en 60 kilogramos; y otro de los buenos exponentes, Eliezer Pav\u00f3n, confrontar\u00e1 con Leandro Molina (MMA) en combate semi pro MMA de 61 kilos.<\/p>\n<p>La cargada y variada programaci\u00f3n incluye la pelea de Cristian Cornejo con Gast\u00f3n Banegas, por el Cintur\u00f3n Regional Amateur Pro-AM WKF en 63 kilogramos; y en combate semi pro MMA de 63 kilos estar\u00e1n frente a frente Alejandro Neyret y Nicol\u00e1s Torres. Mientras tanto por el Cintur\u00f3n Regional Amateur Pro-AM WKF, en 60 kilos, Luciano Acevedo se medir\u00e1 con Daniel Moreira (MMA).<\/p>\n<p>Fuente Eco Deportivo<\/p>\n<\/div>\n","protected":false},"excerpt":{"rendered":"<p>Con gran expectativa y una fuerte apuesta a los valores locales, se efectu\u00f3 el lanzamiento de la sexta edici\u00f3n del evento denominado Leon Fight, que se realizar\u00e1 el s\u00e1bado en el Club Acci\u00f3n con la presencia de peleadores de distintos puntos de la provincia y de Paraguay. Habr\u00e1 varios t\u00edtulos regionales y copas en juego. &hellip;<\/p>\n","protected":false},"author":2,"featured_media":26780,"comment_status":"open","ping_status":"open","sticky":false,"template":"","format":"standard","meta":{"footnotes":""},"categories":[62],"tags":[],"class_list":["post-26779","post","type-post","status-publish","format-standard","has-post-thumbnail","hentry","category-artes-marciales"],"_links":{"self":[{"href":"https:\/\/www.sportchaco.com.ar\/index.php?rest_route=\/wp\/v2\/posts\/26779","targetHints":{"allow":["GET"]}}],"collection":[{"href":"https:\/\/www.sportchaco.com.ar\/index.php?rest_route=\/wp\/v2\/posts"}],"about":[{"href":"https:\/\/www.sportchaco.com.ar\/index.php?rest_route=\/wp\/v2\/types\/post"}],"author":[{"embeddable":true,"href":"https:\/\/www.sportchaco.com.ar\/index.php?rest_route=\/wp\/v2\/users\/2"}],"replies":[{"embeddable":true,"href":"https:\/\/www.sportchaco.com.ar\/index.php?rest_route=%2Fwp%2Fv2%2Fcomments&post=26779"}],"version-history":[{"count":2,"href":"https:\/\/www.sportchaco.com.ar\/index.php?rest_route=\/wp\/v2\/posts\/26779\/revisions"}],"predecessor-version":[{"id":26783,"href":"https:\/\/www.sportchaco.com.ar\/index.php?rest_route=\/wp\/v2\/posts\/26779\/revisions\/26783"}],"wp:featuredmedia":[{"embeddable":true,"href":"https:\/\/www.sportchaco.com.ar\/index.php?rest_route=\/wp\/v2\/media\/26780"}],"wp:attachment":[{"href":"https:\/\/www.sportchaco.com.ar\/index.php?rest_route=%2Fwp%2Fv2%2Fmedia&parent=26779"}],"wp:term":[{"taxonomy":"category","embeddable":true,"href":"https:\/\/www.sportchaco.com.ar\/index.php?rest_route=%2Fwp%2Fv2%2Fcategories&post=26779"},{"taxonomy":"post_tag","embeddable":true,"href":"https:\/\/www.sportchaco.com.ar\/index.php?rest_route=%2Fwp%2Fv2%2Ftags&post=26779"}],"curies":[{"name":"wp","href":"https:\/\/api.w.org\/{rel}","templated":true}]}}