{"id":26785,"date":"2025-10-09T21:41:51","date_gmt":"2025-10-10T00:41:51","guid":{"rendered":"https:\/\/www.sportchaco.com.ar\/?p=26785"},"modified":"2025-10-13T19:40:25","modified_gmt":"2025-10-13T22:40:25","slug":"el-tribunal-fallo-a-favor-de-empelados-de-comercio","status":"publish","type":"post","link":"https:\/\/www.sportchaco.com.ar\/?p=26785","title":{"rendered":"El Tribunal fall\u00f3 a favor de Empleados de Comercio"},"content":{"rendered":"<p><strong>09-10-2025<\/strong><\/p>\n<p><img loading=\"lazy\" decoding=\"async\" class=\"aligncenter size-full wp-image-20491\" src=\"https:\/\/www.sportchaco.com.ar\/wp-content\/uploads\/2025\/06\/PARQUE-SOLAR_720x90-01.gif\" alt=\"\" width=\"720\" height=\"90\" \/><\/p>\n<p>El Tribunal de Disciplina de la Liga Chaque\u00f1a tom\u00f3 una decisi\u00f3n con respecto a la protesta de Los L\u00edricos sobre la supuesta mala inclusi\u00f3n en el partido final del campeonato de la Primera B ante Empleados de Comercio.<\/p>\n<p>Tras recibir los descargos de todas las partes involucradas el mismo fall\u00f3 a favor del equipo \u00abmercantil\u00bb considerando que el jugador de Empelados de Comercio, Nicol\u00e1s Mart\u00ednez, se encontraba habilitado por el sistema Comet en su rol de jugador, desestimando de esta manera el reclamo de Los L\u00edricos.<\/p>\n<p>A su vez, el Tribunal de Penas liguista hace un llamado de atenci\u00f3n al jugador Nicol\u00e1s Mart\u00ednez por ejercer un rol de ayudante de campo no estando habilitado a hacerlo por el sistema Comet.<\/p>\n<p>De esta manera se sostiene el resultado obtenido en cancha donde Empleados de Comercio derrot\u00f3 por penales a Los L\u00edricos luego de igualar 2-2.<\/p>\n<p>El equipo \u00abmercantil\u00bb se queda de esta manera con el t\u00edtulo de campe\u00f3n del torneo Oficial de ascenso y con el pasaje directo a Primera Divisi\u00f3n. Mientras que Los L\u00edricos deber\u00e1n jugar una de las Promociones.<\/p>\n<p><img loading=\"lazy\" decoding=\"async\" class=\"aligncenter size-full wp-image-21078\" src=\"https:\/\/www.sportchaco.com.ar\/wp-content\/uploads\/2025\/06\/BANNER-WEB-CHACO-JUEGA_300x250-1-3.gif\" alt=\"\" width=\"626\" height=\"522\" \/><\/p>\n","protected":false},"excerpt":{"rendered":"<p>09-10-2025 El Tribunal de Disciplina de la Liga Chaque\u00f1a tom\u00f3 una decisi\u00f3n con respecto a la protesta de Los L\u00edricos sobre la supuesta mala inclusi\u00f3n en el partido final del campeonato de la Primera B ante Empleados de Comercio. Tras recibir los descargos de todas las partes involucradas el mismo fall\u00f3 a favor del equipo &hellip;<\/p>\n","protected":false},"author":3,"featured_media":26786,"comment_status":"open","ping_status":"open","sticky":false,"template":"","format":"standard","meta":{"footnotes":""},"categories":[5],"tags":[],"class_list":["post-26785","post","type-post","status-publish","format-standard","has-post-thumbnail","hentry","category-futbol"],"_links":{"self":[{"href":"https:\/\/www.sportchaco.com.ar\/index.php?rest_route=\/wp\/v2\/posts\/26785","targetHints":{"allow":["GET"]}}],"collection":[{"href":"https:\/\/www.sportchaco.com.ar\/index.php?rest_route=\/wp\/v2\/posts"}],"about":[{"href":"https:\/\/www.sportchaco.com.ar\/index.php?rest_route=\/wp\/v2\/types\/post"}],"author":[{"embeddable":true,"href":"https:\/\/www.sportchaco.com.ar\/index.php?rest_route=\/wp\/v2\/users\/3"}],"replies":[{"embeddable":true,"href":"https:\/\/www.sportchaco.com.ar\/index.php?rest_route=%2Fwp%2Fv2%2Fcomments&post=26785"}],"version-history":[{"count":2,"href":"https:\/\/www.sportchaco.com.ar\/index.php?rest_route=\/wp\/v2\/posts\/26785\/revisions"}],"predecessor-version":[{"id":26788,"href":"https:\/\/www.sportchaco.com.ar\/index.php?rest_route=\/wp\/v2\/posts\/26785\/revisions\/26788"}],"wp:featuredmedia":[{"embeddable":true,"href":"https:\/\/www.sportchaco.com.ar\/index.php?rest_route=\/wp\/v2\/media\/26786"}],"wp:attachment":[{"href":"https:\/\/www.sportchaco.com.ar\/index.php?rest_route=%2Fwp%2Fv2%2Fmedia&parent=26785"}],"wp:term":[{"taxonomy":"category","embeddable":true,"href":"https:\/\/www.sportchaco.com.ar\/index.php?rest_route=%2Fwp%2Fv2%2Fcategories&post=26785"},{"taxonomy":"post_tag","embeddable":true,"href":"https:\/\/www.sportchaco.com.ar\/index.php?rest_route=%2Fwp%2Fv2%2Ftags&post=26785"}],"curies":[{"name":"wp","href":"https:\/\/api.w.org\/{rel}","templated":true}]}}