{"id":26806,"date":"2025-10-10T13:28:50","date_gmt":"2025-10-10T16:28:50","guid":{"rendered":"https:\/\/www.sportchaco.com.ar\/?p=26806"},"modified":"2025-10-10T13:28:50","modified_gmt":"2025-10-10T16:28:50","slug":"el-clasico-de-villa-angela-y-el-duelo-de-lideres-los-atractivos-del-pre-federal","status":"publish","type":"post","link":"https:\/\/www.sportchaco.com.ar\/?p=26806","title":{"rendered":"El cl\u00e1sico de Villa \u00c1ngela y el duelo de l\u00edderes, los atractivos del Pre-Federal"},"content":{"rendered":"<p><strong>10-10-2025<\/strong><\/p>\n<div id=\"right-content\" class=\"relative\">\n<div id=\"content-area\" class=\"left relative\">\n<div id=\"tps_slideContainer_28518\" class=\"theiaPostSlider_slides\">\n<p><img loading=\"lazy\" decoding=\"async\" class=\"aligncenter size-large wp-image-20253\" src=\"https:\/\/www.sportchaco.com.ar\/wp-content\/uploads\/2025\/06\/Campo-720x90-13-1024x128.gif\" sizes=\"auto, (max-width: 1024px) 100vw, 1024px\" srcset=\"https:\/\/www.sportchaco.com.ar\/wp-content\/uploads\/2025\/06\/Campo-720x90-13-1024x128.gif 1024w, https:\/\/www.sportchaco.com.ar\/wp-content\/uploads\/2025\/06\/Campo-720x90-13-300x38.gif 300w, https:\/\/www.sportchaco.com.ar\/wp-content\/uploads\/2025\/06\/Campo-720x90-13-768x96.gif 768w\" alt=\"\" width=\"1024\" height=\"128\" \/><\/p>\n<p>El cl\u00e1sico de Uni\u00f3n Progresista con Alvear, en Villa \u00c1ngela, y el choque de punteros que sostendr\u00e1n en Santa Sylvina los conjuntos de Cultural y Regatas, acapara la atenci\u00f3n en la novena y pen\u00faltima fecha del torneo provincial Pre-Federal de B\u00e1squet, que se disputar\u00e1 \u00edntegramente el viernes.<\/p>\n<p>El certamen se encamina a cerrar la fase regular y es momento clave para ir definiendo qui\u00e9nes acceder\u00e1n a los play-off y los equipos que deber\u00e1n afrontar el play-in de Reclasificaci\u00f3n para intentar seguir en la competencia. En la Zona \u201cA\u201d, Acci\u00f3n y Social ya no pueden acceder de manera directa, y en la Zona \u201cB\u201d est\u00e1 en igual situaci\u00f3n Juventud.<\/p>\n<p>La pen\u00faltima jornada del certamen organizado por la Federaci\u00f3n Chaque\u00f1a de B\u00e1squetbol puede confirmar a Uni\u00f3n Progresista como el mejor de esta etapa si logra derrotar a su hist\u00f3rico rival Alvear, luego de que en el juego de la primera ronda ya se impusiera por un apretado 69 a 66. El arbitraje ser\u00e1 de Diego Acu\u00f1a y Julio V\u00e1zquez, con Enrique Oliva de comisionado t\u00e9cnico.<\/p>\n<p>No menos interesante ser\u00e1 el enfrentamiento de los l\u00edderes de la Zona \u201cA\u201d, Centro Cultural y Regatas, que se ver\u00e1n las caras en Santa Sylvina luego de la victoria 72-71 que el \u201cremero\u201d consigui\u00f3 cuando se vieron en la cuarta fecha en la capital provincial. Como jueces se desempe\u00f1ar\u00e1n Iv\u00e1n Huck y Gonzalo Castro, y como comisionado t\u00e9cnico estar\u00e1 Gonzalo Durand.<\/p>\n<p>La actividad tambi\u00e9n tendr\u00e1 en Las Bre\u00f1as la confrontaci\u00f3n de Social con H\u00e9rcules, y en S\u00e1enz Pe\u00f1a se medir\u00e1n Acci\u00f3n y Don Bosco. En el otro grupo, Juventud de Villa Centenario ser\u00e1 anfitri\u00f3n de Hind\u00fa; y Don Orione recibir\u00e1 en Barranqueras a Espa\u00f1ola.<\/p>\n<p>A la siguiente instancia avanzar\u00e1n los tres primeros de cada grupo, mientras que los dos \u00faltimos deber\u00e1n enfrentarse en un \u00fanico juego en play-in, en cancha del mejor posicionado, y de all\u00ed el ganador visitar\u00e1 48 horas despu\u00e9s a quien qued\u00f3 cuarto en su grupo, para definir el rival del primero de la zona.<\/p>\n<p><em><strong>Fuente: Federaci\u00f3n Chaque\u00f1a de B\u00e1squetbol<\/strong><\/em><\/p>\n<p><strong>TODA LA 9<\/strong><strong>\u00aa FECHA<br \/>\nZONA \u201cA\u201d<\/strong><br \/>\n<strong>Viernes 10-10<\/strong><br \/>\nA las 22, Social (LB) &#8211; H\u00e9rcules (Ch)<br \/>\n<strong>Jueces:<\/strong> Juan Gonz\u00e1lez y Fabricio Ranea<br \/>\n<strong>Comisionada t\u00e9cnica:<\/strong> Araceli Ag\u00fcero<\/p>\n<p>A las 22, Cultural (SS) &#8211; Regatas (R)<br \/>\n<strong>Jueces:<\/strong> Iv\u00e1n Huck y Gonzalo Castro<br \/>\n<strong>Comisionado t\u00e9cnico:<\/strong> Gonzalo Durand<\/p>\n<p>A las 22, Acci\u00f3n (SP) &#8211; Don Bosco (R)<br \/>\n<strong>Jueces:<\/strong> Sebasti\u00e1n Vasallo y Lucas T\u00e9vez<br \/>\n<strong>Comisionado t\u00e9cnico:<\/strong> Alberto N\u00fa\u00f1ez<\/p>\n<p><strong>ZONA \u201cB\u201d<\/strong><br \/>\n<strong>Viernes 10-10<\/strong><br \/>\nA las 21:30, Juventud VC (R) &#8211; Hind\u00fa (R)<br \/>\n<strong>Jueces:<\/strong> Juli\u00e1n Ch\u00e1vez y F\u00e1tima Fern\u00e1ndez<br \/>\n<strong>Comisionada t\u00e9cnica:<\/strong> Daniela Kessler<\/p>\n<p>A las 21:30, Don Orione (B) &#8211; Asoc. Espa\u00f1ola (Ch)<br \/>\n<strong>Jueces:<\/strong> Sebasti\u00e1n Quiroga y Lucas Sotelo<br \/>\n<strong>Comisionada t\u00e9cnica:<\/strong> Nancy Filipof<\/p>\n<p>A las 22, Progresista (VA) &#8211; Alvear (VA)<br \/>\n<strong>Jueces:<\/strong> Diego Acu\u00f1a y Julio V\u00e1zquez<br \/>\n<strong>Comisionado t\u00e9cnico:<\/strong> Enrique Oliva<\/p>\n<p><strong>POSICIONES<\/strong><br \/>\n<strong>Zona \u00abA\u00bb<\/strong><br \/>\nCultural 14<br \/>\nRegatas Rcia. 14<br \/>\nH\u00e9rcules 13<br \/>\nDon Bosco 12<br \/>\nAcci\u00f3n 10<br \/>\nSocial 9<\/p>\n<p><strong>Zona \u00abB\u00bb<\/strong><br \/>\nProgresista 16<br \/>\nAlvear 14<br \/>\nHind\u00fa Club 12<br \/>\nAsoc. Espa\u00f1ola 11<br \/>\nDon Orione 11<br \/>\nJuventud VC 8<\/p>\n<p><img loading=\"lazy\" decoding=\"async\" class=\"aligncenter size-full wp-image-20169\" src=\"https:\/\/www.sportchaco.com.ar\/wp-content\/uploads\/2025\/06\/PARQUE-SOLAR_250x250-01.gif\" alt=\"\" width=\"300\" height=\"300\" \/><\/p>\n<\/div>\n<\/div>\n<\/div>\n","protected":false},"excerpt":{"rendered":"<p>10-10-2025 El cl\u00e1sico de Uni\u00f3n Progresista con Alvear, en Villa \u00c1ngela, y el choque de punteros que sostendr\u00e1n en Santa Sylvina los conjuntos de Cultural y Regatas, acapara la atenci\u00f3n en la novena y pen\u00faltima fecha del torneo provincial Pre-Federal de B\u00e1squet, que se disputar\u00e1 \u00edntegramente el viernes. El certamen se encamina a cerrar la &hellip;<\/p>\n","protected":false},"author":3,"featured_media":26807,"comment_status":"open","ping_status":"open","sticky":false,"template":"","format":"standard","meta":{"footnotes":""},"categories":[3],"tags":[],"class_list":["post-26806","post","type-post","status-publish","format-standard","has-post-thumbnail","hentry","category-basquetbol"],"_links":{"self":[{"href":"https:\/\/www.sportchaco.com.ar\/index.php?rest_route=\/wp\/v2\/posts\/26806","targetHints":{"allow":["GET"]}}],"collection":[{"href":"https:\/\/www.sportchaco.com.ar\/index.php?rest_route=\/wp\/v2\/posts"}],"about":[{"href":"https:\/\/www.sportchaco.com.ar\/index.php?rest_route=\/wp\/v2\/types\/post"}],"author":[{"embeddable":true,"href":"https:\/\/www.sportchaco.com.ar\/index.php?rest_route=\/wp\/v2\/users\/3"}],"replies":[{"embeddable":true,"href":"https:\/\/www.sportchaco.com.ar\/index.php?rest_route=%2Fwp%2Fv2%2Fcomments&post=26806"}],"version-history":[{"count":1,"href":"https:\/\/www.sportchaco.com.ar\/index.php?rest_route=\/wp\/v2\/posts\/26806\/revisions"}],"predecessor-version":[{"id":26808,"href":"https:\/\/www.sportchaco.com.ar\/index.php?rest_route=\/wp\/v2\/posts\/26806\/revisions\/26808"}],"wp:featuredmedia":[{"embeddable":true,"href":"https:\/\/www.sportchaco.com.ar\/index.php?rest_route=\/wp\/v2\/media\/26807"}],"wp:attachment":[{"href":"https:\/\/www.sportchaco.com.ar\/index.php?rest_route=%2Fwp%2Fv2%2Fmedia&parent=26806"}],"wp:term":[{"taxonomy":"category","embeddable":true,"href":"https:\/\/www.sportchaco.com.ar\/index.php?rest_route=%2Fwp%2Fv2%2Fcategories&post=26806"},{"taxonomy":"post_tag","embeddable":true,"href":"https:\/\/www.sportchaco.com.ar\/index.php?rest_route=%2Fwp%2Fv2%2Ftags&post=26806"}],"curies":[{"name":"wp","href":"https:\/\/api.w.org\/{rel}","templated":true}]}}