{"id":26811,"date":"2025-10-10T14:00:33","date_gmt":"2025-10-10T17:00:33","guid":{"rendered":"https:\/\/www.sportchaco.com.ar\/?p=26811"},"modified":"2025-10-10T14:00:33","modified_gmt":"2025-10-10T17:00:33","slug":"for-ever-arranca-el-reducido-sin-su-goleador","status":"publish","type":"post","link":"https:\/\/www.sportchaco.com.ar\/?p=26811","title":{"rendered":"For Ever arranca el Reducido sin su goleador"},"content":{"rendered":"<p><strong>10-10-2025<\/strong><\/p>\n<p><img loading=\"lazy\" decoding=\"async\" class=\"aligncenter size-large wp-image-19472\" src=\"https:\/\/www.sportchaco.com.ar\/wp-content\/uploads\/2025\/05\/Red-de-empeleos-1200x200-1-1024x171.gif\" alt=\"\" width=\"1024\" height=\"171\" srcset=\"https:\/\/www.sportchaco.com.ar\/wp-content\/uploads\/2025\/05\/Red-de-empeleos-1200x200-1-1024x171.gif 1024w, https:\/\/www.sportchaco.com.ar\/wp-content\/uploads\/2025\/05\/Red-de-empeleos-1200x200-1-300x50.gif 300w, https:\/\/www.sportchaco.com.ar\/wp-content\/uploads\/2025\/05\/Red-de-empeleos-1200x200-1-768x128.gif 768w, https:\/\/www.sportchaco.com.ar\/wp-content\/uploads\/2025\/05\/Red-de-empeleos-1200x200-1-1536x256.gif 1536w, https:\/\/www.sportchaco.com.ar\/wp-content\/uploads\/2025\/05\/Red-de-empeleos-1200x200-1-2048x341.gif 2048w\" sizes=\"auto, (max-width: 1024px) 100vw, 1024px\" \/><\/p>\n<p>For Ever disputar\u00e1 este s\u00e1bado el duelo del Reducido de la Primera Nacional de f\u00fatbol ante Atlanta en Villa Crespo desde las 13 horas. Daniel Zamora ser\u00e1 el \u00e1rbitro principal.<\/p>\n<p>La mala noticia para el equipo de Ricardo Pancaldo es la baja del delantero Mat\u00edas Romero. El goleador del \u00abnegro\u00bb sufri\u00f3 una sobrecarga y no ser\u00e1 parte de la delegaci\u00f3n que parta rumbo a Buenos Aires este viernes a las 16. Romero lleva 11 goles en el campeonato.<\/p>\n<p>El DT, en el \u00faltimo ensayo de f\u00fatbol prob\u00f3 en lugar de el \u00abmono\u00bb con el marplatense Imanol Enr\u00edquez. El delantero volvi\u00f3 a disputar un partido luego de casi dos meses y marc\u00f3 el gol del empate ante Deportivo Mor\u00f3n el \u00faltimo fin de semana. Enr\u00edquez por Romero ser\u00eda el \u00fanico cambio con respecto al que enfrent\u00f3 al \u00abgallito\u00bb en el Juan Alberto Garc\u00eda.<\/p>\n<p>For Ever est\u00e1 obligado a ganar en los 90 minutos si quiere clasificar a los cuartos de final del Reducido. El \u201cnegro\u201d tiene desventaja deportiva en la serie, que es a \u00fanico partido y en la cancha de Atlanta (el mejor clasificado). Un empate pondr\u00e1 al \u201cbohemio\u201d en la siguiente etapa del certamen y concluir\u00e1 la temporada de For Ever.<\/p>\n<p>En caso de llegar a cuartos de final, For Ever seguir\u00e1 con desventaja deportiva con el rival que le toque, aunque all\u00ed los partidos ya ser\u00e1n ida y vuelta (primero en Resistencia).<\/p>\n<p><em><strong>Foto: Gentileza Agust\u00edn G\u00f3mez<\/strong><\/em><\/p>\n<p><img loading=\"lazy\" decoding=\"async\" class=\"aligncenter size-full wp-image-21791\" src=\"https:\/\/www.sportchaco.com.ar\/wp-content\/uploads\/2025\/07\/120x200.gif\" alt=\"\" width=\"251\" height=\"418\" \/><\/p>\n","protected":false},"excerpt":{"rendered":"<p>10-10-2025 For Ever disputar\u00e1 este s\u00e1bado el duelo del Reducido de la Primera Nacional de f\u00fatbol ante Atlanta en Villa Crespo desde las 13 horas. Daniel Zamora ser\u00e1 el \u00e1rbitro principal. La mala noticia para el equipo de Ricardo Pancaldo es la baja del delantero Mat\u00edas Romero. El goleador del \u00abnegro\u00bb sufri\u00f3 una sobrecarga y &hellip;<\/p>\n","protected":false},"author":3,"featured_media":26812,"comment_status":"open","ping_status":"open","sticky":false,"template":"","format":"standard","meta":{"footnotes":""},"categories":[5],"tags":[],"class_list":["post-26811","post","type-post","status-publish","format-standard","has-post-thumbnail","hentry","category-futbol"],"_links":{"self":[{"href":"https:\/\/www.sportchaco.com.ar\/index.php?rest_route=\/wp\/v2\/posts\/26811","targetHints":{"allow":["GET"]}}],"collection":[{"href":"https:\/\/www.sportchaco.com.ar\/index.php?rest_route=\/wp\/v2\/posts"}],"about":[{"href":"https:\/\/www.sportchaco.com.ar\/index.php?rest_route=\/wp\/v2\/types\/post"}],"author":[{"embeddable":true,"href":"https:\/\/www.sportchaco.com.ar\/index.php?rest_route=\/wp\/v2\/users\/3"}],"replies":[{"embeddable":true,"href":"https:\/\/www.sportchaco.com.ar\/index.php?rest_route=%2Fwp%2Fv2%2Fcomments&post=26811"}],"version-history":[{"count":1,"href":"https:\/\/www.sportchaco.com.ar\/index.php?rest_route=\/wp\/v2\/posts\/26811\/revisions"}],"predecessor-version":[{"id":26813,"href":"https:\/\/www.sportchaco.com.ar\/index.php?rest_route=\/wp\/v2\/posts\/26811\/revisions\/26813"}],"wp:featuredmedia":[{"embeddable":true,"href":"https:\/\/www.sportchaco.com.ar\/index.php?rest_route=\/wp\/v2\/media\/26812"}],"wp:attachment":[{"href":"https:\/\/www.sportchaco.com.ar\/index.php?rest_route=%2Fwp%2Fv2%2Fmedia&parent=26811"}],"wp:term":[{"taxonomy":"category","embeddable":true,"href":"https:\/\/www.sportchaco.com.ar\/index.php?rest_route=%2Fwp%2Fv2%2Fcategories&post=26811"},{"taxonomy":"post_tag","embeddable":true,"href":"https:\/\/www.sportchaco.com.ar\/index.php?rest_route=%2Fwp%2Fv2%2Ftags&post=26811"}],"curies":[{"name":"wp","href":"https:\/\/api.w.org\/{rel}","templated":true}]}}