{"id":2683,"date":"2023-11-09T22:46:52","date_gmt":"2023-11-10T01:46:52","guid":{"rendered":"https:\/\/www.sportchaco.com.ar\/?p=2683"},"modified":"2023-11-09T22:46:52","modified_gmt":"2023-11-10T01:46:52","slug":"lista-del-sub-23-de-mascherano-para-gira-por-japon","status":"publish","type":"post","link":"https:\/\/www.sportchaco.com.ar\/?p=2683","title":{"rendered":"Lista del Sub 23 de Mascherano para gira por Jap\u00f3n"},"content":{"rendered":"<div id=\"div_cuerpo\" class=\"content cable-content\">\nEl entrenador Javier Mascherano dio a conocer la lista de convocados del Sub 23 de Argentina para la pr\u00f3xima Fecha FIFA de mediados de noviembre en la que afrontar\u00e1 una gira por Jap\u00f3n, preparatoria para el Preol\u00edmpico que se llevar\u00e1 a cabo en Venezuela en enero de 2024.<\/p>\n<p>Entre las principales novedades figuran el ex delantero de Boca, Luis V\u00e1zquez (Anderlecht de B\u00e9lgica), el mediocampista del Real Madrid, Nicol\u00e1s Paz quien ayer debut\u00f3 oficialmente con la camiseta merengue por Champions y el ex defensor de Belgrano de C\u00f3rdoba, Bruno Amione (Hellas Verona), pero no pudo sumarse Alan Varela, ex Boca Juniors hoy en Porto, de Portugal, por cuestiones administrativas.<\/p>\n<p>La delegaci\u00f3n albiceleste viajar\u00e1 el pr\u00f3ximo domingo rumbo a Jap\u00f3n, donde jugar\u00e1 dos partidos ante su par local, el s\u00e1bado 18 y martes 21 pr\u00f3ximos, a las 14 (hora local, las 2 de Argentina), en el Estadio IAI Nihondaira, de la Ciudad de Shizuoka.<\/p>\n<p>La lista completa de convocados por Mascherano es la siguiente:<\/p>\n<p>Arqueros: Leandro Brey (Boca) y Fabricio Iacovich (Estudiantes).<\/p>\n<p>Defensores: Marco De C\u00e9sare (Argentinos Jrs.), Gast\u00f3n Avila (Ajax), Gonzalo Luj\u00e1n (San Lorenzo) y Bruno Amione (Hellas Verona).<\/p>\n<p>Mediocampistas: Fernando Redondo (Argentinos Jrs.), Lucas Esquivel (Paranaense), Bruno Zapelli (Paranaense), Facundo Buonanotte (Brigthon), Nicol\u00e1s Paz (Real Madrid), Rodrigo Villagra (Talleres de C\u00f3rdoba), Diego Calcaterra (Sarmiento) y Carlos Alcaraz (Southampton).<\/p>\n<p>Delanteros: Luciano Gondou (Argentinos Jrs.), Pablo Solari (River), Luis V\u00e1zquez (Anderlecht), Facundo Far\u00edas (Inter Miami), Santiago Sim\u00f3n (River) y Thiago Almada (Atlanta United).<\/p>\n<p>La\u00a0selecci\u00f3n argentina Sub 23\u00a0ya conoce a sus rivales en el Preol\u00edmpico que se disputar\u00e1 en Venezuela como cabeza del\u00a0Grupo &#8216;B&#8217;, que estar\u00e1 conformado adem\u00e1s por\u00a0Uruguay, Chile, Paraguay y Per\u00fa.<\/p>\n<p>Si bien todav\u00eda no est\u00e1 el fixture, s\u00ed se conocen las fechas de inicio, final y ciudades sede: ser\u00e1 desde el 20 de enero hasta el 11 de febrero del a\u00f1o pr\u00f3ximo en Caracas, Valencia y Barquisimeto.<\/p>\n<p>En principio,\u00a0Argentina debutar\u00eda el domingo 21 de enero ante Paraguay, luego se medir\u00eda el mi\u00e9rcoles 24 frente a Per\u00fa, quedar\u00eda libre en la tercera jornada, actuar\u00eda contra Chile el martes 30 y cerrar\u00eda su participaci\u00f3n en la primera ronda el viernes 2 de febrero ante Uruguay.<\/p>\n<p>La otra zona estar\u00e1 compuesta por el anfitri\u00f3n Venezuela, Brasil, Colombia, Bolivia y Ecuador.<\/p><\/div>\n<div><\/div>\n<div><strong>Foto de Luis V\u00e1zquez, nuevo convocado para el Sub 23<\/strong><\/div>\n","protected":false},"excerpt":{"rendered":"<p>El entrenador Javier Mascherano dio a conocer la lista de convocados del Sub 23 de Argentina para la pr\u00f3xima Fecha FIFA de mediados de noviembre en la que afrontar\u00e1 una gira por Jap\u00f3n, preparatoria para el Preol\u00edmpico que se llevar\u00e1 a cabo en Venezuela en enero de 2024. Entre las principales novedades figuran el ex &hellip;<\/p>\n","protected":false},"author":2,"featured_media":2684,"comment_status":"open","ping_status":"open","sticky":false,"template":"","format":"standard","meta":{"footnotes":""},"categories":[5],"tags":[],"class_list":["post-2683","post","type-post","status-publish","format-standard","has-post-thumbnail","hentry","category-futbol"],"_links":{"self":[{"href":"https:\/\/www.sportchaco.com.ar\/index.php?rest_route=\/wp\/v2\/posts\/2683","targetHints":{"allow":["GET"]}}],"collection":[{"href":"https:\/\/www.sportchaco.com.ar\/index.php?rest_route=\/wp\/v2\/posts"}],"about":[{"href":"https:\/\/www.sportchaco.com.ar\/index.php?rest_route=\/wp\/v2\/types\/post"}],"author":[{"embeddable":true,"href":"https:\/\/www.sportchaco.com.ar\/index.php?rest_route=\/wp\/v2\/users\/2"}],"replies":[{"embeddable":true,"href":"https:\/\/www.sportchaco.com.ar\/index.php?rest_route=%2Fwp%2Fv2%2Fcomments&post=2683"}],"version-history":[{"count":1,"href":"https:\/\/www.sportchaco.com.ar\/index.php?rest_route=\/wp\/v2\/posts\/2683\/revisions"}],"predecessor-version":[{"id":2685,"href":"https:\/\/www.sportchaco.com.ar\/index.php?rest_route=\/wp\/v2\/posts\/2683\/revisions\/2685"}],"wp:featuredmedia":[{"embeddable":true,"href":"https:\/\/www.sportchaco.com.ar\/index.php?rest_route=\/wp\/v2\/media\/2684"}],"wp:attachment":[{"href":"https:\/\/www.sportchaco.com.ar\/index.php?rest_route=%2Fwp%2Fv2%2Fmedia&parent=2683"}],"wp:term":[{"taxonomy":"category","embeddable":true,"href":"https:\/\/www.sportchaco.com.ar\/index.php?rest_route=%2Fwp%2Fv2%2Fcategories&post=2683"},{"taxonomy":"post_tag","embeddable":true,"href":"https:\/\/www.sportchaco.com.ar\/index.php?rest_route=%2Fwp%2Fv2%2Ftags&post=2683"}],"curies":[{"name":"wp","href":"https:\/\/api.w.org\/{rel}","templated":true}]}}