{"id":26844,"date":"2025-10-11T22:53:51","date_gmt":"2025-10-12T01:53:51","guid":{"rendered":"https:\/\/www.sportchaco.com.ar\/?p=26844"},"modified":"2025-10-11T22:54:31","modified_gmt":"2025-10-12T01:54:31","slug":"pato-silva-53-anos-entre-los-fierros","status":"publish","type":"post","link":"https:\/\/www.sportchaco.com.ar\/?p=26844","title":{"rendered":"Pato Silva: 53 a\u00f1os entre los fierros"},"content":{"rendered":"<div class=\"pWvJNd\" data-complete=\"true\">\n<div class=\"mZJni Dn7Fzd\" dir=\"ltr\" data-container-id=\"main-col\" data-xid=\"VpUvz\" data-ved=\"2ahUKEwjspObpuJyQAxX2uZUCHXu1PcYQ3KYQegQIABAB\">\n<div data-sfc-cp=\"\" data-hveid=\"CAMQAA\" data-complete=\"true\" data-processed=\"true\">\n<h5 class=\"otQkpb\" role=\"heading\" aria-level=\"3\" data-processed=\"true\" data-complete=\"true\"><\/h5>\n<h5 class=\"Y3BBE\" data-hveid=\"CAkQAA\" data-processed=\"true\" data-complete=\"true\">El \u00abPato\u00bb Silva, destacado piloto chaque\u00f1o cumple este domingo 53 a\u00f1os, y todos los pas\u00f3 ligado a los fierros. No solo se destac\u00f3 por sus t\u00edtulos y victorias, sino tambi\u00e9n por una carrera forjada desde abajo, con un gran sacrificio personal. La historia de c\u00f3mo lleg\u00f3 a la cima est\u00e1 llena de momentos que reflejan su tenacidad. En sus inicios, para costearse las carreras, tuvo que vender rifas en bicicleta por las calles de su ciudad. Este recuerdo, a menudo contado por \u00e9l mismo, es un s\u00edmbolo de su humildad y perseverancia.<span class=\"uJ19be notranslate\" data-wiz-uids=\"dLbt9e_1q,dLbt9e_1r\" data-complete=\"true\" data-processed=\"true\"><span class=\"vKEkVd\" data-animation-atomic=\"\" data-sae=\"\">\u00a0<\/span><\/span><\/h5>\n<div data-sfc-cp=\"\" data-hveid=\"CAoQAA\" data-complete=\"true\" data-processed=\"true\"><\/div>\n<div class=\"Y3BBE\" data-sfc-cp=\"\" data-hveid=\"CAsQAA\" data-complete=\"true\" data-processed=\"true\">A lo largo de los a\u00f1os, supo ganarse el cari\u00f1o del p\u00fablico y el respeto de sus colegas. Su calidez, su sencillez y su eterna sonrisa lo convirtieron en un referente. Incluso en su etapa de retiro oficial en 2021, su presencia en el automovilismo se mantuvo viva a trav\u00e9s de su equipo y su legado. En 2025, confes\u00f3 a la prensa que, a pesar de sus logros, sinti\u00f3 un \u00absufrimiento\u00bb en el automovilismo, una revelaci\u00f3n que muestra la otra cara de un deporte tan exigente.<span class=\"uJ19be notranslate\" data-wiz-uids=\"dLbt9e_1u,dLbt9e_1v\" data-complete=\"true\" data-processed=\"true\"><span class=\"vKEkVd\" data-animation-atomic=\"\" data-sae=\"\">\u00a0<\/span><\/span><\/div>\n<div class=\"Y3BBE\" data-sfc-cp=\"\" data-hveid=\"CAwQAA\" data-complete=\"true\" data-processed=\"true\">En su cumplea\u00f1os, el automovilismo argentino rinde homenaje a un verdadero \u00eddolo. Es el reconocimiento a un piloto que no solo aceleraba en las pistas, sino que tambi\u00e9n aceleraba corazones, llevando consigo la bandera de Chaco y una historia de superaci\u00f3n que inspira a muchos<\/div>\n<\/div>\n<div data-sfc-cp=\"\" data-hveid=\"CAMQAA\" data-complete=\"true\" data-processed=\"true\"><\/div>\n<div class=\"Y3BBE\" data-sfc-cp=\"\" data-hveid=\"CAMQAA\" data-complete=\"true\" data-processed=\"true\">En efecto, el 12 de octubre es el cumplea\u00f1os de Juan Manuel \u00abPato\u00bb Silva, piloto oriundo de la provincia de Chaco, en Argentina. En esta fecha, es inevitable recordar la notable trayectoria de un competidor que se convirti\u00f3 en una de las figuras m\u00e1s queridas y respetadas del automovilismo nacional.<span class=\"uJ19be notranslate\" data-wiz-uids=\"dLbt9e_i,dLbt9e_j\" data-complete=\"true\" data-processed=\"true\"><span class=\"vKEkVd\" data-animation-atomic=\"\" data-sae=\"\">\u00a0<\/span><\/span><\/div>\n<div class=\"Fsg96\" data-sfc-cp=\"\" data-complete=\"true\" data-processed=\"true\"><\/div>\n<div class=\"otQkpb\" role=\"heading\" aria-level=\"3\" data-sfc-cp=\"\" data-processed=\"true\" data-complete=\"true\"><img loading=\"lazy\" decoding=\"async\" class=\"alignnone size-medium wp-image-26846 alignleft\" src=\"https:\/\/www.sportchaco.com.ar\/wp-content\/uploads\/2025\/10\/Presentacion-Ruso-07-11-11-35-300x225.jpg\" alt=\"\" width=\"300\" height=\"225\" srcset=\"https:\/\/www.sportchaco.com.ar\/wp-content\/uploads\/2025\/10\/Presentacion-Ruso-07-11-11-35-300x225.jpg 300w, https:\/\/www.sportchaco.com.ar\/wp-content\/uploads\/2025\/10\/Presentacion-Ruso-07-11-11-35-1024x768.jpg 1024w, https:\/\/www.sportchaco.com.ar\/wp-content\/uploads\/2025\/10\/Presentacion-Ruso-07-11-11-35-768x576.jpg 768w, https:\/\/www.sportchaco.com.ar\/wp-content\/uploads\/2025\/10\/Presentacion-Ruso-07-11-11-35-1536x1152.jpg 1536w, https:\/\/www.sportchaco.com.ar\/wp-content\/uploads\/2025\/10\/Presentacion-Ruso-07-11-11-35-2048x1536.jpg 2048w\" sizes=\"auto, (max-width: 300px) 100vw, 300px\" \/><\/div>\n<div data-sfc-cp=\"\" data-hveid=\"CAYQAA\" data-complete=\"true\" data-processed=\"true\"><\/div>\n<\/div>\n<\/div>\n<div class=\"\" data-complete=\"true\">\n<div class=\"ofHStc\" data-container-id=\"rhs-col\" data-ved=\"2ahUKEwjspObpuJyQAxX2uZUCHXu1PcYQ3aYQegQIABAC\">\n<div data-container-id=\"12\">\n<div class=\"jKhXsc notranslate\" dir=\"ltr\" data-animation-skip=\"\" data-xid=\"aim-aside-initial-corroboration-container\" data-sfc-cp=\"\" data-wiz-uids=\"dLbt9e_4s,dLbt9e_4t,dLbt9e_4u\" data-processed=\"true\">\n<div class=\"BTkBWc\" data-ved=\"2ahUKEwjspObpuJyQAxX2uZUCHXu1PcYQ_YQPegQIDxAA\" data-processed=\"true\">\n<p>&nbsp;<\/p>\n<p>&nbsp;<\/p>\n<p>Pa<img loading=\"lazy\" decoding=\"async\" class=\"alignnone size-medium wp-image-26847\" src=\"https:\/\/www.sportchaco.com.ar\/wp-content\/uploads\/2025\/10\/Pato-Silva-familia-2022-280x300.jpeg\" alt=\"\" width=\"280\" height=\"300\" srcset=\"https:\/\/www.sportchaco.com.ar\/wp-content\/uploads\/2025\/10\/Pato-Silva-familia-2022-280x300.jpeg 280w, https:\/\/www.sportchaco.com.ar\/wp-content\/uploads\/2025\/10\/Pato-Silva-familia-2022.jpeg 600w\" sizes=\"auto, (max-width: 280px) 100vw, 280px\" \/> <img loading=\"lazy\" decoding=\"async\" class=\"alignnone size-medium wp-image-26848\" src=\"https:\/\/www.sportchaco.com.ar\/wp-content\/uploads\/2025\/10\/Pato-Silva-6-Dakar-300x282.jpg\" alt=\"\" width=\"300\" height=\"282\" srcset=\"https:\/\/www.sportchaco.com.ar\/wp-content\/uploads\/2025\/10\/Pato-Silva-6-Dakar-300x282.jpg 300w, https:\/\/www.sportchaco.com.ar\/wp-content\/uploads\/2025\/10\/Pato-Silva-6-Dakar-1024x963.jpg 1024w, https:\/\/www.sportchaco.com.ar\/wp-content\/uploads\/2025\/10\/Pato-Silva-6-Dakar-768x722.jpg 768w, https:\/\/www.sportchaco.com.ar\/wp-content\/uploads\/2025\/10\/Pato-Silva-6-Dakar.jpg 1149w\" sizes=\"auto, (max-width: 300px) 100vw, 300px\" \/> <img loading=\"lazy\" decoding=\"async\" class=\"alignnone size-medium wp-image-26849\" src=\"https:\/\/www.sportchaco.com.ar\/wp-content\/uploads\/2025\/10\/pATO-sILVA-93-FR-1-300x290.jpg\" alt=\"\" width=\"300\" height=\"290\" srcset=\"https:\/\/www.sportchaco.com.ar\/wp-content\/uploads\/2025\/10\/pATO-sILVA-93-FR-1-300x290.jpg 300w, https:\/\/www.sportchaco.com.ar\/wp-content\/uploads\/2025\/10\/pATO-sILVA-93-FR-1.jpg 600w\" sizes=\"auto, (max-width: 300px) 100vw, 300px\" \/> <img loading=\"lazy\" decoding=\"async\" class=\"alignnone size-medium wp-image-26850\" src=\"https:\/\/www.sportchaco.com.ar\/wp-content\/uploads\/2025\/10\/pATO-SILVA-93-FR-300x213.jpg\" alt=\"\" width=\"300\" height=\"213\" srcset=\"https:\/\/www.sportchaco.com.ar\/wp-content\/uploads\/2025\/10\/pATO-SILVA-93-FR-300x213.jpg 300w, https:\/\/www.sportchaco.com.ar\/wp-content\/uploads\/2025\/10\/pATO-SILVA-93-FR.jpg 512w\" sizes=\"auto, (max-width: 300px) 100vw, 300px\" \/> <img loading=\"lazy\" decoding=\"async\" class=\"alignnone size-medium wp-image-26851\" src=\"https:\/\/www.sportchaco.com.ar\/wp-content\/uploads\/2025\/10\/Pato-Silva-1993-FRCH-o-1992-Jackie-Machi-Chabelo-y-Carlitos-257x300.jpg\" alt=\"\" width=\"257\" height=\"300\" srcset=\"https:\/\/www.sportchaco.com.ar\/wp-content\/uploads\/2025\/10\/Pato-Silva-1993-FRCH-o-1992-Jackie-Machi-Chabelo-y-Carlitos-257x300.jpg 257w, https:\/\/www.sportchaco.com.ar\/wp-content\/uploads\/2025\/10\/Pato-Silva-1993-FRCH-o-1992-Jackie-Machi-Chabelo-y-Carlitos.jpg 514w\" sizes=\"auto, (max-width: 257px) 100vw, 257px\" \/> <img loading=\"lazy\" decoding=\"async\" class=\"alignnone size-medium wp-image-26852\" src=\"https:\/\/www.sportchaco.com.ar\/wp-content\/uploads\/2025\/10\/pato-silva-2005-1-300x225.jpg\" alt=\"\" width=\"300\" height=\"225\" srcset=\"https:\/\/www.sportchaco.com.ar\/wp-content\/uploads\/2025\/10\/pato-silva-2005-1-300x225.jpg 300w, https:\/\/www.sportchaco.com.ar\/wp-content\/uploads\/2025\/10\/pato-silva-2005-1.jpg 500w\" sizes=\"auto, (max-width: 300px) 100vw, 300px\" \/> <img loading=\"lazy\" decoding=\"async\" class=\"alignnone size-medium wp-image-26853\" src=\"https:\/\/www.sportchaco.com.ar\/wp-content\/uploads\/2025\/10\/pato-silva-2006-300x225.jpg\" alt=\"\" width=\"300\" height=\"225\" srcset=\"https:\/\/www.sportchaco.com.ar\/wp-content\/uploads\/2025\/10\/pato-silva-2006-300x225.jpg 300w, https:\/\/www.sportchaco.com.ar\/wp-content\/uploads\/2025\/10\/pato-silva-2006-1024x768.jpg 1024w, https:\/\/www.sportchaco.com.ar\/wp-content\/uploads\/2025\/10\/pato-silva-2006-768x576.jpg 768w, https:\/\/www.sportchaco.com.ar\/wp-content\/uploads\/2025\/10\/pato-silva-2006.jpg 1200w\" sizes=\"auto, (max-width: 300px) 100vw, 300px\" \/> <img loading=\"lazy\" decoding=\"async\" class=\"alignnone size-medium wp-image-26854\" src=\"https:\/\/www.sportchaco.com.ar\/wp-content\/uploads\/2025\/10\/Pato-silva-chico-300x213.jpg\" alt=\"\" width=\"300\" height=\"213\" srcset=\"https:\/\/www.sportchaco.com.ar\/wp-content\/uploads\/2025\/10\/Pato-silva-chico-300x213.jpg 300w, https:\/\/www.sportchaco.com.ar\/wp-content\/uploads\/2025\/10\/Pato-silva-chico.jpg 512w\" sizes=\"auto, (max-width: 300px) 100vw, 300px\" \/> <img loading=\"lazy\" decoding=\"async\" class=\"alignnone size-medium wp-image-26855\" src=\"https:\/\/www.sportchaco.com.ar\/wp-content\/uploads\/2025\/10\/Pato-Silva-debut-y-victoria-tc-218x300.jpg\" alt=\"\" width=\"218\" height=\"300\" srcset=\"https:\/\/www.sportchaco.com.ar\/wp-content\/uploads\/2025\/10\/Pato-Silva-debut-y-victoria-tc-218x300.jpg 218w, https:\/\/www.sportchaco.com.ar\/wp-content\/uploads\/2025\/10\/Pato-Silva-debut-y-victoria-tc.jpg 524w\" sizes=\"auto, (max-width: 218px) 100vw, 218px\" \/><\/p>\n<p>&nbsp;<\/p>\n<p>&nbsp;<\/p>\n<p><span style=\"color: #000000;\"><b>Juan Manuel Silva<\/b>\u00a0(<a class=\"mw-redirect\" style=\"color: #000000;\" title=\"Resistencia (Chaco)\" href=\"https:\/\/es.wikipedia.org\/wiki\/Resistencia_(Chaco)\">Resistencia<\/a>,\u00a0<a style=\"color: #000000;\" title=\"Provincia del Chaco\" href=\"https:\/\/es.wikipedia.org\/wiki\/Provincia_del_Chaco\">Chaco<\/a>,\u00a0<a style=\"color: #000000;\" title=\"Argentina\" href=\"https:\/\/es.wikipedia.org\/wiki\/Argentina\">Argentina<\/a>; 12 de octubre de 1972) es un piloto\u00a0<a class=\"mw-redirect\" style=\"color: #000000;\" title=\"Argentino\" href=\"https:\/\/es.wikipedia.org\/wiki\/Argentino\">argentino<\/a>\u00a0de\u00a0<a class=\"mw-redirect\" style=\"color: #000000;\" title=\"Automovilismo de velocidad\" href=\"https:\/\/es.wikipedia.org\/wiki\/Automovilismo_de_velocidad\">automovilismo de velocidad<\/a>, de trayectoria nacional y con paso por el exterior. Compiti\u00f3 en las m\u00e1s reconocidas categor\u00edas de automovilismo de velocidad de la Rep\u00fablica Argentina, siendo part\u00edcipe y protagonista en casi todas ellas.<\/span><\/p>\n<p><span style=\"color: #000000;\">Inici\u00f3 su carrera deportiva en la\u00a0<a class=\"mw-redirect\" style=\"color: #000000;\" title=\"F\u00f3rmula Renault Argentina\" href=\"https:\/\/es.wikipedia.org\/wiki\/F%C3%B3rmula_Renault_Argentina\">F\u00f3rmula Renault Argentina<\/a>, siendo campe\u00f3n de esta divisional en 1993. Este t\u00edtulo le valdr\u00eda el ascenso al a\u00f1o siguiente al\u00a0<a style=\"color: #000000;\" title=\"Turismo Competici\u00f3n 2000\" href=\"https:\/\/es.wikipedia.org\/wiki\/Turismo_Competici%C3%B3n_2000\">TC 2000<\/a>, categor\u00eda donde debutara en 1994 y de la que se consagrara por \u00fanica vez en 1999.\u200b<\/span><\/p>\n<p><span style=\"color: #000000;\">Su paso a nivel internacional se dar\u00eda a mediados del a\u00f1o 1995, cuando debutara en la\u00a0<a style=\"color: #000000;\" title=\"F\u00f3rmula 3 Sudamericana\" href=\"https:\/\/es.wikipedia.org\/wiki\/F%C3%B3rmula_3_Sudamericana\">F\u00f3rmula 3 Sudamericana<\/a>, categor\u00eda donde llegara a pelear el campeonato de 1996. En 1997 pasar\u00eda a competir en el\u00a0<a class=\"mw-redirect\" style=\"color: #000000;\" title=\"Campeonato japon\u00e9s de turismos\" href=\"https:\/\/es.wikipedia.org\/wiki\/Campeonato_japon%C3%A9s_de_turismos\">Campeonato japon\u00e9s de turismos<\/a>, siendo invitado por la firma\u00a0<a style=\"color: #000000;\" title=\"Toyota\" href=\"https:\/\/es.wikipedia.org\/wiki\/Toyota\">Toyota<\/a>.<\/span><\/p>\n<p><span style=\"color: #000000;\">Tras su regreso al pa\u00eds en 1998, debutar\u00eda en el\u00a0<a style=\"color: #000000;\" title=\"Turismo Carretera\" href=\"https:\/\/es.wikipedia.org\/wiki\/Turismo_Carretera\">Turismo Carretera<\/a>\u00a0con la particularidad de ganar en el d\u00eda de su debut. En esta categor\u00eda obtendr\u00eda consecutivamente el subcampeonato de 2004 y el t\u00edtulo de campe\u00f3n de 2005, a la vez de quedar a las puertas de lograr su segunda corona en 2008, perjudicado por la decisi\u00f3n de la\u00a0<a style=\"color: #000000;\" title=\"Asociaci\u00f3n Corredores de Turismo Carretera\" href=\"https:\/\/es.wikipedia.org\/wiki\/Asociaci%C3%B3n_Corredores_de_Turismo_Carretera\">Asociaci\u00f3n Corredores de Turismo Carretera<\/a>\u00a0de implementar a partir de ese a\u00f1o, la definici\u00f3n de los campeonatos mediante el sistema de Play Off.<sup id=\"cite_ref-2\" class=\"mw-references reference separada\"><a style=\"color: #000000;\" href=\"https:\/\/es.wikipedia.org\/wiki\/Juan_Manuel_Silva#cite_note-2\"><span class=\"cite-bracket\">[<\/span>2<span class=\"cite-bracket\">]<\/span><\/a><\/sup>\u200b<\/span><\/p>\n<p><span style=\"color: #000000;\">Tambi\u00e9n compiti\u00f3 en la categor\u00eda\u00a0<a style=\"color: #000000;\" title=\"Top Race\" href=\"https:\/\/es.wikipedia.org\/wiki\/Top_Race\">Top Race<\/a>, en la cual fue part\u00edcipe en las dos etapas que tuviera la misma. Su debut en la categor\u00eda fue en 2004, donde alcanzar\u00eda el subcampeonato al comando de un\u00a0<a style=\"color: #000000;\" title=\"BMW Serie 3\" href=\"https:\/\/es.wikipedia.org\/wiki\/BMW_Serie_3\">BMW Serie 3<\/a>. Tras este t\u00edtulo se mantendr\u00eda alejado de la categor\u00eda hasta el a\u00f1o 2008, donde regresar\u00eda ya con la categor\u00eda reformulada como\u00a0<a class=\"mw-redirect\" style=\"color: #000000;\" title=\"Top Race V6\" href=\"https:\/\/es.wikipedia.org\/wiki\/Top_Race_V6\">Top Race V6<\/a>. Durante esta segunda etapa, volver\u00eda a obtener el subcampeonato sucesivamente en los a\u00f1os 2008 y 2009. Tras la temporada 2010 volver\u00eda a retirarse, retornando nuevamente en 2012 y retir\u00e1ndose de manera definitiva en 2013.<sup id=\"cite_ref-3\" class=\"mw-references reference separada\"><a style=\"color: #000000;\" href=\"https:\/\/es.wikipedia.org\/wiki\/Juan_Manuel_Silva#cite_note-3\"><span class=\"cite-bracket\">[<\/span>3<span class=\"cite-bracket\">]<\/span><\/a><\/sup>\u200b<\/span><\/p>\n<p><span style=\"color: #000000;\">Asimismo, en 2011 recibir\u00eda una invitaci\u00f3n especial para competir en el\u00a0<a style=\"color: #000000;\" title=\"Rally Dakar\" href=\"https:\/\/es.wikipedia.org\/wiki\/Rally_Dakar\">Rally Dakar<\/a>\u00a0desarrollado entre\u00a0<a style=\"color: #000000;\" title=\"Argentina\" href=\"https:\/\/es.wikipedia.org\/wiki\/Argentina\">Argentina<\/a>\u00a0y\u00a0<a style=\"color: #000000;\" title=\"Chile\" href=\"https:\/\/es.wikipedia.org\/wiki\/Chile\">Chile<\/a>. La participaci\u00f3n en este evento lo anim\u00f3 a seguir compitiendo en los a\u00f1os siguientes en este tipo de categor\u00edas, llegando tambi\u00e9n en 2014 a debutar en el Campeonato Argentino de Rally Cross Country. En dicha categor\u00eda, obtendr\u00eda el campeonato de la clase T1 de coches, escribiendo un hito m\u00e1s en su carrera deportiva.<\/span><\/p>\n<p><span style=\"color: #000000;\">Silva utiliza el n\u00famero 111 en el\u00a0<a style=\"color: #000000;\" title=\"Top Race\" href=\"https:\/\/es.wikipedia.org\/wiki\/Top_Race\">Top Race<\/a>\u00a0desde 2008 y en el\u00a0<a style=\"color: #000000;\" title=\"Turismo Carretera\" href=\"https:\/\/es.wikipedia.org\/wiki\/Turismo_Carretera\">Turismo Carretera<\/a>\u00a0desde 2012.<\/span><\/p>\n<div class=\"mw-heading mw-heading2\">\n<h2 id=\"Biograf\u00eda\"><span id=\"Biograf.C3.ADa\"><\/span>Biograf\u00eda<\/h2>\n<\/div>\n<figure><a class=\"mw-file-description\" href=\"https:\/\/commons.wikimedia.org\/wiki\/File:Ford_Falcon_-_Juan_Manuel_Silva.jpg\"><img loading=\"lazy\" decoding=\"async\" class=\"mw-file-element\" src=\"https:\/\/upload.wikimedia.org\/wikipedia\/commons\/thumb\/7\/7f\/Ford_Falcon_-_Juan_Manuel_Silva.jpg\/250px-Ford_Falcon_-_Juan_Manuel_Silva.jpg\" srcset=\"\/\/upload.wikimedia.org\/wikipedia\/commons\/thumb\/7\/7f\/Ford_Falcon_-_Juan_Manuel_Silva.jpg\/330px-Ford_Falcon_-_Juan_Manuel_Silva.jpg 1.5x, \/\/upload.wikimedia.org\/wikipedia\/commons\/thumb\/7\/7f\/Ford_Falcon_-_Juan_Manuel_Silva.jpg\/500px-Ford_Falcon_-_Juan_Manuel_Silva.jpg 2x\" width=\"170\" height=\"302\" data-file-width=\"2322\" data-file-height=\"4128\" \/><\/a><figcaption><span style=\"color: #000000;\"><strong>Ford de Juan Manuel Silva con el que coron\u00f3 campe\u00f3n de\u00a0<a class=\"mw-redirect\" style=\"color: #000000;\" title=\"Temporada 2005 de Turismo Carretera\" href=\"https:\/\/es.wikipedia.org\/wiki\/Temporada_2005_de_Turismo_Carretera\">Turismo Carretera en 2005<\/a>.<\/strong><\/span><\/figcaption><\/figure>\n<p><span style=\"color: #000000;\">Hijo de un afamado preparador de coches de carreras zonales, Silva inici\u00f3 su carrera deportiva en los karts, corriendo desde 1985 hasta 1989, alz\u00e1ndose con un bicampeonato en sus \u00faltimos a\u00f1os.<\/span><\/p>\n<p><span style=\"color: #000000;\">En 1990, debut\u00f3 a nivel nacional en la\u00a0<a class=\"mw-redirect\" style=\"color: #000000;\" title=\"F\u00f3rmula Renault Elf\" href=\"https:\/\/es.wikipedia.org\/wiki\/F%C3%B3rmula_Renault_Elf\">F\u00f3rmula Renault Elf<\/a>\u00a0de\u00a0<a style=\"color: #000000;\" title=\"Argentina\" href=\"https:\/\/es.wikipedia.org\/wiki\/Argentina\">Argentina<\/a>, obteniendo el campeonato 1993. Este campeonato le har\u00eda dar el salto a la segunda categor\u00eda nacional: El\u00a0<a style=\"color: #000000;\" title=\"Turismo Competici\u00f3n 2000\" href=\"https:\/\/es.wikipedia.org\/wiki\/Turismo_Competici%C3%B3n_2000\">TC 2000<\/a>. Ya en 1994, subi\u00f3 a un\u00a0<a style=\"color: #000000;\" title=\"Ford Sierra\" href=\"https:\/\/es.wikipedia.org\/wiki\/Ford_Sierra\">Ford Sierra<\/a>\u00a0propiedad de Ernesto Tito Bessone con preparaci\u00f3n de\u00a0<a class=\"new\" style=\"color: #000000;\" title=\"Hugo Bini (a\u00fan no redactado)\" href=\"https:\/\/es.wikipedia.org\/w\/index.php?title=Hugo_Bini&amp;action=edit&amp;redlink=1\">Hugo Bini<\/a>, pero luego de 3 carreras y debido a problemas econ\u00f3micos, debi\u00f3 cambiar el auto y confi\u00f3 la preparaci\u00f3n de un nuevo Sierra al equipo de su padre: Manuel Antonio Silva. Este se convirti\u00f3 en el primer coche de una categor\u00eda nacional preparado \u00edntegramente en el Nordeste Argentino.<\/span><\/p>\n<p><span style=\"color: #000000;\">En 1995, fue nuevamente convocado por\u00a0<a class=\"new\" style=\"color: #000000;\" title=\"Hugo Bini (a\u00fan no redactado)\" href=\"https:\/\/es.wikipedia.org\/w\/index.php?title=Hugo_Bini&amp;action=edit&amp;redlink=1\">Hugo Bini<\/a>\u00a0para conducir el Sierra que dejara\u00a0<a style=\"color: #000000;\" title=\"Ren\u00e9 Zanatta\" href=\"https:\/\/es.wikipedia.org\/wiki\/Ren%C3%A9_Zanatta\">Ren\u00e9 Zanatta<\/a>\u00a0y con el que peleara el campeonato anterior. Este equipo se desmembr\u00f3 a mitad de a\u00f1o, cuando Zanatta fich\u00f3 para\u00a0<a style=\"color: #000000;\" title=\"Fiat\" href=\"https:\/\/es.wikipedia.org\/wiki\/Fiat\">Fiat<\/a>\u00a0y Silva fue convocado por\u00a0<a style=\"color: #000000;\" title=\"Guillermo Maldonado\" href=\"https:\/\/es.wikipedia.org\/wiki\/Guillermo_Maldonado\">Guillermo Maldonado<\/a>\u00a0para conducir un tercer\u00a0<a style=\"color: #000000;\" title=\"Volkswagen Pointer\" href=\"https:\/\/es.wikipedia.org\/wiki\/Volkswagen_Pointer\">Volkswagen Pointer<\/a>\u00a0de su equipo particular, el del Strano Competici\u00f3n pero con motores de Guillermo Fausto Maldonado. Corri\u00f3 unas pocas carreras, ya que ese mismo a\u00f1o debut\u00f3 de manera internacional al presentarse en la\u00a0<a style=\"color: #000000;\" title=\"F\u00f3rmula 3 Sudamericana\" href=\"https:\/\/es.wikipedia.org\/wiki\/F%C3%B3rmula_3_Sudamericana\">F\u00f3rmula 3 Sudamericana<\/a>, al volante de un\u00a0<a style=\"color: #000000;\" title=\"TOM'S\" href=\"https:\/\/es.wikipedia.org\/wiki\/TOM%27S\">TOM&#8217;S<\/a>-Toyota. Su desempe\u00f1o en la misma, lo anim\u00f3 a presentarse un a\u00f1o m\u00e1s.<\/span><\/p>\n<p><span style=\"color: #000000;\">Luego de esta incursi\u00f3n, su carrera deportiva traspas\u00f3 las fronteras cuando en 1997, particip\u00f3 del Campeonato Nacional de Turismos de Jap\u00f3n al volante de un\u00a0<a class=\"new\" style=\"color: #000000;\" title=\"Toyota Chaser (a\u00fan no redactado)\" href=\"https:\/\/es.wikipedia.org\/w\/index.php?title=Toyota_Chaser&amp;action=edit&amp;redlink=1\">Toyota Chaser<\/a>, un coche de la marca que motorizaba su monoplaza de\u00a0<a style=\"color: #000000;\" title=\"F\u00f3rmula 3\" href=\"https:\/\/es.wikipedia.org\/wiki\/F%C3%B3rmula_3\">F\u00f3rmula 3<\/a>.<\/span><\/p>\n<p><span style=\"color: #000000;\">Pero su deseo de volver a la Argentina pudo m\u00e1s, y con la experiencia adquirida en Jap\u00f3n regres\u00f3 al TC 2000 al volante de un\u00a0<a style=\"color: #000000;\" title=\"Honda Civic\" href=\"https:\/\/es.wikipedia.org\/wiki\/Honda_Civic\">Honda Civic<\/a>, en 1998. Ese fue un a\u00f1o muy especial para \u00e9l porque form\u00f3 un equipo muy competitivo con\u00a0<a style=\"color: #000000;\" title=\"Juan Mar\u00eda Traverso\" href=\"https:\/\/es.wikipedia.org\/wiki\/Juan_Mar%C3%ADa_Traverso\">Juan Mar\u00eda Traverso<\/a>\u00a0y\u00a0<a style=\"color: #000000;\" title=\"Omar Mart\u00ednez\" href=\"https:\/\/es.wikipedia.org\/wiki\/Omar_Mart%C3%ADnez\">Omar Mart\u00ednez<\/a>\u00a0como compa\u00f1eros, adem\u00e1s de obtener su primera victoria a nivel Nacional. Su actuaci\u00f3n en TC 2000, le abri\u00f3 las puertas a la posibilidad de correr en la m\u00e1xima categor\u00eda del pa\u00eds: El\u00a0<a style=\"color: #000000;\" title=\"Turismo Carretera\" href=\"https:\/\/es.wikipedia.org\/wiki\/Turismo_Carretera\">Turismo Carretera<\/a>.<\/span><\/p>\n<p><span style=\"color: #000000;\">Debut\u00f3 en 1998 en el Turismo Carretera, con una particularidad que pocos lograron: Gan\u00f3 la carrera final el mismo d\u00eda de su debut. A partir de ese entonces, Silva se mantendr\u00eda fiel a dos marcas:\u00a0<a style=\"color: #000000;\" title=\"Historia de Honda en los deportes de motor\" href=\"https:\/\/es.wikipedia.org\/wiki\/Historia_de_Honda_en_los_deportes_de_motor\">Honda<\/a>\u00a0en TC 2000 y\u00a0<a class=\"mw-redirect\" style=\"color: #000000;\" title=\"Ford\" href=\"https:\/\/es.wikipedia.org\/wiki\/Ford\">Ford<\/a>\u00a0en TC.<\/span><\/p>\n<p><span style=\"color: #000000;\">Su primer campeonato a nivel nacional lleg\u00f3 en 1999, cuando a bordo de su Civic, derrot\u00f3 a su compa\u00f1ero de equipo\u00a0<a style=\"color: #000000;\" title=\"Omar Mart\u00ednez\" href=\"https:\/\/es.wikipedia.org\/wiki\/Omar_Mart%C3%ADnez\">Omar Mart\u00ednez<\/a>\u00a0y a\u00a0<a style=\"color: #000000;\" title=\"Walter Hern\u00e1ndez\" href=\"https:\/\/es.wikipedia.org\/wiki\/Walter_Hern%C3%A1ndez\">Walter Hern\u00e1ndez<\/a>\u00a0con su\u00a0<a style=\"color: #000000;\" title=\"Volkswagen Polo\" href=\"https:\/\/es.wikipedia.org\/wiki\/Volkswagen_Polo\">Volkswagen Polo<\/a>, para alzarse con el t\u00edtulo de Campe\u00f3n Argentino de\u00a0<a style=\"color: #000000;\" title=\"Turismo Competici\u00f3n 2000\" href=\"https:\/\/es.wikipedia.org\/wiki\/Turismo_Competici%C3%B3n_2000\">TC 2000<\/a>. Pero lo que realmente lo termin\u00f3 de poner en la galer\u00eda de los pilotos m\u00e1s grandes, fue el haber obtenido el t\u00edtulo de Campe\u00f3n Argentino de\u00a0<a style=\"color: #000000;\" title=\"Turismo Carretera\" href=\"https:\/\/es.wikipedia.org\/wiki\/Turismo_Carretera\">Turismo Carretera<\/a>\u00a0en 2005. Este t\u00edtulo, lo obtuvo a bordo de su\u00a0<a style=\"color: #000000;\" title=\"Ford Falcon (Argentina)\" href=\"https:\/\/es.wikipedia.org\/wiki\/Ford_Falcon_(Argentina)\">Ford Falcon<\/a>, el mismo con el que en 2003 ganara la carrera n\u00famero 1000 del\u00a0<a style=\"color: #000000;\" title=\"Turismo Carretera\" href=\"https:\/\/es.wikipedia.org\/wiki\/Turismo_Carretera\">Turismo Carretera<\/a>.<\/span><\/p>\n<p><span style=\"color: #000000;\">Piloto temperamental a la hora de manejar, se destaca tambi\u00e9n por su picard\u00eda, saber conservar su coche en buen estado para atacar en las \u00faltimas vueltas y buen genio para con la gente. Esta cualidad, le posibilit\u00f3 la llegada a la televisi\u00f3n, donde actualmente se desempe\u00f1a como panelista en el programa\u00a0<a class=\"new\" style=\"color: #000000;\" title=\"\u00daltima Vuelta (a\u00fan no redactado)\" href=\"https:\/\/es.wikipedia.org\/w\/index.php?title=%C3%9Altima_Vuelta&amp;action=edit&amp;redlink=1\">\u00daltima Vuelta<\/a>\u00a0de\u00a0<a style=\"color: #000000;\" title=\"Fox Sports\" href=\"https:\/\/es.wikipedia.org\/wiki\/Fox_Sports\">Fox Sports<\/a>, junto a\u00a0<a style=\"color: #000000;\" title=\"Emiliano Spataro\" href=\"https:\/\/es.wikipedia.org\/wiki\/Emiliano_Spataro\">Emiliano Spataro<\/a>\u00a0y\u00a0<a style=\"color: #000000;\" title=\"Norberto Fontana\" href=\"https:\/\/es.wikipedia.org\/wiki\/Norberto_Fontana\">Norberto Fontana<\/a>.<\/span><\/p>\n<p><span style=\"color: #000000;\">En 2008, Silva se vio privado de lograr su 2.\u00ba campeonato argentino de\u00a0<a style=\"color: #000000;\" title=\"Turismo Carretera\" href=\"https:\/\/es.wikipedia.org\/wiki\/Turismo_Carretera\">Turismo Carretera<\/a>, debido a la implementaci\u00f3n a mitad de a\u00f1o, de los sistemas de\u00a0<i>playoff<\/i>, por parte de las autoridades de la ACTC. Esta medida, perjudic\u00f3 severamente a Silva, ya que con su coche consigui\u00f3 desarrollar un andar abrumador, que lo dej\u00f3 con todas las posibilidades de consagrarse campe\u00f3n anticipadamente. Sin embargo, en un golpe de tim\u00f3n, la ACTC estableci\u00f3 el sistema de\u00a0<i>playoff<\/i>, a fin de \u00abgarantizar\u00bb la definici\u00f3n del campeonato en la \u00faltima fecha.<\/span><\/p>\n<figure class=\"mw-default-size\"><a class=\"mw-file-description\" href=\"https:\/\/commons.wikimedia.org\/wiki\/File:Pato_Silva_2009.jpg\"><img loading=\"lazy\" decoding=\"async\" class=\"mw-file-element\" src=\"https:\/\/upload.wikimedia.org\/wikipedia\/commons\/thumb\/6\/69\/Pato_Silva_2009.jpg\/250px-Pato_Silva_2009.jpg\" srcset=\"\/\/upload.wikimedia.org\/wikipedia\/commons\/thumb\/6\/69\/Pato_Silva_2009.jpg\/500px-Pato_Silva_2009.jpg 1.5x\" width=\"250\" height=\"188\" data-file-width=\"900\" data-file-height=\"675\" \/><\/a><figcaption><i>El Pato<\/i>\u00a0festejando una victoria en\u00a0<a title=\"Turismo Competici\u00f3n 2000\" href=\"https:\/\/es.wikipedia.org\/wiki\/Turismo_Competici%C3%B3n_2000\">TC2000<\/a>.<\/figcaption><\/figure>\n<p>Este sistema consisti\u00f3 en quitarle los puntos a los 12 pilotos que se hayan ubicado en las doce mejores plazas a cinco fechas del final. Con estos 12 pilotos y con las 5 fechas restantes, se desarroll\u00f3 un mini-torneo, para definir al campe\u00f3n. En este caso, Silva correr\u00eda con el plus de ventaja de arrancar con 7 puntos, por haber sido el puntero hasta esa fecha. Los dem\u00e1s deb\u00edan arrancar de cero. Adem\u00e1s, para indemnizar el perjuicio, Silva fue \u00abrecompensado\u00bb con 300.000 pesos, los cuales ser\u00edan la suma ganada por el campe\u00f3n de la categor\u00eda, en concepto de premios. Sin embargo, esto no fue suficiente para remediar un da\u00f1o que ya estaba hecho. En las primeras tres carreras el rendimiento del coche de Silva cay\u00f3, y a pesar de haber ganado la cuarta y de haber subido al podio en la \u00faltima, no logr\u00f3 alcanzar el objetivo de recuperar el campeonato, que le fue arrebatado en los escritorios. Al mismo tiempo, Silva comenzaba una campa\u00f1a medi\u00e1tica denunciando un supuesto favoritismo de parte del equipo hacia su compa\u00f1ero y rival de campeonato\u00a0<a title=\"Guillermo Ortelli\" href=\"https:\/\/es.wikipedia.org\/wiki\/Guillermo_Ortelli\">Guillermo Ortelli<\/a>, quien se terminar\u00eda consagrando. Con estos condimentos, sumado al recorte participativo impuesto por ACTC a los equipos y el acuerdo firmado entre\u00a0<a title=\"Chevrolet\" href=\"https:\/\/es.wikipedia.org\/wiki\/Chevrolet\">Chevrolet<\/a>\u00a0y el\u00a0<a class=\"mw-redirect\" title=\"JP Racing\" href=\"https:\/\/es.wikipedia.org\/wiki\/JP_Racing\">JP Racing<\/a>, Silva se retirar\u00eda del JP, armando una nueva estructura de TC para el equipo\u00a0<a class=\"mw-redirect\" title=\"RV Racing Sports\" href=\"https:\/\/es.wikipedia.org\/wiki\/RV_Racing_Sports\">RV Racing Sports<\/a>.<\/p>\n<p>En 2009, mientras militaba dentro del equipo Petrobras de TC 2000, Silva fue protagonista de una nueva interna dentro de un equipo, al tener un particular enfrentamiento con su ocasional compa\u00f1ero de equipo\u00a0<a title=\"Jos\u00e9 Mar\u00eda L\u00f3pez\" href=\"https:\/\/es.wikipedia.org\/wiki\/Jos%C3%A9_Mar%C3%ADa_L%C3%B3pez\">Jos\u00e9 Mar\u00eda L\u00f3pez<\/a>, hecho que se diera en el marco de otra definici\u00f3n de campeonato y que desembocar\u00eda en el campeonato de L\u00f3pez y el alejamiento de Silva de la escuder\u00eda que defend\u00eda los colores de Honda, tras 12 a\u00f1os de representaci\u00f3n de dicha marca. Su carrera deportiva continu\u00f3 en 2010 en las filas del equipo Renault Lo Jack Team, donde el chaque\u00f1o tuvo un paup\u00e9rrimo desempe\u00f1o. Al mismo tiempo, dentro del\u00a0<a title=\"Turismo Carretera\" href=\"https:\/\/es.wikipedia.org\/wiki\/Turismo_Carretera\">Turismo Carretera<\/a>\u00a0y tras los bajos resultados del\u00a0<a class=\"mw-redirect\" title=\"RV Competici\u00f3n\" href=\"https:\/\/es.wikipedia.org\/wiki\/RV_Competici%C3%B3n\">RV Competici\u00f3n<\/a>, Silva fue convocado por el equipo\u00a0<a title=\"HAZ Racing Team\" href=\"https:\/\/es.wikipedia.org\/wiki\/HAZ_Racing_Team\">HAZ Racing Team<\/a>, con el cual terminar\u00eda cerrando el a\u00f1o y prolongar\u00eda su v\u00ednculo al a\u00f1o siguiente. Este a\u00f1o, tambi\u00e9n se decidir\u00eda por abandonar el\u00a0<a class=\"mw-redirect\" title=\"TRV6\" href=\"https:\/\/es.wikipedia.org\/wiki\/TRV6\">TRV6<\/a>, donde compet\u00eda con un\u00a0<a class=\"mw-redirect\" title=\"Ford Mondeo II\" href=\"https:\/\/es.wikipedia.org\/wiki\/Ford_Mondeo_II\">Ford Mondeo II<\/a>\u00a0del RV Competici\u00f3n, con el cual se quedar\u00eda con el subcampeonato del a\u00f1o 2009.<\/p>\n<p>El a\u00f1o 2011 terminar\u00eda siendo un a\u00f1o ambivalente para el piloto chaque\u00f1o, ya que hab\u00eda comenzado el a\u00f1o con el HAZ en el TC y su v\u00ednculo se hab\u00eda extendido al TC 2000, donde la escuder\u00eda pose\u00eda la representaci\u00f3n oficial de Ford Argentina. El comienzo de a\u00f1o hab\u00eda sido prometedor para \u00e9l y su escuder\u00eda, con la obtenci\u00f3n del triunfo en\u00a0<a title=\"General Roca (R\u00edo Negro)\" href=\"https:\/\/es.wikipedia.org\/wiki\/General_Roca_(R%C3%ADo_Negro)\">General Roca<\/a>. Sin embargo, con el correr del tiempo el rendimiento de su\u00a0<a class=\"mw-redirect\" title=\"Ford Focus II\" href=\"https:\/\/es.wikipedia.org\/wiki\/Ford_Focus_II\">Ford Focus II<\/a>\u00a0fue decayendo, perdiendo chances de luchar por el campeonato. Este a\u00f1o, Silva retornar\u00eda al TRV6, luego de su retiro en 2010 corriendo en un\u00a0<a title=\"Mercedes-Benz Clase C\" href=\"https:\/\/es.wikipedia.org\/wiki\/Mercedes-Benz_Clase_C\">Mercedes-Benz Clase C<\/a>. Pero lamentablemente, la tragedia tambi\u00e9n se hizo presente en la vida de Silva, ya que en menos de un mes sufrir\u00eda las muertes de su padre Manuel Antonio, de C\u00e9sar Filippa (mec\u00e1nico del HAZ que perdiera la vida de manera tr\u00e1gica) y de su compa\u00f1ero de equipo en el TC\u00a0<a title=\"Guido Falaschi\" href=\"https:\/\/es.wikipedia.org\/wiki\/Guido_Falaschi\">Guido Falaschi<\/a>, quien muri\u00f3 en un terrible accidente en el circuito de\u00a0<a class=\"mw-redirect\" title=\"Balcarce (Buenos Aires)\" href=\"https:\/\/es.wikipedia.org\/wiki\/Balcarce_(Buenos_Aires)\">Balcarce<\/a>. Por todas estas situaciones, Silva terminar\u00eda tomando una decisi\u00f3n terminal, al anunciar su retiro del TC una vez finalizado el torneo de 2011.<\/p>\n<figure class=\"mw-halign-left\"><a class=\"mw-file-description\" href=\"https:\/\/commons.wikimedia.org\/wiki\/File:2011_Dakar_Rally_Juan_Manuel_Pato_Silva_Tucuman.JPG\"><img loading=\"lazy\" decoding=\"async\" class=\"mw-file-element\" src=\"https:\/\/upload.wikimedia.org\/wikipedia\/commons\/thumb\/1\/11\/2011_Dakar_Rally_Juan_Manuel_Pato_Silva_Tucuman.JPG\/330px-2011_Dakar_Rally_Juan_Manuel_Pato_Silva_Tucuman.JPG\" srcset=\"\/\/upload.wikimedia.org\/wikipedia\/commons\/thumb\/1\/11\/2011_Dakar_Rally_Juan_Manuel_Pato_Silva_Tucuman.JPG\/500px-2011_Dakar_Rally_Juan_Manuel_Pato_Silva_Tucuman.JPG 1.5x, \/\/upload.wikimedia.org\/wikipedia\/commons\/thumb\/1\/11\/2011_Dakar_Rally_Juan_Manuel_Pato_Silva_Tucuman.JPG\/960px-2011_Dakar_Rally_Juan_Manuel_Pato_Silva_Tucuman.JPG 2x\" alt=\"\" width=\"260\" height=\"155\" data-file-width=\"3140\" data-file-height=\"1870\" \/><\/a><figcaption><strong>Juan Manuel Silva en el\u00a0<a title=\"Rally Dakar de 2011\" href=\"https:\/\/es.wikipedia.org\/wiki\/Rally_Dakar_de_2011\">Rally Dakar 2011<\/a>.<\/strong><\/figcaption><\/figure>\n<p>Finalmente, tras haber anunciado su retiro del TC, Silva terminar\u00eda dando marcha atr\u00e1s en su decisi\u00f3n tras hab\u00e9rsele sido ofertada la posibilidad de permanecer en la categor\u00eda, integrando el nuevo equipo armado por el retirado piloto\u00a0<a class=\"mw-redirect\" title=\"Julio C\u00e9sar Catal\u00e1n Magni\" href=\"https:\/\/es.wikipedia.org\/wiki\/Julio_C%C3%A9sar_Catal%C3%A1n_Magni\">Julio C\u00e9sar Catal\u00e1n Magni<\/a>, quien hab\u00eda dejado la actividad tras haber sido electo Diputado Nacional por Tierra del Fuego. En ese contexto, Silva volver\u00eda a subirse a su Ford Falcon, en esta oportunidad bajo la atenci\u00f3n de Rodolfo Di Meglio en chasis y Marcelo Esteban en motores. En 2012, Silva nuevamente tomar\u00eda partido en el\u00a0<a title=\"Rally Dakar\" href=\"https:\/\/es.wikipedia.org\/wiki\/Rally_Dakar\">Rally Dakar<\/a>\u00a0que uniera los pa\u00edses de\u00a0<a title=\"Argentina\" href=\"https:\/\/es.wikipedia.org\/wiki\/Argentina\">Argentina<\/a>,\u00a0<a title=\"Chile\" href=\"https:\/\/es.wikipedia.org\/wiki\/Chile\">Chile<\/a>\u00a0y\u00a0<a title=\"Per\u00fa\" href=\"https:\/\/es.wikipedia.org\/wiki\/Per%C3%BA\">Per\u00fa<\/a>, compitiendo en esta ocasi\u00f3n a bordo de una camioneta\u00a0<a title=\"Volkswagen Amarok\" href=\"https:\/\/es.wikipedia.org\/wiki\/Volkswagen_Amarok\">Volkswagen Amarok<\/a>.<\/p>\n<p>A pesar de su confirmada continuidad en el TC, Silva manifestar\u00eda su intenci\u00f3n de descartar la idea de hacer dos categor\u00edas por a\u00f1o, pero desechando su continuidad en\u00a0<a title=\"Turismo Competici\u00f3n 2000\" href=\"https:\/\/es.wikipedia.org\/wiki\/Turismo_Competici%C3%B3n_2000\">TC 2000<\/a>, donde al mismo tiempo su equipo el\u00a0<a title=\"HAZ Racing Team\" href=\"https:\/\/es.wikipedia.org\/wiki\/HAZ_Racing_Team\">HAZ Racing Team<\/a>\u00a0anunci\u00f3 el recambio de su denominaci\u00f3n, a la vez de confirmarse el sorpresivo retiro del apoyo oficial a la escuder\u00eda por parte de la marca\u00a0<a class=\"mw-redirect\" title=\"Ford\" href=\"https:\/\/es.wikipedia.org\/wiki\/Ford\">Ford<\/a>. En este a\u00f1o tambi\u00e9n, Silva recibir\u00eda una invitaci\u00f3n por parte del piloto Jos\u00e9 Manuel Balbiani para participar de la tradicional competencia de las\u00a0<a title=\"24 Horas de N\u00fcrburgring\" href=\"https:\/\/es.wikipedia.org\/wiki\/24_Horas_de_N%C3%BCrburgring\">24 Horas de N\u00fcrburgring<\/a>, tripulando una unidad\u00a0<a title=\"Aston Martin Vantage\" href=\"https:\/\/es.wikipedia.org\/wiki\/Aston_Martin_Vantage\">Aston Martin Vantage<\/a>, formando parte del equipo representativo de\u00a0<a title=\"Argentina\" href=\"https:\/\/es.wikipedia.org\/wiki\/Argentina\">Argentina<\/a>, junto a los pilotos Alejandro Chawhan y Sebasti\u00e1n Mart\u00ednez,<sup id=\"cite_ref-4\" class=\"mw-references reference separada\"><a href=\"https:\/\/es.wikipedia.org\/wiki\/Juan_Manuel_Silva#cite_note-4\"><span class=\"cite-bracket\">[<\/span>4<span class=\"cite-bracket\">]<\/span><\/a><\/sup>\u200b debiendo cumplir previamente con el requisito de competir en por lo menos una carrera del\u00a0<a class=\"mw-redirect\" title=\"Campeonato de N\u00fcrburgring de Resistencia de la VLN\" href=\"https:\/\/es.wikipedia.org\/wiki\/Campeonato_de_N%C3%BCrburgring_de_Resistencia_de_la_VLN\">Campeonato de N\u00fcrburgring de Resistencia de la VLN<\/a>, compitiendo junto a Balbiani a bordo de la unidad antes mencionada.<\/p>\n<figure><a class=\"mw-file-description\" href=\"https:\/\/commons.wikimedia.org\/wiki\/File:Juan_Manuel_Silva_2015.jpg\"><img loading=\"lazy\" decoding=\"async\" class=\"mw-file-element\" src=\"https:\/\/upload.wikimedia.org\/wikipedia\/commons\/thumb\/d\/df\/Juan_Manuel_Silva_2015.jpg\/250px-Juan_Manuel_Silva_2015.jpg\" srcset=\"\/\/upload.wikimedia.org\/wikipedia\/commons\/thumb\/d\/df\/Juan_Manuel_Silva_2015.jpg\/500px-Juan_Manuel_Silva_2015.jpg 1.5x\" width=\"240\" height=\"170\" data-file-width=\"3405\" data-file-height=\"2408\" \/><\/a><figcaption><strong><span style=\"color: #000000;\">Juan Manuel Silva en la\u00a0<a style=\"color: #000000;\" title=\"Anexo:Temporada 2015 de Turismo Carretera\" href=\"https:\/\/es.wikipedia.org\/wiki\/Anexo:Temporada_2015_de_Turismo_Carretera\">temporada 2015 del TC<\/a>.<\/span><\/strong><\/figcaption><\/figure>\n<p>La actividad de Silva en el automovilismo no se detuvo, teniendo en los a\u00f1os 2013 y 2014 participaciones en las categor\u00edas de pista Turismo Carretera y Top Race, como as\u00ed tambi\u00e9n concretando nuevas participaciones en las ediciones del\u00a0<a title=\"Rally Dakar\" href=\"https:\/\/es.wikipedia.org\/wiki\/Rally_Dakar\">Rally Dakar<\/a>\u00a0sudamericano, corrido en esos a\u00f1os y adoptando m\u00e1s experiencia en este nuevo tipo de terrenos. Su experiencia en los Dakar, lo llevar\u00eda a marcar un nuevo hito en su carrera deportiva al sumarse al Campeonato Argentino de Rally Cross Country (CARCC) en 2014, consiguiendo en su a\u00f1o de debut el campeonato de la divisional de autom\u00f3viles, al consagrarse campe\u00f3n de la divisi\u00f3n \u00abCoches T1 Nafta del CARCC\u00bb al comando de una unidad\u00a0<a class=\"mw-redirect\" title=\"Mercedes-Benz Clase ML\" href=\"https:\/\/es.wikipedia.org\/wiki\/Mercedes-Benz_Clase_ML\">Mercedes-Benz Clase ML<\/a>\u00a0denominada \u00abPrototipo Colcar RT\u00bb, mismo veh\u00edculo que utilizara en el Dakar de ese a\u00f1o. La consagraci\u00f3n lleg\u00f3 el 19 de octubre de 2014 luego de la prueba del Rally de Comahue, donde Silva inscribir\u00eda su nombre junto a los de\u00a0<a class=\"new\" title=\"Javier Pizzolito (a\u00fan no redactado)\" href=\"https:\/\/es.wikipedia.org\/w\/index.php?title=Javier_Pizzolito&amp;action=edit&amp;redlink=1\">Javier Pizzolito<\/a>\u00a0en motocicletas, Lucas Bonetto en Quads 4&#215;2, Daniel Mazzuco en Quads 4&#215;4, Omar G\u00e1ndara en Coches T1 Di\u00e9sel y Sebasti\u00e1n Guayasam\u00edn en Coches T2.<sup id=\"cite_ref-5\" class=\"mw-references reference separada\"><a href=\"https:\/\/es.wikipedia.org\/wiki\/Juan_Manuel_Silva#cite_note-5\"><span class=\"cite-bracket\">[<\/span>5<span class=\"cite-bracket\">]<\/span><\/a><\/sup>\u200b<\/p>\n<div class=\"mw-heading mw-heading3\">\n<h3 id=\"Actualidad\">Actualidad<\/h3>\n<\/div>\n<p>En diciembre de 2020 anunci\u00f3 su baja del\u00a0<a title=\"Turismo Carretera\" href=\"https:\/\/es.wikipedia.org\/wiki\/Turismo_Carretera\">Turismo Carretera<\/a>, afirmando que continuar\u00eda compitiendo en el\u00a0<a title=\"S\u00faper TC2000\" href=\"https:\/\/es.wikipedia.org\/wiki\/S%C3%BAper_TC2000\">S\u00faper TC2000<\/a>\u00a0y que m\u00e1s adelante volver\u00eda al campeonato para su retirada definitiva.<sup id=\"cite_ref-6\" class=\"mw-references reference separada\"><a href=\"https:\/\/es.wikipedia.org\/wiki\/Juan_Manuel_Silva#cite_note-6\"><span class=\"cite-bracket\">[<\/span>6<span class=\"cite-bracket\">]<\/span><\/a><\/sup>\u200b<\/p>\n<div class=\"mw-heading mw-heading2\">\n<h2 id=\"Resumen_de_carrera\">Resumen de carrera<\/h2>\n<\/div>\n<table class=\"wikitable\">\n<tbody>\n<tr>\n<th>Temporada<\/th>\n<th>Categor\u00eda<\/th>\n<th>Equipo<\/th>\n<th>Carreras<\/th>\n<th>Victorias<\/th>\n<th><abbr title=\"Pole positions\"><i>Poles<\/i><\/abbr><\/th>\n<th><abbr title=\"Vueltas r\u00e1pidas\">\u00a0VR\u00a0<\/abbr><\/th>\n<th>Podios<\/th>\n<th>Puntos<\/th>\n<th><abbr title=\"Posici\u00f3n\">Pos.<\/abbr><\/th>\n<\/tr>\n<tr>\n<th>1990<\/th>\n<td align=\"left\"><a class=\"mw-redirect\" title=\"F\u00f3rmula Renault Argentina\" href=\"https:\/\/es.wikipedia.org\/wiki\/F%C3%B3rmula_Renault_Argentina\">F\u00f3rmula Renault Argentina<\/a><\/td>\n<td rowspan=\"4\"><\/td>\n<td>2<\/td>\n<td>0<\/td>\n<td>0<\/td>\n<td>0<\/td>\n<td>0<\/td>\n<td>&#8211;<\/td>\n<td>NC<\/td>\n<\/tr>\n<tr>\n<th>1991<\/th>\n<td align=\"left\"><a class=\"mw-redirect\" title=\"F\u00f3rmula Renault Argentina\" href=\"https:\/\/es.wikipedia.org\/wiki\/F%C3%B3rmula_Renault_Argentina\">F\u00f3rmula Renault Argentina<\/a><\/td>\n<td>s\/d<\/td>\n<td>s\/d<\/td>\n<td>s\/d<\/td>\n<td>s\/d<\/td>\n<td>s\/d<\/td>\n<td>10<\/td>\n<td>20.\u00ba<\/td>\n<\/tr>\n<tr>\n<th>1992<\/th>\n<td align=\"left\"><a class=\"mw-redirect\" title=\"F\u00f3rmula Renault Argentina\" href=\"https:\/\/es.wikipedia.org\/wiki\/F%C3%B3rmula_Renault_Argentina\">F\u00f3rmula Renault Argentina<\/a><\/td>\n<td>14<\/td>\n<td>0<\/td>\n<td>0<\/td>\n<td>0<\/td>\n<td>1<\/td>\n<td>30<\/td>\n<td>11.\u00ba<\/td>\n<\/tr>\n<tr>\n<th>1993<\/th>\n<td align=\"left\"><a class=\"mw-redirect\" title=\"F\u00f3rmula Renault Argentina\" href=\"https:\/\/es.wikipedia.org\/wiki\/F%C3%B3rmula_Renault_Argentina\">F\u00f3rmula Renault Argentina<\/a><\/td>\n<td>14<\/td>\n<td>6<\/td>\n<td>5<\/td>\n<td>2<\/td>\n<td>10<\/td>\n<td>186<\/td>\n<td><b>1.\u00ba<\/b><\/td>\n<\/tr>\n<tr>\n<th>1994<\/th>\n<td align=\"left\"><a class=\"mw-redirect\" title=\"Temporada 1994 de Turismo Competici\u00f3n 2000\" href=\"https:\/\/es.wikipedia.org\/wiki\/Temporada_1994_de_Turismo_Competici%C3%B3n_2000\">Turismo Competici\u00f3n 2000<\/a><\/td>\n<td align=\"left\"><a class=\"mw-redirect\" title=\"Bessone Sport\" href=\"https:\/\/es.wikipedia.org\/wiki\/Bessone_Sport\">Bessone Sport<\/a><\/td>\n<td>14<\/td>\n<td>0<\/td>\n<td>0<\/td>\n<td>0<\/td>\n<td>0<\/td>\n<td>8<\/td>\n<td>21.\u00ba<\/td>\n<\/tr>\n<tr>\n<th rowspan=\"2\">1995<\/th>\n<td align=\"left\"><a class=\"mw-redirect\" title=\"Temporada 1995 de Turismo Competici\u00f3n 2000\" href=\"https:\/\/es.wikipedia.org\/wiki\/Temporada_1995_de_Turismo_Competici%C3%B3n_2000\">Turismo Competici\u00f3n 2000<\/a><\/td>\n<td align=\"left\">Bini Competici\u00f3n<br \/>\nStrano Competici\u00f3n<\/td>\n<td>8<\/td>\n<td>0<\/td>\n<td>0<\/td>\n<td>0<\/td>\n<td>0<\/td>\n<td>15<\/td>\n<td>17.\u00ba<\/td>\n<\/tr>\n<tr>\n<td align=\"left\"><a title=\"Anexo:Temporada 1995 de F\u00f3rmula 3 Sudamericana\" href=\"https:\/\/es.wikipedia.org\/wiki\/Anexo:Temporada_1995_de_F%C3%B3rmula_3_Sudamericana\">F\u00f3rmula 3 Sudamericana<\/a><\/td>\n<td align=\"left\"><a title=\"Pro Racing\" href=\"https:\/\/es.wikipedia.org\/wiki\/Pro_Racing\">Pro Racing<\/a><\/td>\n<td>12<\/td>\n<td>0<\/td>\n<td>0<\/td>\n<td>0<\/td>\n<td>1<\/td>\n<td>11<\/td>\n<td>9.\u00ba<\/td>\n<\/tr>\n<tr>\n<th>1996<\/th>\n<td align=\"left\"><a title=\"F\u00f3rmula 3 Sudamericana\" href=\"https:\/\/es.wikipedia.org\/wiki\/F%C3%B3rmula_3_Sudamericana\">F\u00f3rmula 3 Sudamericana<\/a><\/td>\n<td align=\"left\"><a title=\"Pro Racing\" href=\"https:\/\/es.wikipedia.org\/wiki\/Pro_Racing\">Pro Racing<\/a><\/td>\n<td>11<\/td>\n<td>1<\/td>\n<td>1<\/td>\n<td>1<\/td>\n<td>3<\/td>\n<td>77<\/td>\n<td>6.\u00ba<\/td>\n<\/tr>\n<tr>\n<th rowspan=\"2\">1997<\/th>\n<td align=\"left\"><a title=\"Campeonato Japon\u00e9s de Turismos\" href=\"https:\/\/es.wikipedia.org\/wiki\/Campeonato_Japon%C3%A9s_de_Turismos\">Campeonato Japon\u00e9s de Turismos<\/a><\/td>\n<td align=\"left\">Toyota Team Cerumo<\/td>\n<td>14<\/td>\n<td>0<\/td>\n<td>0<\/td>\n<td>0<\/td>\n<td>1<\/td>\n<td>31<\/td>\n<td>11.\u00ba<\/td>\n<\/tr>\n<tr>\n<td align=\"left\"><a title=\"F\u00f3rmula 3 Sudamericana\" href=\"https:\/\/es.wikipedia.org\/wiki\/F%C3%B3rmula_3_Sudamericana\">F\u00f3rmula 3 Sudamericana<\/a><\/td>\n<td align=\"left\"><a title=\"Pro Racing\" href=\"https:\/\/es.wikipedia.org\/wiki\/Pro_Racing\">Pro Racing<\/a><\/td>\n<td>3<\/td>\n<td>0<\/td>\n<td>0<\/td>\n<td>0<\/td>\n<td>0<\/td>\n<td>8<\/td>\n<td>16.\u00ba<\/td>\n<\/tr>\n<tr>\n<th rowspan=\"2\">1998<\/th>\n<td align=\"left\"><a title=\"Anexo:Temporada 1998 de Turismo Carretera\" href=\"https:\/\/es.wikipedia.org\/wiki\/Anexo:Temporada_1998_de_Turismo_Carretera\">Turismo Carretera<\/a><\/td>\n<td align=\"left\">Giambrone Competici\u00f3n<\/td>\n<td>6<\/td>\n<td>1<\/td>\n<td>0<\/td>\n<td>0<\/td>\n<td>1<\/td>\n<td>51<\/td>\n<td>24.\u00ba<\/td>\n<\/tr>\n<tr>\n<td align=\"left\"><a class=\"mw-redirect\" title=\"Temporada 1998 de Turismo Competici\u00f3n 2000\" href=\"https:\/\/es.wikipedia.org\/wiki\/Temporada_1998_de_Turismo_Competici%C3%B3n_2000\">Turismo Competici\u00f3n 2000<\/a><\/td>\n<td align=\"left\"><a title=\"Pro Racing\" href=\"https:\/\/es.wikipedia.org\/wiki\/Pro_Racing\">Honda Team Pro Racing<\/a><\/td>\n<td>23<\/td>\n<td>2<\/td>\n<td>5<\/td>\n<td>1<\/td>\n<td>8<\/td>\n<td>182<\/td>\n<td>6.\u00ba<\/td>\n<\/tr>\n<tr>\n<th rowspan=\"2\">1999<\/th>\n<td align=\"left\"><a title=\"Anexo:Temporada 1999 de Turismo Carretera\" href=\"https:\/\/es.wikipedia.org\/wiki\/Anexo:Temporada_1999_de_Turismo_Carretera\">Turismo Carretera<\/a><\/td>\n<td align=\"left\"><a class=\"mw-redirect\" title=\"Alifraco Sport\" href=\"https:\/\/es.wikipedia.org\/wiki\/Alifraco_Sport\">Alifraco Sport<\/a><\/td>\n<td>11<\/td>\n<td>0<\/td>\n<td>0<\/td>\n<td>0<\/td>\n<td>1<\/td>\n<td>68,5<\/td>\n<td>22.\u00ba<\/td>\n<\/tr>\n<tr>\n<td align=\"left\"><a class=\"mw-redirect\" title=\"Temporada 1999 de Turismo Competici\u00f3n 2000\" href=\"https:\/\/es.wikipedia.org\/wiki\/Temporada_1999_de_Turismo_Competici%C3%B3n_2000\">Turismo Competici\u00f3n 2000<\/a><\/td>\n<td align=\"left\"><a title=\"Pro Racing\" href=\"https:\/\/es.wikipedia.org\/wiki\/Pro_Racing\">Honda Team Pro Racing<\/a><\/td>\n<td>28<\/td>\n<td>6<\/td>\n<td>8<\/td>\n<td>3<\/td>\n<td>14<\/td>\n<td>295<\/td>\n<td><b>1.\u00ba<\/b><\/td>\n<\/tr>\n<tr>\n<th rowspan=\"2\">2000<\/th>\n<td align=\"left\"><a title=\"Anexo:Temporada 2000 de Turismo Carretera\" href=\"https:\/\/es.wikipedia.org\/wiki\/Anexo:Temporada_2000_de_Turismo_Carretera\">Turismo Carretera<\/a><\/td>\n<td align=\"left\"><a class=\"mw-redirect\" title=\"Alifraco Sport\" href=\"https:\/\/es.wikipedia.org\/wiki\/Alifraco_Sport\">Alifraco Sport<\/a><\/td>\n<td>16<\/td>\n<td>0<\/td>\n<td>0<\/td>\n<td>1<\/td>\n<td>2<\/td>\n<td>115<\/td>\n<td>12.\u00ba<\/td>\n<\/tr>\n<tr>\n<td align=\"left\"><a class=\"mw-redirect\" title=\"Temporada 2000 de Turismo Competici\u00f3n 2000\" href=\"https:\/\/es.wikipedia.org\/wiki\/Temporada_2000_de_Turismo_Competici%C3%B3n_2000\">Turismo Competici\u00f3n 2000<\/a><\/td>\n<td align=\"left\"><a title=\"Pro Racing\" href=\"https:\/\/es.wikipedia.org\/wiki\/Pro_Racing\">Honda Team Pro Racing<\/a><\/td>\n<td>14<\/td>\n<td>1<\/td>\n<td>1<\/td>\n<td>0<\/td>\n<td>3<\/td>\n<td>87<\/td>\n<td><b>3.\u00ba<\/b><\/td>\n<\/tr>\n<tr>\n<th rowspan=\"2\">2001<\/th>\n<td align=\"left\"><a title=\"Anexo:Temporada 2001 de Turismo Carretera\" href=\"https:\/\/es.wikipedia.org\/wiki\/Anexo:Temporada_2001_de_Turismo_Carretera\">Turismo Carretera<\/a><\/td>\n<td align=\"left\"><a class=\"mw-redirect\" title=\"Alifraco Sport\" href=\"https:\/\/es.wikipedia.org\/wiki\/Alifraco_Sport\">Alifraco Sport<\/a><\/td>\n<td>1<\/td>\n<td>0<\/td>\n<td>0<\/td>\n<td>0<\/td>\n<td>0<\/td>\n<td>&#8211;<\/td>\n<td>NC<\/td>\n<\/tr>\n<tr>\n<td align=\"left\"><a class=\"mw-redirect\" title=\"Temporada 2001 de Turismo Competici\u00f3n 2000\" href=\"https:\/\/es.wikipedia.org\/wiki\/Temporada_2001_de_Turismo_Competici%C3%B3n_2000\">Turismo Competici\u00f3n 2000<\/a><\/td>\n<td align=\"left\"><a title=\"RAM Racing Factory\" href=\"https:\/\/es.wikipedia.org\/wiki\/RAM_Racing_Factory\">Honda Racing Argentina<\/a><\/td>\n<td>14<\/td>\n<td>1<\/td>\n<td>1<\/td>\n<td>0<\/td>\n<td>4<\/td>\n<td>75<\/td>\n<td>5.\u00ba<\/td>\n<\/tr>\n<tr>\n<th rowspan=\"2\">2002<\/th>\n<td align=\"left\"><a title=\"Anexo:Temporada 2002 de Turismo Carretera\" href=\"https:\/\/es.wikipedia.org\/wiki\/Anexo:Temporada_2002_de_Turismo_Carretera\">Turismo Carretera<\/a><\/td>\n<td align=\"left\"><a class=\"mw-redirect\" title=\"Alifraco Sport\" href=\"https:\/\/es.wikipedia.org\/wiki\/Alifraco_Sport\">Alifraco Sport<\/a><\/td>\n<td>16<\/td>\n<td>1<\/td>\n<td>0<\/td>\n<td>0<\/td>\n<td>4<\/td>\n<td>177<\/td>\n<td>4.\u00ba<\/td>\n<\/tr>\n<tr>\n<td align=\"left\"><a class=\"mw-redirect\" title=\"Temporada 2002 de Turismo Competici\u00f3n 2000\" href=\"https:\/\/es.wikipedia.org\/wiki\/Temporada_2002_de_Turismo_Competici%C3%B3n_2000\">Turismo Competici\u00f3n 2000<\/a><\/td>\n<td align=\"left\"><a title=\"RAM Racing Factory\" href=\"https:\/\/es.wikipedia.org\/wiki\/RAM_Racing_Factory\">Honda Racing Argentina<\/a><\/td>\n<td>14<\/td>\n<td>3<\/td>\n<td>0<\/td>\n<td>0<\/td>\n<td>4<\/td>\n<td>103<\/td>\n<td><b>3.\u00ba<\/b><\/td>\n<\/tr>\n<tr>\n<th rowspan=\"2\">2003<\/th>\n<td align=\"left\"><a title=\"Anexo:Temporada 2003 de Turismo Carretera\" href=\"https:\/\/es.wikipedia.org\/wiki\/Anexo:Temporada_2003_de_Turismo_Carretera\">Turismo Carretera<\/a><\/td>\n<td align=\"left\"><a title=\"JP Carrera\" href=\"https:\/\/es.wikipedia.org\/wiki\/JP_Carrera\">JP Racing<\/a><\/td>\n<td>16<\/td>\n<td>1<\/td>\n<td>1<\/td>\n<td>1<\/td>\n<td>4<\/td>\n<td>138<\/td>\n<td>6.\u00ba<\/td>\n<\/tr>\n<tr>\n<td align=\"left\"><a class=\"mw-redirect\" title=\"Temporada 2003 de Turismo Competici\u00f3n 2000\" href=\"https:\/\/es.wikipedia.org\/wiki\/Temporada_2003_de_Turismo_Competici%C3%B3n_2000\">Turismo Competici\u00f3n 2000<\/a><\/td>\n<td align=\"left\"><a title=\"RAM Racing Factory\" href=\"https:\/\/es.wikipedia.org\/wiki\/RAM_Racing_Factory\">Honda Racing Petrobras<\/a><\/td>\n<td>14<\/td>\n<td>1<\/td>\n<td>2<\/td>\n<td>0<\/td>\n<td>4<\/td>\n<td>92<\/td>\n<td>4.\u00ba<\/td>\n<\/tr>\n<tr>\n<th rowspan=\"3\">2004<\/th>\n<td align=\"left\"><a title=\"Anexo:Temporada 2004 de Turismo Carretera\" href=\"https:\/\/es.wikipedia.org\/wiki\/Anexo:Temporada_2004_de_Turismo_Carretera\">Turismo Carretera<\/a><\/td>\n<td align=\"left\"><a title=\"JP Carrera\" href=\"https:\/\/es.wikipedia.org\/wiki\/JP_Carrera\">JP Racing<\/a><\/td>\n<td>16<\/td>\n<td>0<\/td>\n<td>0<\/td>\n<td>0<\/td>\n<td>5<\/td>\n<td>174,5<\/td>\n<td><b>2.\u00ba<\/b><\/td>\n<\/tr>\n<tr>\n<td align=\"left\"><a class=\"mw-redirect\" title=\"Temporada 2004 de Turismo Competici\u00f3n 2000\" href=\"https:\/\/es.wikipedia.org\/wiki\/Temporada_2004_de_Turismo_Competici%C3%B3n_2000\">Turismo Competici\u00f3n 2000<\/a><\/td>\n<td align=\"left\"><a title=\"RAM Racing Factory\" href=\"https:\/\/es.wikipedia.org\/wiki\/RAM_Racing_Factory\">Honda Racing Petrobras<\/a><\/td>\n<td>14<\/td>\n<td>0<\/td>\n<td>2<\/td>\n<td>1<\/td>\n<td>4<\/td>\n<td>112<\/td>\n<td>4.\u00ba<\/td>\n<\/tr>\n<tr>\n<td align=\"left\"><a title=\"Anexo:Temporada 2004 de Top Race\" href=\"https:\/\/es.wikipedia.org\/wiki\/Anexo:Temporada_2004_de_Top_Race\">Top Race<\/a><\/td>\n<td align=\"left\">Proas Motorsport<\/td>\n<td>s\/d<\/td>\n<td>4<\/td>\n<td>2<\/td>\n<td>s\/d<\/td>\n<td>s\/d<\/td>\n<td>201<\/td>\n<td><b>2.\u00ba<\/b><\/td>\n<\/tr>\n<tr>\n<th rowspan=\"2\">2005<\/th>\n<td align=\"left\"><a title=\"Anexo:Temporada 2005 de Turismo Carretera\" href=\"https:\/\/es.wikipedia.org\/wiki\/Anexo:Temporada_2005_de_Turismo_Carretera\">Turismo Carretera<\/a><\/td>\n<td align=\"left\"><a title=\"JP Carrera\" href=\"https:\/\/es.wikipedia.org\/wiki\/JP_Carrera\">JP Racing<\/a><\/td>\n<td>16<\/td>\n<td>2<\/td>\n<td>0<\/td>\n<td>2<\/td>\n<td>7<\/td>\n<td>231<\/td>\n<td><b>1.\u00ba<\/b><\/td>\n<\/tr>\n<tr>\n<td align=\"left\"><a class=\"mw-redirect\" title=\"Temporada 2005 de Turismo Competici\u00f3n 2000\" href=\"https:\/\/es.wikipedia.org\/wiki\/Temporada_2005_de_Turismo_Competici%C3%B3n_2000\">Turismo Competici\u00f3n 2000<\/a><\/td>\n<td align=\"left\"><a title=\"RAM Racing Factory\" href=\"https:\/\/es.wikipedia.org\/wiki\/RAM_Racing_Factory\">Honda Racing Petrobras<\/a><\/td>\n<td>14<\/td>\n<td>1<\/td>\n<td>3<\/td>\n<td>2<\/td>\n<td>2<\/td>\n<td>92<\/td>\n<td>5.\u00ba<\/td>\n<\/tr>\n<tr>\n<th rowspan=\"2\">2006<\/th>\n<td align=\"left\"><a title=\"Anexo:Temporada 2006 de Turismo Carretera\" href=\"https:\/\/es.wikipedia.org\/wiki\/Anexo:Temporada_2006_de_Turismo_Carretera\">Turismo Carretera<\/a><\/td>\n<td align=\"left\"><a title=\"JP Carrera\" href=\"https:\/\/es.wikipedia.org\/wiki\/JP_Carrera\">JP Racing<\/a><\/td>\n<td>16<\/td>\n<td>1<\/td>\n<td>2<\/td>\n<td>0<\/td>\n<td>3<\/td>\n<td>153,5<\/td>\n<td>5.\u00ba<\/td>\n<\/tr>\n<tr>\n<td align=\"left\"><a class=\"mw-redirect\" title=\"Temporada 2006 de Turismo Competici\u00f3n 2000\" href=\"https:\/\/es.wikipedia.org\/wiki\/Temporada_2006_de_Turismo_Competici%C3%B3n_2000\">Turismo Competici\u00f3n 2000<\/a><\/td>\n<td align=\"left\"><a class=\"new\" title=\"Alisi Racing (a\u00fan no redactado)\" href=\"https:\/\/es.wikipedia.org\/w\/index.php?title=Alisi_Racing&amp;action=edit&amp;redlink=1\">Honda Petrobras Lubrax<\/a><\/td>\n<td>14<\/td>\n<td>3<\/td>\n<td>3<\/td>\n<td>2<\/td>\n<td>7<\/td>\n<td>185<\/td>\n<td><b>2.\u00ba<\/b><\/td>\n<\/tr>\n<tr>\n<th rowspan=\"3\">2007<\/th>\n<td align=\"left\"><a title=\"Anexo:Temporada 2007 de Turismo Carretera\" href=\"https:\/\/es.wikipedia.org\/wiki\/Anexo:Temporada_2007_de_Turismo_Carretera\">Turismo Carretera<\/a><\/td>\n<td align=\"left\"><a title=\"JP Carrera\" href=\"https:\/\/es.wikipedia.org\/wiki\/JP_Carrera\">Firestone JP Racing<\/a><\/td>\n<td>16<\/td>\n<td>2<\/td>\n<td>0<\/td>\n<td>1<\/td>\n<td>5<\/td>\n<td>173<\/td>\n<td><b>3.\u00ba<\/b><\/td>\n<\/tr>\n<tr>\n<td align=\"left\"><a class=\"mw-redirect\" title=\"Temporada 2007 de Turismo Competici\u00f3n 2000\" href=\"https:\/\/es.wikipedia.org\/wiki\/Temporada_2007_de_Turismo_Competici%C3%B3n_2000\">Turismo Competici\u00f3n 2000<\/a><\/td>\n<td align=\"left\"><a class=\"new\" title=\"Alisi Racing (a\u00fan no redactado)\" href=\"https:\/\/es.wikipedia.org\/w\/index.php?title=Alisi_Racing&amp;action=edit&amp;redlink=1\">Honda Petrobras<\/a><\/td>\n<td>14<\/td>\n<td>1<\/td>\n<td>2<\/td>\n<td>1<\/td>\n<td>2<\/td>\n<td>92<\/td>\n<td>7.\u00ba<\/td>\n<\/tr>\n<tr>\n<td align=\"left\"><a title=\"Anexo:Temporada 2007 de Top Race\" href=\"https:\/\/es.wikipedia.org\/wiki\/Anexo:Temporada_2007_de_Top_Race\">Top Race V6<\/a><\/td>\n<td align=\"left\"><a title=\"RV Racing Sport\" href=\"https:\/\/es.wikipedia.org\/wiki\/RV_Racing_Sport\">RV Racing Sports<\/a><\/td>\n<td>1<\/td>\n<td>0<\/td>\n<td>0<\/td>\n<td>s\/d<\/td>\n<td>0<\/td>\n<td>4<\/td>\n<td>44.\u00ba<\/td>\n<\/tr>\n<tr>\n<th rowspan=\"3\">2008<\/th>\n<td align=\"left\"><a title=\"Anexo:Temporada 2008 de Turismo Carretera\" href=\"https:\/\/es.wikipedia.org\/wiki\/Anexo:Temporada_2008_de_Turismo_Carretera\">Turismo Carretera<\/a><\/td>\n<td align=\"left\"><a title=\"JP Carrera\" href=\"https:\/\/es.wikipedia.org\/wiki\/JP_Carrera\">Firestone JP Racing<\/a><\/td>\n<td>16<\/td>\n<td>2<\/td>\n<td>2<\/td>\n<td>1<\/td>\n<td>9<\/td>\n<td>268<\/td>\n<td><b>2.\u00ba<\/b><\/td>\n<\/tr>\n<tr>\n<td align=\"left\"><a class=\"mw-redirect\" title=\"Temporada 2008 de Turismo Competici\u00f3n 2000\" href=\"https:\/\/es.wikipedia.org\/wiki\/Temporada_2008_de_Turismo_Competici%C3%B3n_2000\">Turismo Competici\u00f3n 2000<\/a><\/td>\n<td align=\"left\"><a title=\"RAM Racing Factory\" href=\"https:\/\/es.wikipedia.org\/wiki\/RAM_Racing_Factory\">Honda Petrobras<\/a><\/td>\n<td>14<\/td>\n<td>0<\/td>\n<td>2<\/td>\n<td>0<\/td>\n<td>7<\/td>\n<td>153<\/td>\n<td><b>3.\u00ba<\/b><\/td>\n<\/tr>\n<tr>\n<td align=\"left\"><a title=\"Anexo:Temporada 2008 de Top Race\" href=\"https:\/\/es.wikipedia.org\/wiki\/Anexo:Temporada_2008_de_Top_Race\">Top Race V6<\/a><\/td>\n<td align=\"left\"><a title=\"RV Racing Sport\" href=\"https:\/\/es.wikipedia.org\/wiki\/RV_Racing_Sport\">RV Competici\u00f3n<\/a><\/td>\n<td>12<\/td>\n<td>2<\/td>\n<td>0<\/td>\n<td>1<\/td>\n<td>3<\/td>\n<td>191,5<\/td>\n<td><b>2.\u00ba<\/b><\/td>\n<\/tr>\n<tr>\n<th rowspan=\"4\">2009<\/th>\n<td align=\"left\"><a title=\"Anexo:Temporada 2009 de Turismo Carretera\" href=\"https:\/\/es.wikipedia.org\/wiki\/Anexo:Temporada_2009_de_Turismo_Carretera\">Turismo Carretera<\/a><\/td>\n<td align=\"left\"><a title=\"RV Racing Sport\" href=\"https:\/\/es.wikipedia.org\/wiki\/RV_Racing_Sport\">RV Racing Sport<\/a><\/td>\n<td>16<\/td>\n<td>0<\/td>\n<td>0<\/td>\n<td>1<\/td>\n<td>2<\/td>\n<td>145,75<\/td>\n<td>10.\u00ba<\/td>\n<\/tr>\n<tr>\n<td align=\"left\"><a class=\"mw-redirect\" title=\"Temporada 2009 de Turismo Competici\u00f3n 2000\" href=\"https:\/\/es.wikipedia.org\/wiki\/Temporada_2009_de_Turismo_Competici%C3%B3n_2000\">Turismo Competici\u00f3n 2000<\/a><\/td>\n<td rowspan=\"2\" align=\"left\"><a title=\"RAM Racing Factory\" href=\"https:\/\/es.wikipedia.org\/wiki\/RAM_Racing_Factory\">Equipo Petrobras<\/a><\/td>\n<td>13<\/td>\n<td>1<\/td>\n<td>0<\/td>\n<td>3<\/td>\n<td>5<\/td>\n<td>127<\/td>\n<td><b>3.\u00ba<\/b><\/td>\n<\/tr>\n<tr>\n<td align=\"left\"><a title=\"Anexo:Copa Endurance Series 2009\" href=\"https:\/\/es.wikipedia.org\/wiki\/Anexo:Copa_Endurance_Series_2009\">Turismo Competici\u00f3n 2000<br \/>\nCopa Endurance Series<\/a><\/td>\n<td>3<\/td>\n<td>0<\/td>\n<td>0<\/td>\n<td>0<\/td>\n<td>1<\/td>\n<td>27<\/td>\n<td>5.\u00ba<\/td>\n<\/tr>\n<tr>\n<td align=\"left\"><a title=\"Anexo:Temporada 2009 de Top Race\" href=\"https:\/\/es.wikipedia.org\/wiki\/Anexo:Temporada_2009_de_Top_Race\">Top Race V6<\/a><\/td>\n<td align=\"left\"><a title=\"RV Racing Sport\" href=\"https:\/\/es.wikipedia.org\/wiki\/RV_Racing_Sport\">RV Racing Sports<\/a><\/td>\n<td>14<\/td>\n<td>2<\/td>\n<td>0<\/td>\n<td>1<\/td>\n<td>7<\/td>\n<td>47<\/td>\n<td><b>2.\u00ba<\/b><\/td>\n<\/tr>\n<tr>\n<th rowspan=\"5\">2010<\/th>\n<td align=\"left\"><a title=\"Anexo:Temporada 2010 de Turismo Carretera\" href=\"https:\/\/es.wikipedia.org\/wiki\/Anexo:Temporada_2010_de_Turismo_Carretera\">Turismo Carretera<\/a><\/td>\n<td align=\"left\"><a title=\"RV Racing Sport\" href=\"https:\/\/es.wikipedia.org\/wiki\/RV_Racing_Sport\">RV Racing Sports<\/a><br \/>\n<a title=\"HAZ Racing Team\" href=\"https:\/\/es.wikipedia.org\/wiki\/HAZ_Racing_Team\">HAZ Racing Team<\/a><\/td>\n<td>16<\/td>\n<td>0<\/td>\n<td>0<\/td>\n<td>0<\/td>\n<td>0<\/td>\n<td>131,75<\/td>\n<td>14.\u00ba<\/td>\n<\/tr>\n<tr>\n<td align=\"left\"><a class=\"mw-redirect\" title=\"Temporada 2010 de Turismo Competici\u00f3n 2000\" href=\"https:\/\/es.wikipedia.org\/wiki\/Temporada_2010_de_Turismo_Competici%C3%B3n_2000\">Turismo Competici\u00f3n 2000<\/a><\/td>\n<td rowspan=\"2\" align=\"left\"><a class=\"new\" title=\"EF Racing (a\u00fan no redactado)\" href=\"https:\/\/es.wikipedia.org\/w\/index.php?title=EF_Racing&amp;action=edit&amp;redlink=1\">Renault Lo Jack Team<\/a><\/td>\n<td>13<\/td>\n<td>0<\/td>\n<td>0<\/td>\n<td>1<\/td>\n<td>1<\/td>\n<td>25<\/td>\n<td>15.\u00ba<\/td>\n<\/tr>\n<tr>\n<td align=\"left\"><a title=\"Anexo:Copa Endurance Series 2010\" href=\"https:\/\/es.wikipedia.org\/wiki\/Anexo:Copa_Endurance_Series_2010\">Turismo Competici\u00f3n 2000<br \/>\nCopa Endurance Series<\/a><\/td>\n<td>3<\/td>\n<td>0<\/td>\n<td>0<\/td>\n<td>0<\/td>\n<td>0<\/td>\n<td>13<\/td>\n<td>10.\u00ba<\/td>\n<\/tr>\n<tr>\n<td align=\"left\"><a title=\"Anexo:Copa Am\u00e9rica 2010 de Top Race\" href=\"https:\/\/es.wikipedia.org\/wiki\/Anexo:Copa_Am%C3%A9rica_2010_de_Top_Race\">Top Race V6 Copa Am\u00e9rica<\/a><\/td>\n<td align=\"left\"><a title=\"RV Racing Sport\" href=\"https:\/\/es.wikipedia.org\/wiki\/RV_Racing_Sport\">RV Racing Sports<\/a><\/td>\n<td>6<\/td>\n<td>2<\/td>\n<td>0<\/td>\n<td>1<\/td>\n<td>3<\/td>\n<td>93<\/td>\n<td>4.\u00ba<\/td>\n<\/tr>\n<tr>\n<td align=\"left\"><a title=\"Anexo:Torneo Clausura 2010 de Top Race\" href=\"https:\/\/es.wikipedia.org\/wiki\/Anexo:Torneo_Clausura_2010_de_Top_Race\">Top Race V6 Torneo Clausura<\/a><\/td>\n<td align=\"left\"><a title=\"RV Racing Sport\" href=\"https:\/\/es.wikipedia.org\/wiki\/RV_Racing_Sport\">RV Racing Sports<\/a><\/td>\n<td>3<\/td>\n<td>0<\/td>\n<td>0<\/td>\n<td>s\/d<\/td>\n<td>1<\/td>\n<td>5<\/td>\n<td>4.\u00ba<\/td>\n<\/tr>\n<tr>\n<th rowspan=\"5\">2011<\/th>\n<td align=\"left\"><a title=\"Anexo:Temporada 2011 de Turismo Carretera\" href=\"https:\/\/es.wikipedia.org\/wiki\/Anexo:Temporada_2011_de_Turismo_Carretera\">Turismo Carretera<\/a><\/td>\n<td align=\"left\"><a title=\"HAZ Racing Team\" href=\"https:\/\/es.wikipedia.org\/wiki\/HAZ_Racing_Team\">HAZ Racing Team<\/a><\/td>\n<td>14<\/td>\n<td>0<\/td>\n<td>0<\/td>\n<td>0<\/td>\n<td>1<\/td>\n<td>119,5<\/td>\n<td>16.\u00ba<\/td>\n<\/tr>\n<tr>\n<td align=\"left\"><a class=\"mw-redirect\" title=\"Temporada 2011 de Turismo Competici\u00f3n 2000\" href=\"https:\/\/es.wikipedia.org\/wiki\/Temporada_2011_de_Turismo_Competici%C3%B3n_2000\">Turismo Competici\u00f3n 2000<\/a><\/td>\n<td align=\"left\"><a title=\"HAZ Racing Team\" href=\"https:\/\/es.wikipedia.org\/wiki\/HAZ_Racing_Team\">Ford YPF<\/a><\/td>\n<td>13<\/td>\n<td>1<\/td>\n<td>0<\/td>\n<td>1<\/td>\n<td>2<\/td>\n<td>138<\/td>\n<td>6.\u00ba<\/td>\n<\/tr>\n<tr>\n<td align=\"left\"><a title=\"Rally Dakar de 2011\" href=\"https:\/\/es.wikipedia.org\/wiki\/Rally_Dakar_de_2011\">Rally Dakar &#8211; Autos<\/a><\/td>\n<td align=\"left\">ProDakar<\/td>\n<td>1<\/td>\n<td>0<\/td>\n<th><\/th>\n<th><\/th>\n<td>0<\/td>\n<th><\/th>\n<td>45.\u00ba<\/td>\n<\/tr>\n<tr>\n<td align=\"left\"><a title=\"Anexo:Temporada 2011 de Top Race\" href=\"https:\/\/es.wikipedia.org\/wiki\/Anexo:Temporada_2011_de_Top_Race\">Top Race V6<\/a><\/td>\n<td align=\"left\">AS Racing<\/td>\n<td>5<\/td>\n<td>0<\/td>\n<td>0<\/td>\n<td>0<\/td>\n<td>1<\/td>\n<td>56<\/td>\n<td>5.\u00ba<\/td>\n<\/tr>\n<tr>\n<td align=\"left\"><a class=\"mw-redirect\" title=\"Temporada 2011 de Turismo Nacional\" href=\"https:\/\/es.wikipedia.org\/wiki\/Temporada_2011_de_Turismo_Nacional\">Turismo Nacional Clase 3<\/a><\/td>\n<td align=\"left\">Vittal G Racing Car<\/td>\n<td>1<\/td>\n<td>0<\/td>\n<td>0<\/td>\n<td>0<\/td>\n<td>1<\/td>\n<td>&#8211;<\/td>\n<td>NC<\/td>\n<\/tr>\n<tr>\n<th rowspan=\"7\">2012<\/th>\n<td align=\"left\"><a title=\"Anexo:Temporada 2012 de Turismo Carretera\" href=\"https:\/\/es.wikipedia.org\/wiki\/Anexo:Temporada_2012_de_Turismo_Carretera\">Turismo Carretera<\/a><\/td>\n<td align=\"left\">Catal\u00e1n Magni Motorsport<\/td>\n<td>15<\/td>\n<td>0<\/td>\n<td>0<\/td>\n<td>0<\/td>\n<td>1<\/td>\n<td>114<\/td>\n<td>16.\u00ba<\/td>\n<\/tr>\n<tr>\n<td align=\"left\"><a title=\"24 Horas de N\u00fcrburgring\" href=\"https:\/\/es.wikipedia.org\/wiki\/24_Horas_de_N%C3%BCrburgring\">24 Horas de N\u00fcrburgring &#8211; Clase SP10<\/a><\/td>\n<td rowspan=\"3\"><\/td>\n<td>1<\/td>\n<td>0<\/td>\n<td>0<\/td>\n<td>0<\/td>\n<td>0<\/td>\n<td>&#8211;<\/td>\n<td>NC<\/td>\n<\/tr>\n<tr>\n<td align=\"left\"><a class=\"mw-redirect\" title=\"Campeonato de N\u00fcrburgring de Resistencia de la VLN\" href=\"https:\/\/es.wikipedia.org\/wiki\/Campeonato_de_N%C3%BCrburgring_de_Resistencia_de_la_VLN\">Campeonato de N\u00fcrburgring<br \/>\nde Resistencia de la VLN<\/a><\/td>\n<td>1<\/td>\n<td>0<\/td>\n<td>0<\/td>\n<td>0<\/td>\n<td>0<\/td>\n<td>6,25<\/td>\n<td>693.\u00ba<\/td>\n<\/tr>\n<tr>\n<td align=\"left\"><a class=\"mw-redirect\" title=\"Campeonato de N\u00fcrburgring de Resistencia de la VLN\" href=\"https:\/\/es.wikipedia.org\/wiki\/Campeonato_de_N%C3%BCrburgring_de_Resistencia_de_la_VLN\">Campeonato de N\u00fcrburgring<br \/>\nde Resistencia de la VLN &#8211; Clase SP10<\/a><\/td>\n<td>1<\/td>\n<td>0<\/td>\n<td>0<\/td>\n<td>0<\/td>\n<td>0<\/td>\n<th>&#8211;<\/th>\n<th>&#8211;<\/th>\n<\/tr>\n<tr>\n<td align=\"left\"><a title=\"Rally Dakar de 2012\" href=\"https:\/\/es.wikipedia.org\/wiki\/Rally_Dakar_de_2012\">Rally Dakar &#8211; Autos<\/a><\/td>\n<td align=\"left\">Legi\u00f3n Argentina SpeedAgro<\/td>\n<td>1<\/td>\n<td>0<\/td>\n<th><\/th>\n<th><\/th>\n<td>0<\/td>\n<th><\/th>\n<td>NC<\/td>\n<\/tr>\n<tr>\n<td align=\"left\"><a title=\"Anexo:Temporada 2012 de Top Race\" href=\"https:\/\/es.wikipedia.org\/wiki\/Anexo:Temporada_2012_de_Top_Race\">Top Race V6<\/a><\/td>\n<td align=\"left\"><a title=\"RV Racing Sport\" href=\"https:\/\/es.wikipedia.org\/wiki\/RV_Racing_Sport\">RV Racing Sports<\/a><\/td>\n<td>11<\/td>\n<td>2<\/td>\n<td>0<\/td>\n<td>0<\/td>\n<td>3<\/td>\n<td>55<\/td>\n<td>4.\u00ba<\/td>\n<\/tr>\n<tr>\n<td align=\"left\"><a title=\"Anexo:Torneo de pilotos invitados 2012 del TC Mouras\" href=\"https:\/\/es.wikipedia.org\/wiki\/Anexo:Torneo_de_pilotos_invitados_2012_del_TC_Mouras\">TC Mouras<br \/>\nTorneo de pilotos invitados<\/a><\/td>\n<td align=\"left\"><a class=\"mw-redirect\" title=\"Alifraco Sport\" href=\"https:\/\/es.wikipedia.org\/wiki\/Alifraco_Sport\">Alifraco Sport<\/a><\/td>\n<td>1<\/td>\n<td>0<\/td>\n<th><\/th>\n<td>0<\/td>\n<td>0<\/td>\n<td>2,25<\/td>\n<td>35.\u00ba<\/td>\n<\/tr>\n<tr>\n<th rowspan=\"3\">2013<\/th>\n<td align=\"left\"><a title=\"Anexo:Temporada 2013 de Turismo Carretera\" href=\"https:\/\/es.wikipedia.org\/wiki\/Anexo:Temporada_2013_de_Turismo_Carretera\">Turismo Carretera<\/a><\/td>\n<td align=\"left\">Catal\u00e1n Magni Motorsport<\/td>\n<td>16<\/td>\n<td>1<\/td>\n<td>0<\/td>\n<td>1<\/td>\n<td>1<\/td>\n<td>440,5<\/td>\n<td>4.\u00ba<\/td>\n<\/tr>\n<tr>\n<td align=\"left\"><a title=\"Rally Dakar de 2013\" href=\"https:\/\/es.wikipedia.org\/wiki\/Rally_Dakar_de_2013\">Rally Dakar &#8211; Autos<\/a><\/td>\n<td align=\"left\">s\/d<\/td>\n<td>1<\/td>\n<td>0<\/td>\n<th><\/th>\n<th><\/th>\n<td>0<\/td>\n<th><\/th>\n<td>NC<\/td>\n<\/tr>\n<tr>\n<td align=\"left\"><a title=\"Anexo:Temporada 2013 de Top Race\" href=\"https:\/\/es.wikipedia.org\/wiki\/Anexo:Temporada_2013_de_Top_Race\">Top Race V6<\/a><\/td>\n<td align=\"left\"><a title=\"RV Racing Sport\" href=\"https:\/\/es.wikipedia.org\/wiki\/RV_Racing_Sport\">RV Racing Sports<\/a><\/td>\n<td>11<\/td>\n<td>1<\/td>\n<td>1<\/td>\n<td>1<\/td>\n<td>5<\/td>\n<td>56<\/td>\n<td><b>3.\u00ba<\/b><\/td>\n<\/tr>\n<tr>\n<th rowspan=\"5\">2014<\/th>\n<td align=\"left\"><a title=\"Anexo:Temporada 2014 de Turismo Carretera\" href=\"https:\/\/es.wikipedia.org\/wiki\/Anexo:Temporada_2014_de_Turismo_Carretera\">Turismo Carretera<\/a><\/td>\n<td align=\"left\">Catal\u00e1n Magni Motorsport<\/td>\n<td>16<\/td>\n<td>0<\/td>\n<td>0<\/td>\n<td>1<\/td>\n<td>2<\/td>\n<td>478,5<\/td>\n<td>4.\u00ba<\/td>\n<\/tr>\n<tr>\n<td align=\"left\"><a title=\"24 Horas de N\u00fcrburgring\" href=\"https:\/\/es.wikipedia.org\/wiki\/24_Horas_de_N%C3%BCrburgring\">24 Horas de N\u00fcrburgring &#8211; Clase SP10<\/a><\/td>\n<td align=\"left\">Prosport-Performance GmbH<\/td>\n<td>1<\/td>\n<td>1<\/td>\n<td>0<\/td>\n<td>0<\/td>\n<td>1<\/td>\n<td>&#8211;<\/td>\n<td><b>1.\u00ba<\/b><\/td>\n<\/tr>\n<tr>\n<td align=\"left\"><a title=\"Rally Dakar de 2014\" href=\"https:\/\/es.wikipedia.org\/wiki\/Rally_Dakar_de_2014\">Rally Dakar &#8211; Autos<\/a><\/td>\n<td align=\"left\"><a class=\"mw-redirect\" title=\"Canapino Racing\" href=\"https:\/\/es.wikipedia.org\/wiki\/Canapino_Racing\">Colcar Racing Team<\/a><\/td>\n<td>1<\/td>\n<td>0<\/td>\n<th><\/th>\n<th><\/th>\n<td>0<\/td>\n<th><\/th>\n<td>20.\u00ba<\/td>\n<\/tr>\n<tr>\n<td align=\"left\"><a title=\"Campeonato Argentino de Rally Cross Country\" href=\"https:\/\/es.wikipedia.org\/wiki\/Campeonato_Argentino_de_Rally_Cross_Country\">Campeonato Argentino de Rally Cross Country &#8211; Autos<\/a><\/td>\n<td align=\"left\"><a class=\"mw-redirect\" title=\"Canapino Racing\" href=\"https:\/\/es.wikipedia.org\/wiki\/Canapino_Racing\">Colcar Racing Team<\/a><\/td>\n<td>s\/d<\/td>\n<td>s\/d<\/td>\n<th><\/th>\n<th><\/th>\n<td>s\/d<\/td>\n<td>s\/d<\/td>\n<td><b>1.\u00ba<\/b><\/td>\n<\/tr>\n<tr>\n<td align=\"left\"><a class=\"mw-redirect\" title=\"Stock Car Brasil\" href=\"https:\/\/es.wikipedia.org\/wiki\/Stock_Car_Brasil\">Stock Car Brasil<\/a><\/td>\n<td align=\"left\">Red Bull Racing<\/td>\n<td>1<\/td>\n<td>0<\/td>\n<td>1<\/td>\n<td>0<\/td>\n<td>0<\/td>\n<td>&#8211;<\/td>\n<td>&#8211;<sup id=\"cite_ref-invitado_7-0\" class=\"mw-references reference separada\"><a href=\"https:\/\/es.wikipedia.org\/wiki\/Juan_Manuel_Silva#cite_note-invitado-7\"><span class=\"cite-bracket\">[<\/span>nota 1<span class=\"cite-bracket\">]<\/span><\/a><\/sup>\u200b<\/td>\n<\/tr>\n<tr>\n<th rowspan=\"4\">2015<\/th>\n<td align=\"left\"><a title=\"Anexo:Temporada 2015 de Turismo Carretera\" href=\"https:\/\/es.wikipedia.org\/wiki\/Anexo:Temporada_2015_de_Turismo_Carretera\">Turismo Carretera<\/a><\/td>\n<td align=\"left\">Catal\u00e1n Magni Motorsport<\/td>\n<td>16<\/td>\n<td>1<\/td>\n<td>1<\/td>\n<td>0<\/td>\n<td>1<\/td>\n<td>301,75<\/td>\n<td>20.\u00ba<\/td>\n<\/tr>\n<tr>\n<td align=\"left\"><a title=\"24 Horas de N\u00fcrburgring\" href=\"https:\/\/es.wikipedia.org\/wiki\/24_Horas_de_N%C3%BCrburgring\">24 Horas de N\u00fcrburgring &#8211; Clase SP10-GT4<\/a><\/td>\n<td align=\"left\">Prosport-Performance GmbH<\/td>\n<td>1<\/td>\n<td>1<\/td>\n<td>0<\/td>\n<td>0<\/td>\n<td>1<\/td>\n<td>&#8211;<\/td>\n<td><b>1.\u00ba<\/b><\/td>\n<\/tr>\n<tr>\n<td align=\"left\"><a title=\"Rally Dakar de 2015\" href=\"https:\/\/es.wikipedia.org\/wiki\/Rally_Dakar_de_2015\">Rally Dakar &#8211; Autos<\/a><\/td>\n<td align=\"left\"><a class=\"mw-redirect\" title=\"Canapino Racing\" href=\"https:\/\/es.wikipedia.org\/wiki\/Canapino_Racing\">Colcar Racing Team<\/a><\/td>\n<td>1<\/td>\n<td>0<\/td>\n<th><\/th>\n<th><\/th>\n<td>0<\/td>\n<th><\/th>\n<td>NC<\/td>\n<\/tr>\n<tr>\n<td align=\"left\"><a title=\"Campeonato Argentino de Rally Cross Country\" href=\"https:\/\/es.wikipedia.org\/wiki\/Campeonato_Argentino_de_Rally_Cross_Country\">Campeonato Argentino de Rally Cross Country &#8211; Autos<\/a><\/td>\n<td align=\"left\"><a class=\"mw-redirect\" title=\"Canapino Racing\" href=\"https:\/\/es.wikipedia.org\/wiki\/Canapino_Racing\">Colcar Racing Team<\/a><\/td>\n<td>s\/d<\/td>\n<td>s\/d<\/td>\n<th><\/th>\n<th><\/th>\n<td>s\/d<\/td>\n<td>64<\/td>\n<td><b>1.\u00ba<\/b><\/td>\n<\/tr>\n<tr>\n<th rowspan=\"5\">2016<\/th>\n<td align=\"left\"><a title=\"Anexo:Temporada 2016 de Turismo Carretera\" href=\"https:\/\/es.wikipedia.org\/wiki\/Anexo:Temporada_2016_de_Turismo_Carretera\">Turismo Carretera<\/a><\/td>\n<td align=\"left\">Catal\u00e1n Magni Motorsport<\/td>\n<td>16<\/td>\n<td>0<\/td>\n<td>0<\/td>\n<td>0<\/td>\n<td>0<\/td>\n<td>568,5<\/td>\n<td>4.\u00ba<\/td>\n<\/tr>\n<tr>\n<td align=\"left\"><a title=\"Anexo:Temporada 2016 de Turismo Nacional\" href=\"https:\/\/es.wikipedia.org\/wiki\/Anexo:Temporada_2016_de_Turismo_Nacional\">Turismo Nacional Clase 3<\/a><\/td>\n<td align=\"left\">Citro\u00ebn Total TN Racing<\/td>\n<td>12<\/td>\n<td>0<\/td>\n<td>0<\/td>\n<td>0<\/td>\n<td>0<\/td>\n<td>83<\/td>\n<td>24.\u00ba<\/td>\n<\/tr>\n<tr>\n<td align=\"left\"><a title=\"Rally Dakar de 2016\" href=\"https:\/\/es.wikipedia.org\/wiki\/Rally_Dakar_de_2016\">Rally Dakar &#8211; Autos<\/a><\/td>\n<td align=\"left\"><a class=\"mw-redirect\" title=\"Canapino Racing\" href=\"https:\/\/es.wikipedia.org\/wiki\/Canapino_Racing\">Colcar Racing Team<\/a><\/td>\n<td>1<\/td>\n<td>0<\/td>\n<th><\/th>\n<th><\/th>\n<td>0<\/td>\n<th><\/th>\n<td>50.\u00ba<\/td>\n<\/tr>\n<tr>\n<td align=\"left\"><a title=\"Campeonato Argentino de Rally Cross Country\" href=\"https:\/\/es.wikipedia.org\/wiki\/Campeonato_Argentino_de_Rally_Cross_Country\">Campeonato Argentino de Rally Cross Country &#8211; Autos<\/a><\/td>\n<td align=\"left\"><a class=\"mw-redirect\" title=\"Canapino Racing\" href=\"https:\/\/es.wikipedia.org\/wiki\/Canapino_Racing\">Colcar Racing Team<\/a><\/td>\n<td>2<\/td>\n<td>s\/d<\/td>\n<th><\/th>\n<th><\/th>\n<td>s\/d<\/td>\n<td>s\/d<\/td>\n<td>s\/d<\/td>\n<\/tr>\n<tr>\n<td align=\"left\"><a title=\"Anexo:Torneo de pilotos invitados 2016 del TC Mouras\" href=\"https:\/\/es.wikipedia.org\/wiki\/Anexo:Torneo_de_pilotos_invitados_2016_del_TC_Mouras\">TC Mouras<br \/>\nTorneo de pilotos invitados<\/a><\/td>\n<td align=\"left\">CM Sport<\/td>\n<td>3<\/td>\n<td>0<\/td>\n<th><\/th>\n<td>0<\/td>\n<td>0<\/td>\n<td>26,5<\/td>\n<td>9.\u00ba<\/td>\n<\/tr>\n<tr>\n<th rowspan=\"6\">2017<\/th>\n<td align=\"left\"><a title=\"Anexo:Temporada 2017 de Turismo Carretera\" href=\"https:\/\/es.wikipedia.org\/wiki\/Anexo:Temporada_2017_de_Turismo_Carretera\">Turismo Carretera<\/a><\/td>\n<td align=\"left\">Catal\u00e1n Magni Motorsport<\/td>\n<td>15<\/td>\n<td>1<\/td>\n<td>0<\/td>\n<td>0<\/td>\n<td>2<\/td>\n<td>345,75<\/td>\n<td>11.\u00ba<\/td>\n<\/tr>\n<tr>\n<td align=\"left\"><a class=\"mw-redirect\" title=\"Temporada 2017 del S\u00faper TC 2000\" href=\"https:\/\/es.wikipedia.org\/wiki\/Temporada_2017_del_S%C3%BAper_TC_2000\">S\u00faper TC 2000<\/a><\/td>\n<td align=\"left\"><a title=\"RAM Racing Factory\" href=\"https:\/\/es.wikipedia.org\/wiki\/RAM_Racing_Factory\">Escuder\u00eda Fela<\/a><\/td>\n<td>12<\/td>\n<td>0<\/td>\n<td>0<\/td>\n<td>0<\/td>\n<td>0<\/td>\n<td>&#8211;<\/td>\n<td>&#8211;<sup id=\"cite_ref-200km_8-0\" class=\"mw-references reference separada\"><a href=\"https:\/\/es.wikipedia.org\/wiki\/Juan_Manuel_Silva#cite_note-200km-8\"><span class=\"cite-bracket\">[<\/span>nota 2<span class=\"cite-bracket\">]<\/span><\/a><\/sup>\u200b<\/td>\n<\/tr>\n<tr>\n<td align=\"left\"><a title=\"Rally Dakar de 2017\" href=\"https:\/\/es.wikipedia.org\/wiki\/Rally_Dakar_de_2017\">Rally Dakar &#8211; Autos<\/a><\/td>\n<td align=\"left\"><a class=\"mw-redirect\" title=\"Canapino Racing\" href=\"https:\/\/es.wikipedia.org\/wiki\/Canapino_Racing\">Colcar Racing Team<\/a><\/td>\n<td>1<\/td>\n<td>0<\/td>\n<th><\/th>\n<th><\/th>\n<td>0<\/td>\n<th><\/th>\n<td>33.\u00ba<\/td>\n<\/tr>\n<tr>\n<td align=\"left\"><a title=\"Campeonato Argentino de Rally Cross Country\" href=\"https:\/\/es.wikipedia.org\/wiki\/Campeonato_Argentino_de_Rally_Cross_Country\">Campeonato Argentino de Rally Cross Country &#8211; Autos<\/a><\/td>\n<td align=\"left\"><a class=\"mw-redirect\" title=\"Canapino Racing\" href=\"https:\/\/es.wikipedia.org\/wiki\/Canapino_Racing\">Colcar Racing Team<\/a><\/td>\n<td>1<\/td>\n<td>0<\/td>\n<th><\/th>\n<th><\/th>\n<td>0<\/td>\n<th><\/th>\n<th><\/th>\n<\/tr>\n<tr>\n<td align=\"left\"><a title=\"Anexo:Temporada 2017 de Top Race\" href=\"https:\/\/es.wikipedia.org\/wiki\/Anexo:Temporada_2017_de_Top_Race\">Top Race V6<\/a><\/td>\n<td align=\"left\"><a title=\"RV Racing Sport\" href=\"https:\/\/es.wikipedia.org\/wiki\/RV_Racing_Sport\">RV Racing Sports<\/a><\/td>\n<td>6<\/td>\n<td>1<\/td>\n<td>0<\/td>\n<td>0<\/td>\n<td>1<\/td>\n<td>16<\/td>\n<td>19.\u00ba<\/td>\n<\/tr>\n<tr>\n<td align=\"left\"><a title=\"24 Horas de N\u00fcrburgring\" href=\"https:\/\/es.wikipedia.org\/wiki\/24_Horas_de_N%C3%BCrburgring\">24 Horas de N\u00fcrburgring &#8211; Clase SP10<\/a><\/td>\n<td align=\"left\">Team Mathol Racing e. V.<\/td>\n<td>1<\/td>\n<td>0<\/td>\n<td>0<\/td>\n<td>0<\/td>\n<td>0<\/td>\n<td>&#8211;<\/td>\n<td>NC<\/td>\n<\/tr>\n<tr>\n<th rowspan=\"3\">2018<\/th>\n<td align=\"left\"><a title=\"Anexo:Temporada 2018 de Turismo Carretera\" href=\"https:\/\/es.wikipedia.org\/wiki\/Anexo:Temporada_2018_de_Turismo_Carretera\">Turismo Carretera<\/a><\/td>\n<td align=\"left\">CM Sport<\/td>\n<td>15<\/td>\n<td>0<\/td>\n<td>0<\/td>\n<td>0<\/td>\n<td>1<\/td>\n<td>284<\/td>\n<td>20.\u00ba<\/td>\n<\/tr>\n<tr>\n<td align=\"left\"><a title=\"Anexo:Temporada 2018 de TC Pick Up\" href=\"https:\/\/es.wikipedia.org\/wiki\/Anexo:Temporada_2018_de_TC_Pick_Up\">TC Pick Up<\/a><\/td>\n<td align=\"left\"><a title=\"JP Carrera\" href=\"https:\/\/es.wikipedia.org\/wiki\/JP_Carrera\">JP Carrera<\/a><\/td>\n<td>5<\/td>\n<td>1<\/td>\n<td>1<\/td>\n<td>1<\/td>\n<td>2<\/td>\n<td>35<\/td>\n<td>5.\u00ba<\/td>\n<\/tr>\n<tr>\n<td align=\"left\"><a title=\"Rally Dakar de 2018\" href=\"https:\/\/es.wikipedia.org\/wiki\/Rally_Dakar_de_2018\">Rally Dakar &#8211; Autos<\/a><\/td>\n<td align=\"left\"><a class=\"mw-redirect\" title=\"Canapino Racing\" href=\"https:\/\/es.wikipedia.org\/wiki\/Canapino_Racing\">Colcar Racing Team<\/a><\/td>\n<td>1<\/td>\n<td>0<\/td>\n<th><\/th>\n<th><\/th>\n<td>0<\/td>\n<th><\/th>\n<td>NC<\/td>\n<\/tr>\n<tr>\n<th rowspan=\"4\">2019<\/th>\n<td align=\"left\"><a title=\"Anexo:Temporada 2019 de Turismo Carretera\" href=\"https:\/\/es.wikipedia.org\/wiki\/Anexo:Temporada_2019_de_Turismo_Carretera\">Turismo Carretera<\/a><\/td>\n<td align=\"left\">MG Racing<\/td>\n<td>14<\/td>\n<td>1<\/td>\n<td>1<\/td>\n<td>1<\/td>\n<td>4<\/td>\n<td>403<\/td>\n<td>8.\u00ba<\/td>\n<\/tr>\n<tr>\n<td align=\"left\"><a title=\"Anexo:Temporada 2019 de TC Pick Up\" href=\"https:\/\/es.wikipedia.org\/wiki\/Anexo:Temporada_2019_de_TC_Pick_Up\">TC Pick Up<\/a><\/td>\n<td align=\"left\"><a title=\"JP Carrera\" href=\"https:\/\/es.wikipedia.org\/wiki\/JP_Carrera\">JP Carrera<\/a><\/td>\n<td>10<\/td>\n<td>1<\/td>\n<td>0<\/td>\n<td>1<\/td>\n<td>2<\/td>\n<td>103<\/td>\n<td>7.\u00ba<\/td>\n<\/tr>\n<tr>\n<td align=\"left\"><a title=\"Rally Dakar de 2019\" href=\"https:\/\/es.wikipedia.org\/wiki\/Rally_Dakar_de_2019\">Rally Dakar &#8211; Autos<\/a><\/td>\n<td align=\"left\"><a class=\"mw-redirect\" title=\"Canapino Racing\" href=\"https:\/\/es.wikipedia.org\/wiki\/Canapino_Racing\">Colcar Racing Team<\/a><\/td>\n<td>1<\/td>\n<td>0<\/td>\n<th><\/th>\n<th><\/th>\n<td>0<\/td>\n<th><\/th>\n<td>18.\u00ba<\/td>\n<\/tr>\n<tr>\n<td align=\"left\"><a class=\"mw-redirect\" title=\"Temporada 2019 de Turismo Nacional\" href=\"https:\/\/es.wikipedia.org\/wiki\/Temporada_2019_de_Turismo_Nacional\">Turismo Nacional Clase 3<\/a><\/td>\n<td align=\"left\">Chetta Racing<\/td>\n<td>2<\/td>\n<td>0<\/td>\n<td>0<\/td>\n<td>0<\/td>\n<td>0<\/td>\n<td>19<\/td>\n<td>34.\u00ba<\/td>\n<\/tr>\n<tr>\n<th rowspan=\"2\">2020<\/th>\n<td align=\"left\"><a title=\"Anexo:Temporada 2020 de Turismo Carretera\" href=\"https:\/\/es.wikipedia.org\/wiki\/Anexo:Temporada_2020_de_Turismo_Carretera\">Turismo Carretera<\/a><\/td>\n<td align=\"left\"><a title=\"LCA Racing\" href=\"https:\/\/es.wikipedia.org\/wiki\/LCA_Racing\">LCA Racing<\/a><br \/>\nMG Racing S.A.<\/td>\n<td>11<\/td>\n<td>0<\/td>\n<td>0<\/td>\n<td>0<\/td>\n<td>0<\/td>\n<td>112,75<\/td>\n<td>30.\u00ba<\/td>\n<\/tr>\n<tr>\n<td align=\"left\"><a class=\"mw-redirect\" title=\"Temporada 2020 del S\u00faper TC 2000\" href=\"https:\/\/es.wikipedia.org\/wiki\/Temporada_2020_del_S%C3%BAper_TC_2000\">S\u00faper TC 2000<\/a><\/td>\n<td align=\"left\"><a title=\"RAM Racing Factory\" href=\"https:\/\/es.wikipedia.org\/wiki\/RAM_Racing_Factory\">Puma Energy Honda Racing<\/a><\/td>\n<td>15<\/td>\n<td>0<\/td>\n<td>0<\/td>\n<td>0<\/td>\n<td>0<\/td>\n<td>20<\/td>\n<td>16.\u00ba<\/td>\n<\/tr>\n<tr>\n<th colspan=\"10\">Fuente:<sup id=\"cite_ref-DriverDB_9-0\" class=\"mw-references reference separada\"><a href=\"https:\/\/es.wikipedia.org\/wiki\/Juan_Manuel_Silva#cite_note-DriverDB-9\"><span class=\"cite-bracket\">[<\/span>7<span class=\"cite-bracket\">]<\/span><\/a><\/sup>\u200b<\/th>\n<\/tr>\n<\/tbody>\n<\/table>\n<div class=\"mw-heading mw-heading2\">\n<h2 id=\"Palmar\u00e9s\"><span id=\"Palmar.C3.A9s\"><\/span>Palmar\u00e9s<\/h2>\n<\/div>\n<table class=\"wikitable\" border=\"0\" align=\"center\">\n<tbody>\n<tr>\n<th>T\u00edtulo<\/th>\n<th>Categor\u00eda<\/th>\n<th>Autom\u00f3vil<\/th>\n<th>A\u00f1o<\/th>\n<\/tr>\n<tr>\n<td align=\"center\" bgcolor=\"#ECFCFF\"><a title=\"Campe\u00f3n\" href=\"https:\/\/es.wikipedia.org\/wiki\/Campe%C3%B3n\">Campe\u00f3n<\/a><\/td>\n<td align=\"left\" bgcolor=\"#ECFCFF\"><span class=\"flagicon\"><span class=\"mw-image-border notpageimage noviewer\"><a class=\"mw-file-description\" title=\"Bandera de Argentina\" href=\"https:\/\/commons.wikimedia.org\/wiki\/File:Flag_of_Argentina.svg\"><img loading=\"lazy\" decoding=\"async\" class=\"mw-file-element\" src=\"https:\/\/upload.wikimedia.org\/wikipedia\/commons\/thumb\/1\/1a\/Flag_of_Argentina.svg\/20px-Flag_of_Argentina.svg.png\" srcset=\"\/\/upload.wikimedia.org\/wikipedia\/commons\/thumb\/1\/1a\/Flag_of_Argentina.svg\/40px-Flag_of_Argentina.svg.png 1.5x\" alt=\"Bandera de Argentina\" width=\"20\" height=\"13\" data-file-width=\"800\" data-file-height=\"500\" \/><\/a><\/span><\/span>\u00a0<a class=\"mw-redirect\" title=\"F\u00f3rmula Renault Elf\" href=\"https:\/\/es.wikipedia.org\/wiki\/F%C3%B3rmula_Renault_Elf\">F\u00f3rmula Renault Elf<\/a><\/td>\n<td align=\"center\" bgcolor=\"#ECFCFF\"><a title=\"Tulio Crespi\" href=\"https:\/\/es.wikipedia.org\/wiki\/Tulio_Crespi\">Crespi<\/a>&#8211;<a title=\"Renault\" href=\"https:\/\/es.wikipedia.org\/wiki\/Renault\">Renault<\/a><\/td>\n<td align=\"center\" bgcolor=\"#ECFCFF\">1993<\/td>\n<\/tr>\n<tr>\n<td align=\"center\" bgcolor=\"#ECFCFF\"><a title=\"Campe\u00f3n\" href=\"https:\/\/es.wikipedia.org\/wiki\/Campe%C3%B3n\">Campe\u00f3n<\/a><\/td>\n<td align=\"left\" bgcolor=\"#ECFCFF\"><span class=\"flagicon\"><span class=\"mw-image-border notpageimage noviewer\"><a class=\"mw-file-description\" title=\"Bandera de Argentina\" href=\"https:\/\/commons.wikimedia.org\/wiki\/File:Flag_of_Argentina.svg\"><img loading=\"lazy\" decoding=\"async\" class=\"mw-file-element\" src=\"https:\/\/upload.wikimedia.org\/wikipedia\/commons\/thumb\/1\/1a\/Flag_of_Argentina.svg\/20px-Flag_of_Argentina.svg.png\" srcset=\"\/\/upload.wikimedia.org\/wikipedia\/commons\/thumb\/1\/1a\/Flag_of_Argentina.svg\/40px-Flag_of_Argentina.svg.png 1.5x\" alt=\"Bandera de Argentina\" width=\"20\" height=\"13\" data-file-width=\"800\" data-file-height=\"500\" \/><\/a><\/span><\/span>\u00a0<a title=\"Turismo Competici\u00f3n 2000\" href=\"https:\/\/es.wikipedia.org\/wiki\/Turismo_Competici%C3%B3n_2000\">TC 2000<\/a><\/td>\n<td align=\"center\" bgcolor=\"#ECFCFF\"><a title=\"Honda Civic (sexta generaci\u00f3n)\" href=\"https:\/\/es.wikipedia.org\/wiki\/Honda_Civic_(sexta_generaci%C3%B3n)\">Honda Civic VI<\/a><\/td>\n<td align=\"center\" bgcolor=\"#ECFCFF\">1999<\/td>\n<\/tr>\n<tr>\n<td align=\"center\" bgcolor=\"#ECFCFF\"><a title=\"Campe\u00f3n\" href=\"https:\/\/es.wikipedia.org\/wiki\/Campe%C3%B3n\">Campe\u00f3n<\/a><\/td>\n<td align=\"left\" bgcolor=\"#ECFCFF\"><span class=\"flagicon\"><span class=\"mw-image-border notpageimage noviewer\"><a class=\"mw-file-description\" title=\"Bandera de Argentina\" href=\"https:\/\/commons.wikimedia.org\/wiki\/File:Flag_of_Argentina.svg\"><img loading=\"lazy\" decoding=\"async\" class=\"mw-file-element\" src=\"https:\/\/upload.wikimedia.org\/wikipedia\/commons\/thumb\/1\/1a\/Flag_of_Argentina.svg\/20px-Flag_of_Argentina.svg.png\" srcset=\"\/\/upload.wikimedia.org\/wikipedia\/commons\/thumb\/1\/1a\/Flag_of_Argentina.svg\/40px-Flag_of_Argentina.svg.png 1.5x\" alt=\"Bandera de Argentina\" width=\"20\" height=\"13\" data-file-width=\"800\" data-file-height=\"500\" \/><\/a><\/span><\/span>\u00a0<a title=\"Turismo Carretera\" href=\"https:\/\/es.wikipedia.org\/wiki\/Turismo_Carretera\">Turismo Carretera<\/a><\/td>\n<td align=\"center\" bgcolor=\"#ECFCFF\"><a title=\"Ford Falcon (Argentina)\" href=\"https:\/\/es.wikipedia.org\/wiki\/Ford_Falcon_(Argentina)\">Ford Falcon<\/a><\/td>\n<td align=\"center\" bgcolor=\"#ECFCFF\">2005<\/td>\n<\/tr>\n<tr>\n<td align=\"center\" bgcolor=\"#ECFCFF\"><a title=\"Campe\u00f3n\" href=\"https:\/\/es.wikipedia.org\/wiki\/Campe%C3%B3n\">Campe\u00f3n<\/a><\/td>\n<td align=\"left\" bgcolor=\"#ECFCFF\"><span class=\"flagicon\"><span class=\"mw-image-border notpageimage noviewer\"><a class=\"mw-file-description\" title=\"Bandera de Argentina\" href=\"https:\/\/commons.wikimedia.org\/wiki\/File:Flag_of_Argentina.svg\"><img loading=\"lazy\" decoding=\"async\" class=\"mw-file-element\" src=\"https:\/\/upload.wikimedia.org\/wikipedia\/commons\/thumb\/1\/1a\/Flag_of_Argentina.svg\/20px-Flag_of_Argentina.svg.png\" srcset=\"\/\/upload.wikimedia.org\/wikipedia\/commons\/thumb\/1\/1a\/Flag_of_Argentina.svg\/40px-Flag_of_Argentina.svg.png 1.5x\" alt=\"Bandera de Argentina\" width=\"20\" height=\"13\" data-file-width=\"800\" data-file-height=\"500\" \/><\/a><\/span><\/span>\u00a0C.A. Rally Cross Country<\/td>\n<td align=\"center\" bgcolor=\"#ECFCFF\"><a class=\"mw-redirect\" title=\"Mercedes-Benz Clase ML\" href=\"https:\/\/es.wikipedia.org\/wiki\/Mercedes-Benz_Clase_ML\">Mercedes-Benz Clase ML<\/a><\/td>\n<td align=\"center\" bgcolor=\"#ECFCFF\">2014<\/td>\n<\/tr>\n<\/tbody>\n<\/table>\n<div class=\"mw-heading mw-heading3\">\n<h3 id=\"Otras_distinciones\">Otras distinciones<\/h3>\n<\/div>\n<table class=\"wikitable\" border=\"0\" align=\"center\">\n<tbody>\n<tr>\n<th>T\u00edtulo<\/th>\n<th>Categor\u00eda<\/th>\n<th>Autom\u00f3vil<\/th>\n<th>A\u00f1o<\/th>\n<\/tr>\n<tr>\n<td align=\"center\" bgcolor=\"#ECFCFF\"><a title=\"Subcampe\u00f3n\" href=\"https:\/\/es.wikipedia.org\/wiki\/Subcampe%C3%B3n\">Subcampe\u00f3n<\/a><\/td>\n<td align=\"left\" bgcolor=\"#ECFCFF\"><span class=\"flagicon\"><span class=\"mw-image-border notpageimage noviewer\"><a class=\"mw-file-description\" title=\"Bandera de Argentina\" href=\"https:\/\/commons.wikimedia.org\/wiki\/File:Flag_of_Argentina.svg\"><img loading=\"lazy\" decoding=\"async\" class=\"mw-file-element\" src=\"https:\/\/upload.wikimedia.org\/wikipedia\/commons\/thumb\/1\/1a\/Flag_of_Argentina.svg\/20px-Flag_of_Argentina.svg.png\" srcset=\"\/\/upload.wikimedia.org\/wikipedia\/commons\/thumb\/1\/1a\/Flag_of_Argentina.svg\/40px-Flag_of_Argentina.svg.png 1.5x\" alt=\"Bandera de Argentina\" width=\"20\" height=\"13\" data-file-width=\"800\" data-file-height=\"500\" \/><\/a><\/span><\/span>\u00a0<a title=\"Turismo Carretera\" href=\"https:\/\/es.wikipedia.org\/wiki\/Turismo_Carretera\">Turismo Carretera<\/a><\/td>\n<td align=\"center\" bgcolor=\"#ECFCFF\"><a title=\"Ford Falcon (Argentina)\" href=\"https:\/\/es.wikipedia.org\/wiki\/Ford_Falcon_(Argentina)\">Ford Falcon<\/a><\/td>\n<td align=\"center\" bgcolor=\"#ECFCFF\">2004<\/td>\n<\/tr>\n<tr>\n<td align=\"center\" bgcolor=\"#ECFCFF\"><a title=\"Subcampe\u00f3n\" href=\"https:\/\/es.wikipedia.org\/wiki\/Subcampe%C3%B3n\">Subcampe\u00f3n<\/a><\/td>\n<td align=\"left\" bgcolor=\"#ECFCFF\"><span class=\"flagicon\"><span class=\"mw-image-border notpageimage noviewer\"><a class=\"mw-file-description\" title=\"Bandera de Argentina\" href=\"https:\/\/commons.wikimedia.org\/wiki\/File:Flag_of_Argentina.svg\"><img loading=\"lazy\" decoding=\"async\" class=\"mw-file-element\" src=\"https:\/\/upload.wikimedia.org\/wikipedia\/commons\/thumb\/1\/1a\/Flag_of_Argentina.svg\/20px-Flag_of_Argentina.svg.png\" srcset=\"\/\/upload.wikimedia.org\/wikipedia\/commons\/thumb\/1\/1a\/Flag_of_Argentina.svg\/40px-Flag_of_Argentina.svg.png 1.5x\" alt=\"Bandera de Argentina\" width=\"20\" height=\"13\" data-file-width=\"800\" data-file-height=\"500\" \/><\/a><\/span><\/span>\u00a0<a class=\"mw-redirect\" title=\"Top Race Original\" href=\"https:\/\/es.wikipedia.org\/wiki\/Top_Race_Original\">Top Race Original<\/a><\/td>\n<td align=\"center\" bgcolor=\"#ECFCFF\"><a title=\"BMW Serie 3\" href=\"https:\/\/es.wikipedia.org\/wiki\/BMW_Serie_3\">BMW Serie 3<\/a><\/td>\n<td align=\"center\" bgcolor=\"#ECFCFF\">2004<\/td>\n<\/tr>\n<tr>\n<td align=\"center\" bgcolor=\"#ECFCFF\"><a title=\"Subcampe\u00f3n\" href=\"https:\/\/es.wikipedia.org\/wiki\/Subcampe%C3%B3n\">Subcampe\u00f3n<\/a><\/td>\n<td align=\"left\" bgcolor=\"#ECFCFF\"><span class=\"flagicon\"><span class=\"mw-image-border notpageimage noviewer\"><a class=\"mw-file-description\" title=\"Bandera de Argentina\" href=\"https:\/\/commons.wikimedia.org\/wiki\/File:Flag_of_Argentina.svg\"><img loading=\"lazy\" decoding=\"async\" class=\"mw-file-element\" src=\"https:\/\/upload.wikimedia.org\/wikipedia\/commons\/thumb\/1\/1a\/Flag_of_Argentina.svg\/20px-Flag_of_Argentina.svg.png\" srcset=\"\/\/upload.wikimedia.org\/wikipedia\/commons\/thumb\/1\/1a\/Flag_of_Argentina.svg\/40px-Flag_of_Argentina.svg.png 1.5x\" alt=\"Bandera de Argentina\" width=\"20\" height=\"13\" data-file-width=\"800\" data-file-height=\"500\" \/><\/a><\/span><\/span>\u00a0<a title=\"Turismo Competici\u00f3n 2000\" href=\"https:\/\/es.wikipedia.org\/wiki\/Turismo_Competici%C3%B3n_2000\">TC 2000<\/a><\/td>\n<td align=\"center\" bgcolor=\"#ECFCFF\"><a title=\"Honda Civic\" href=\"https:\/\/es.wikipedia.org\/wiki\/Honda_Civic#S%C3%A9ptima_generaci%C3%B3n_(2000-2006)_ES\/EP\/EM\">Honda Civic VII<\/a><\/td>\n<td align=\"center\" bgcolor=\"#ECFCFF\">2006<\/td>\n<\/tr>\n<tr>\n<td align=\"center\" bgcolor=\"#ECFCFF\"><a title=\"Subcampe\u00f3n\" href=\"https:\/\/es.wikipedia.org\/wiki\/Subcampe%C3%B3n\">Subcampe\u00f3n<\/a><\/td>\n<td align=\"left\" bgcolor=\"#ECFCFF\"><span class=\"flagicon\"><span class=\"mw-image-border notpageimage noviewer\"><a class=\"mw-file-description\" title=\"Bandera de Argentina\" href=\"https:\/\/commons.wikimedia.org\/wiki\/File:Flag_of_Argentina.svg\"><img loading=\"lazy\" decoding=\"async\" class=\"mw-file-element\" src=\"https:\/\/upload.wikimedia.org\/wikipedia\/commons\/thumb\/1\/1a\/Flag_of_Argentina.svg\/20px-Flag_of_Argentina.svg.png\" srcset=\"\/\/upload.wikimedia.org\/wikipedia\/commons\/thumb\/1\/1a\/Flag_of_Argentina.svg\/40px-Flag_of_Argentina.svg.png 1.5x\" alt=\"Bandera de Argentina\" width=\"20\" height=\"13\" data-file-width=\"800\" data-file-height=\"500\" \/><\/a><\/span><\/span>\u00a0<a title=\"Turismo Carretera\" href=\"https:\/\/es.wikipedia.org\/wiki\/Turismo_Carretera\">Turismo Carretera<\/a><\/td>\n<td align=\"center\" bgcolor=\"#ECFCFF\"><a title=\"Ford Falcon (Argentina)\" href=\"https:\/\/es.wikipedia.org\/wiki\/Ford_Falcon_(Argentina)\">Ford Falcon<\/a><\/td>\n<td align=\"center\" bgcolor=\"#ECFCFF\">2008<\/td>\n<\/tr>\n<tr>\n<td align=\"center\" bgcolor=\"#ECFCFF\"><a title=\"Subcampe\u00f3n\" href=\"https:\/\/es.wikipedia.org\/wiki\/Subcampe%C3%B3n\">Subcampe\u00f3n<\/a><\/td>\n<td align=\"left\" bgcolor=\"#ECFCFF\"><span class=\"flagicon\"><span class=\"mw-image-border notpageimage noviewer\"><a class=\"mw-file-description\" title=\"Bandera de Argentina\" href=\"https:\/\/commons.wikimedia.org\/wiki\/File:Flag_of_Argentina.svg\"><img loading=\"lazy\" decoding=\"async\" class=\"mw-file-element\" src=\"https:\/\/upload.wikimedia.org\/wikipedia\/commons\/thumb\/1\/1a\/Flag_of_Argentina.svg\/20px-Flag_of_Argentina.svg.png\" srcset=\"\/\/upload.wikimedia.org\/wikipedia\/commons\/thumb\/1\/1a\/Flag_of_Argentina.svg\/40px-Flag_of_Argentina.svg.png 1.5x\" alt=\"Bandera de Argentina\" width=\"20\" height=\"13\" data-file-width=\"800\" data-file-height=\"500\" \/><\/a><\/span><\/span>\u00a0<a class=\"mw-redirect\" title=\"Top Race V6\" href=\"https:\/\/es.wikipedia.org\/wiki\/Top_Race_V6\">Top Race V6<\/a><\/td>\n<td align=\"center\" bgcolor=\"#ECFCFF\"><a class=\"mw-redirect\" title=\"Mercedes-Benz C-203\" href=\"https:\/\/es.wikipedia.org\/wiki\/Mercedes-Benz_C-203\">Mercedes-Benz C-203<\/a><\/td>\n<td align=\"center\" bgcolor=\"#ECFCFF\">2008<\/td>\n<\/tr>\n<tr>\n<td align=\"center\" bgcolor=\"#ECFCFF\"><a title=\"Subcampe\u00f3n\" href=\"https:\/\/es.wikipedia.org\/wiki\/Subcampe%C3%B3n\">Subcampe\u00f3n<\/a><\/td>\n<td align=\"left\" bgcolor=\"#ECFCFF\"><span class=\"flagicon\"><span class=\"mw-image-border notpageimage noviewer\"><a class=\"mw-file-description\" title=\"Bandera de Argentina\" href=\"https:\/\/commons.wikimedia.org\/wiki\/File:Flag_of_Argentina.svg\"><img loading=\"lazy\" decoding=\"async\" class=\"mw-file-element\" src=\"https:\/\/upload.wikimedia.org\/wikipedia\/commons\/thumb\/1\/1a\/Flag_of_Argentina.svg\/20px-Flag_of_Argentina.svg.png\" srcset=\"\/\/upload.wikimedia.org\/wikipedia\/commons\/thumb\/1\/1a\/Flag_of_Argentina.svg\/40px-Flag_of_Argentina.svg.png 1.5x\" alt=\"Bandera de Argentina\" width=\"20\" height=\"13\" data-file-width=\"800\" data-file-height=\"500\" \/><\/a><\/span><\/span>\u00a0<a class=\"mw-redirect\" title=\"Top Race V6\" href=\"https:\/\/es.wikipedia.org\/wiki\/Top_Race_V6\">Top Race V6<\/a><\/td>\n<td align=\"center\" bgcolor=\"#ECFCFF\"><a class=\"mw-redirect\" title=\"Ford Mondeo II\" href=\"https:\/\/es.wikipedia.org\/wiki\/Ford_Mondeo_II\">Ford Mondeo II<\/a><\/td>\n<td align=\"center\" bgcolor=\"#ECFCFF\">2009<\/td>\n<\/tr>\n<\/tbody>\n<\/table>\n<div class=\"mw-heading mw-heading2\">\n<h2 id=\"Resultados\">Resultados<\/h2>\n<\/div>\n<div class=\"mw-heading mw-heading3\">\n<h3 id=\"Turismo_Competici\u00f3n_2000\"><span id=\"Turismo_Competici.C3.B3n_2000\"><\/span>Turismo Competici\u00f3n 2000<\/h3>\n<\/div>\n<div class=\"overflow-x-auto\">\n<table class=\"wikitable\">\n<tbody>\n<tr>\n<th>A\u00f1o<\/th>\n<th>Equipo<\/th>\n<th>Auto<\/th>\n<th>1<\/th>\n<th>2<\/th>\n<th>3<\/th>\n<th>4<\/th>\n<th>5<\/th>\n<th>6<\/th>\n<th>7<\/th>\n<th>8<\/th>\n<th>9<\/th>\n<th>10<\/th>\n<th>11<\/th>\n<th>12<\/th>\n<th>13<\/th>\n<th>14<\/th>\n<th>15<\/th>\n<th>16<\/th>\n<th>17<\/th>\n<th>18<\/th>\n<th>19<\/th>\n<th>20<\/th>\n<th>21<\/th>\n<th>22<\/th>\n<th>23<\/th>\n<th>24<\/th>\n<th>25<\/th>\n<th>26<\/th>\n<th>27<\/th>\n<th>28<\/th>\n<th>Res.<\/th>\n<th>Puntos<\/th>\n<\/tr>\n<tr>\n<td rowspan=\"2\"><a class=\"mw-redirect\" title=\"Temporada 1998 de Turismo Competici\u00f3n 2000\" href=\"https:\/\/es.wikipedia.org\/wiki\/Temporada_1998_de_Turismo_Competici%C3%B3n_2000\">1998<\/a><\/td>\n<td><\/td>\n<td><\/td>\n<th colspan=\"2\"><a title=\"Anexo:Ronda de Alta Gracia I de Turismo Competici\u00f3n 2000 1998\" href=\"https:\/\/es.wikipedia.org\/wiki\/Anexo:Ronda_de_Alta_Gracia_I_de_Turismo_Competici%C3%B3n_2000_1998\">AG I<\/a><\/th>\n<th colspan=\"2\"><a title=\"Anexo:Ronda de Mar del Plata I de Turismo Competici\u00f3n 2000 1998\" href=\"https:\/\/es.wikipedia.org\/wiki\/Anexo:Ronda_de_Mar_del_Plata_I_de_Turismo_Competici%C3%B3n_2000_1998\">MDP I<\/a><\/th>\n<th colspan=\"2\"><a title=\"Anexo:Ronda de R\u00edo Cuarto I de Turismo Competici\u00f3n 2000 1998\" href=\"https:\/\/es.wikipedia.org\/wiki\/Anexo:Ronda_de_R%C3%ADo_Cuarto_I_de_Turismo_Competici%C3%B3n_2000_1998\">RC I<\/a><\/th>\n<th colspan=\"2\"><a title=\"Anexo:Ronda de San Juan I de Turismo Competici\u00f3n 2000 1998\" href=\"https:\/\/es.wikipedia.org\/wiki\/Anexo:Ronda_de_San_Juan_I_de_Turismo_Competici%C3%B3n_2000_1998\">SJU I<\/a><\/th>\n<th colspan=\"2\"><a title=\"Anexo:Ronda de Olavarr\u00eda de Turismo Competici\u00f3n 2000 1998\" href=\"https:\/\/es.wikipedia.org\/wiki\/Anexo:Ronda_de_Olavarr%C3%ADa_de_Turismo_Competici%C3%B3n_2000_1998\">OLA<\/a><\/th>\n<th colspan=\"2\"><a title=\"Anexo:Ronda de General Roca de Turismo Competici\u00f3n 2000 1998\" href=\"https:\/\/es.wikipedia.org\/wiki\/Anexo:Ronda_de_General_Roca_de_Turismo_Competici%C3%B3n_2000_1998\">GR<\/a><\/th>\n<th colspan=\"2\"><a title=\"Anexo:Ronda de Paran\u00e1 I de Turismo Competici\u00f3n 2000 1998\" href=\"https:\/\/es.wikipedia.org\/wiki\/Anexo:Ronda_de_Paran%C3%A1_I_de_Turismo_Competici%C3%B3n_2000_1998\">PAR I<\/a><\/th>\n<th colspan=\"2\"><a title=\"Anexo:Ronda de Buenos Aires de Turismo Competici\u00f3n 2000 1998\" href=\"https:\/\/es.wikipedia.org\/wiki\/Anexo:Ronda_de_Buenos_Aires_de_Turismo_Competici%C3%B3n_2000_1998\">BA<\/a><\/th>\n<th colspan=\"2\"><a title=\"Anexo:Ronda de Bah\u00eda Blanca de Turismo Competici\u00f3n 2000 1998\" href=\"https:\/\/es.wikipedia.org\/wiki\/Anexo:Ronda_de_Bah%C3%ADa_Blanca_de_Turismo_Competici%C3%B3n_2000_1998\">BB<\/a><\/th>\n<th colspan=\"2\"><a title=\"Anexo:Ronda de San Juan II de Turismo Competici\u00f3n 2000 1998\" href=\"https:\/\/es.wikipedia.org\/wiki\/Anexo:Ronda_de_San_Juan_II_de_Turismo_Competici%C3%B3n_2000_1998\">SJU II<\/a><\/th>\n<th colspan=\"2\"><a title=\"Anexo:Ronda de Mar del Plata II de Turismo Competici\u00f3n 2000 1998\" href=\"https:\/\/es.wikipedia.org\/wiki\/Anexo:Ronda_de_Mar_del_Plata_II_de_Turismo_Competici%C3%B3n_2000_1998\">MDP II<\/a><\/th>\n<th colspan=\"2\"><a title=\"Anexo:Ronda de R\u00edo Cuarto II de Turismo Competici\u00f3n 2000 1998\" href=\"https:\/\/es.wikipedia.org\/wiki\/Anexo:Ronda_de_R%C3%ADo_Cuarto_II_de_Turismo_Competici%C3%B3n_2000_1998\">RC II<\/a><\/th>\n<th colspan=\"2\"><a title=\"Anexo:Ronda de Alta Gracia II de Turismo Competici\u00f3n 2000 1998\" href=\"https:\/\/es.wikipedia.org\/wiki\/Anexo:Ronda_de_Alta_Gracia_II_de_Turismo_Competici%C3%B3n_2000_1998\">AG II<\/a><\/th>\n<th colspan=\"2\"><a title=\"Anexo:Ronda de Paran\u00e1 II de Turismo Competici\u00f3n 2000 1998\" href=\"https:\/\/es.wikipedia.org\/wiki\/Anexo:Ronda_de_Paran%C3%A1_II_de_Turismo_Competici%C3%B3n_2000_1998\">PAR II<\/a><\/th>\n<th rowspan=\"2\">6.\u00ba<\/th>\n<th rowspan=\"2\">182<\/th>\n<\/tr>\n<tr>\n<th><a title=\"Pro Racing\" href=\"https:\/\/es.wikipedia.org\/wiki\/Pro_Racing\">Honda Team<br \/>\nPro Racing<\/a><\/th>\n<th><a title=\"Honda Civic (sexta generaci\u00f3n)\" href=\"https:\/\/es.wikipedia.org\/wiki\/Honda_Civic_(sexta_generaci%C3%B3n)\">Honda<br \/>\nCivic VI<\/a><\/th>\n<td><\/td>\n<td><\/td>\n<td><\/td>\n<td><\/td>\n<td bgcolor=\"#DFFFDF\">5<\/td>\n<td bgcolor=\"#DFFFDF\">5<\/td>\n<td bgcolor=\"#DFFFDF\">6<\/td>\n<td bgcolor=\"#FFDF9F\">3<\/td>\n<td bgcolor=\"#EFCFFF\"><b>Ret<\/b><\/td>\n<td bgcolor=\"#DFDFDF\">2<\/td>\n<td bgcolor=\"#FFDF9F\"><b>3<\/b><\/td>\n<td bgcolor=\"#DFFFDF\">10 (9)<\/td>\n<td bgcolor=\"#FFFFFF\">NL<\/td>\n<td bgcolor=\"#DFFFDF\">4<\/td>\n<td bgcolor=\"#DFDFDF\"><b>2<\/b><\/td>\n<td bgcolor=\"#FFFFBF\"><b>1<\/b><\/td>\n<td bgcolor=\"#FFFFBF\"><b>1<\/b><\/td>\n<td bgcolor=\"#FFDF9F\">3<\/td>\n<td bgcolor=\"#EFCFFF\">Ret<\/td>\n<td bgcolor=\"#EFCFFF\">Ret<\/td>\n<td bgcolor=\"#CFCFFF\">20\u2020<\/td>\n<td bgcolor=\"#DFFFDF\">5<\/td>\n<td bgcolor=\"#DFFFDF\">5<\/td>\n<td bgcolor=\"#DFFFDF\">4<\/td>\n<td bgcolor=\"#DFFFDF\">10<\/td>\n<td bgcolor=\"#CFCFFF\">15<\/td>\n<td bgcolor=\"#DFDFDF\"><i>2<\/i><\/td>\n<td bgcolor=\"#CFCFFF\">17<\/td>\n<\/tr>\n<tr>\n<td rowspan=\"2\"><a class=\"mw-redirect\" title=\"Temporada 1999 de Turismo Competici\u00f3n 2000\" href=\"https:\/\/es.wikipedia.org\/wiki\/Temporada_1999_de_Turismo_Competici%C3%B3n_2000\">1999<\/a><\/td>\n<td><\/td>\n<td><\/td>\n<th colspan=\"2\"><a title=\"Anexo:Ronda de Alta Gracia I de Turismo Competici\u00f3n 2000 1999\" href=\"https:\/\/es.wikipedia.org\/wiki\/Anexo:Ronda_de_Alta_Gracia_I_de_Turismo_Competici%C3%B3n_2000_1999\">AG I<\/a><\/th>\n<th colspan=\"2\"><a title=\"Anexo:Ronda de Mar del Plata de Turismo Competici\u00f3n 2000 1999\" href=\"https:\/\/es.wikipedia.org\/wiki\/Anexo:Ronda_de_Mar_del_Plata_de_Turismo_Competici%C3%B3n_2000_1999\">MDP<\/a><\/th>\n<th colspan=\"2\"><a title=\"Anexo:Ronda de Posadas de Turismo Competici\u00f3n 2000 1999\" href=\"https:\/\/es.wikipedia.org\/wiki\/Anexo:Ronda_de_Posadas_de_Turismo_Competici%C3%B3n_2000_1999\">POS<\/a><\/th>\n<th colspan=\"2\"><a title=\"Anexo:Ronda de Olavarr\u00eda de Turismo Competici\u00f3n 2000 1999\" href=\"https:\/\/es.wikipedia.org\/wiki\/Anexo:Ronda_de_Olavarr%C3%ADa_de_Turismo_Competici%C3%B3n_2000_1999\">OLA<\/a><\/th>\n<th colspan=\"2\"><a title=\"Anexo:Ronda de R\u00edo Cuarto de Turismo Competici\u00f3n 2000 1999\" href=\"https:\/\/es.wikipedia.org\/wiki\/Anexo:Ronda_de_R%C3%ADo_Cuarto_de_Turismo_Competici%C3%B3n_2000_1999\">RC<\/a><\/th>\n<th colspan=\"2\"><a title=\"Anexo:Ronda de Buenos Aires I de Turismo Competici\u00f3n 2000 1999\" href=\"https:\/\/es.wikipedia.org\/wiki\/Anexo:Ronda_de_Buenos_Aires_I_de_Turismo_Competici%C3%B3n_2000_1999\">BA I<\/a><\/th>\n<th colspan=\"2\"><a title=\"Anexo:Ronda de Bah\u00eda Blanca de Turismo Competici\u00f3n 2000 1999\" href=\"https:\/\/es.wikipedia.org\/wiki\/Anexo:Ronda_de_Bah%C3%ADa_Blanca_de_Turismo_Competici%C3%B3n_2000_1999\">BB<\/a><\/th>\n<th colspan=\"2\"><a title=\"Anexo:Ronda de Trelew de Turismo Competici\u00f3n 2000 1999\" href=\"https:\/\/es.wikipedia.org\/wiki\/Anexo:Ronda_de_Trelew_de_Turismo_Competici%C3%B3n_2000_1999\">TRE<\/a><\/th>\n<th colspan=\"2\"><a title=\"Anexo:Ronda de Alta Gracia II de Turismo Competici\u00f3n 2000 1999\" href=\"https:\/\/es.wikipedia.org\/wiki\/Anexo:Ronda_de_Alta_Gracia_II_de_Turismo_Competici%C3%B3n_2000_1999\">AG II<\/a><\/th>\n<th colspan=\"2\"><a title=\"Anexo:Ronda de General Roca de Turismo Competici\u00f3n 2000 1999\" href=\"https:\/\/es.wikipedia.org\/wiki\/Anexo:Ronda_de_General_Roca_de_Turismo_Competici%C3%B3n_2000_1999\">GR<\/a><\/th>\n<th colspan=\"2\"><a title=\"Anexo:Ronda de Rafaela de Turismo Competici\u00f3n 2000 1999\" href=\"https:\/\/es.wikipedia.org\/wiki\/Anexo:Ronda_de_Rafaela_de_Turismo_Competici%C3%B3n_2000_1999\">RAF<\/a><\/th>\n<th colspan=\"2\"><a title=\"Anexo:Ronda de Paran\u00e1 de Turismo Competici\u00f3n 2000 1999\" href=\"https:\/\/es.wikipedia.org\/wiki\/Anexo:Ronda_de_Paran%C3%A1_de_Turismo_Competici%C3%B3n_2000_1999\">PAR<\/a><\/th>\n<th colspan=\"2\"><a title=\"Anexo:Ronda de San Jorge de Turismo Competici\u00f3n 2000 1999\" href=\"https:\/\/es.wikipedia.org\/wiki\/Anexo:Ronda_de_San_Jorge_de_Turismo_Competici%C3%B3n_2000_1999\">SJO<\/a><\/th>\n<th colspan=\"2\"><a title=\"Anexo:Ronda de Buenos Aires II de Turismo Competici\u00f3n 2000 1999\" href=\"https:\/\/es.wikipedia.org\/wiki\/Anexo:Ronda_de_Buenos_Aires_II_de_Turismo_Competici%C3%B3n_2000_1999\">BA II<\/a><\/th>\n<th rowspan=\"2\">1.\u00ba<\/th>\n<th rowspan=\"2\">295<\/th>\n<\/tr>\n<tr>\n<th><a title=\"Pro Racing\" href=\"https:\/\/es.wikipedia.org\/wiki\/Pro_Racing\">Honda Team<br \/>\nPro Racing<\/a><\/th>\n<th><a title=\"Honda Civic (sexta generaci\u00f3n)\" href=\"https:\/\/es.wikipedia.org\/wiki\/Honda_Civic_(sexta_generaci%C3%B3n)\">Honda<br \/>\nCivic VI<\/a><\/th>\n<td bgcolor=\"#CFCFFF\">12<\/td>\n<td bgcolor=\"#FFDF9F\"><b>3<\/b><\/td>\n<td bgcolor=\"#FFFFBF\"><b>1<\/b><\/td>\n<td bgcolor=\"#FFFFBF\"><i><b>1<\/b><\/i><\/td>\n<td bgcolor=\"#FFFFBF\">1<\/td>\n<td bgcolor=\"#FFFFBF\">1<\/td>\n<td bgcolor=\"#DFDFDF\">2<\/td>\n<td bgcolor=\"#DFFFDF\">9<\/td>\n<td bgcolor=\"#DFFFDF\">10<\/td>\n<td bgcolor=\"#EFCFFF\">Ret<\/td>\n<td bgcolor=\"#FFFFBF\"><b>1<\/b><\/td>\n<td bgcolor=\"#FFFFBF\"><b>1<\/b><\/td>\n<td bgcolor=\"#DFFFDF\">6<\/td>\n<td bgcolor=\"#DFFFDF\">6<\/td>\n<td bgcolor=\"#EFCFFF\">Ret<\/td>\n<td bgcolor=\"#DFFFDF\"><b>4<\/b><\/td>\n<td bgcolor=\"#FFDF9F\">3<\/td>\n<td bgcolor=\"#FFDF9F\"><i>3<\/i><\/td>\n<td bgcolor=\"#DFDFDF\">2<\/td>\n<td bgcolor=\"#DFDFDF\">2<\/td>\n<td bgcolor=\"#DFFFDF\">8<\/td>\n<td bgcolor=\"#DFFFDF\">9<\/td>\n<td bgcolor=\"#DFFFDF\">5<\/td>\n<td bgcolor=\"#DFFFDF\">4<\/td>\n<td bgcolor=\"#DFDFDF\"><b>2<\/b><\/td>\n<td bgcolor=\"#DFFFDF\"><b>5<\/b><\/td>\n<td bgcolor=\"#DFDFDF\"><i>2<\/i><\/td>\n<td bgcolor=\"#DFFFDF\">5<\/td>\n<\/tr>\n<tr>\n<td rowspan=\"2\"><a class=\"mw-redirect\" title=\"Temporada 2000 de Turismo Competici\u00f3n 2000\" href=\"https:\/\/es.wikipedia.org\/wiki\/Temporada_2000_de_Turismo_Competici%C3%B3n_2000\">2000<\/a><\/td>\n<td><\/td>\n<td><\/td>\n<th><a title=\"Anexo:Ronda de R\u00edo Cuarto I de Turismo Competici\u00f3n 2000 2000\" href=\"https:\/\/es.wikipedia.org\/wiki\/Anexo:Ronda_de_R%C3%ADo_Cuarto_I_de_Turismo_Competici%C3%B3n_2000_2000\">RC I<\/a><\/th>\n<th><a title=\"Anexo:Ronda de Trelew de Turismo Competici\u00f3n 2000 2000\" href=\"https:\/\/es.wikipedia.org\/wiki\/Anexo:Ronda_de_Trelew_de_Turismo_Competici%C3%B3n_2000_2000\">TRE<\/a><\/th>\n<th><a title=\"Anexo:Ronda de Alta Gracia de Turismo Competici\u00f3n 2000 2000\" href=\"https:\/\/es.wikipedia.org\/wiki\/Anexo:Ronda_de_Alta_Gracia_de_Turismo_Competici%C3%B3n_2000_2000\">AG<\/a><\/th>\n<th><a title=\"Anexo:Ronda de San Juan I de Turismo Competici\u00f3n 2000 2000\" href=\"https:\/\/es.wikipedia.org\/wiki\/Anexo:Ronda_de_San_Juan_I_de_Turismo_Competici%C3%B3n_2000_2000\">SJU I<\/a><\/th>\n<th><a title=\"Anexo:Ronda de Paran\u00e1 I de Turismo Competici\u00f3n 2000 2000\" href=\"https:\/\/es.wikipedia.org\/wiki\/Anexo:Ronda_de_Paran%C3%A1_I_de_Turismo_Competici%C3%B3n_2000_2000\">PAR I<\/a><\/th>\n<th><a title=\"Anexo:Ronda de Ober\u00e1 de Turismo Competici\u00f3n 2000 2000\" href=\"https:\/\/es.wikipedia.org\/wiki\/Anexo:Ronda_de_Ober%C3%A1_de_Turismo_Competici%C3%B3n_2000_2000\">OBE<\/a><\/th>\n<th><a title=\"Anexo:Ronda de Bah\u00eda Blanca de Turismo Competici\u00f3n 2000 2000\" href=\"https:\/\/es.wikipedia.org\/wiki\/Anexo:Ronda_de_Bah%C3%ADa_Blanca_de_Turismo_Competici%C3%B3n_2000_2000\">BB<\/a><\/th>\n<th><a title=\"Anexo:Ronda de Rafaela de Turismo Competici\u00f3n 2000 2000\" href=\"https:\/\/es.wikipedia.org\/wiki\/Anexo:Ronda_de_Rafaela_de_Turismo_Competici%C3%B3n_2000_2000\">RAF<\/a><\/th>\n<th><a title=\"Anexo:Ronda de Buenos Aires I de Turismo Competici\u00f3n 2000 2000\" href=\"https:\/\/es.wikipedia.org\/wiki\/Anexo:Ronda_de_Buenos_Aires_I_de_Turismo_Competici%C3%B3n_2000_2000\">BA I<\/a><\/th>\n<th><a title=\"Anexo:Ronda de San Jorge de Turismo Competici\u00f3n 2000 2000\" href=\"https:\/\/es.wikipedia.org\/wiki\/Anexo:Ronda_de_San_Jorge_de_Turismo_Competici%C3%B3n_2000_2000\">SJO<\/a><\/th>\n<th><a title=\"Anexo:Ronda de San Juan II de Turismo Competici\u00f3n 2000 2000\" href=\"https:\/\/es.wikipedia.org\/wiki\/Anexo:Ronda_de_San_Juan_II_de_Turismo_Competici%C3%B3n_2000_2000\">SJU II<\/a><\/th>\n<th><a title=\"Anexo:Ronda de R\u00edo Cuarto II de Turismo Competici\u00f3n 2000 2000\" href=\"https:\/\/es.wikipedia.org\/wiki\/Anexo:Ronda_de_R%C3%ADo_Cuarto_II_de_Turismo_Competici%C3%B3n_2000_2000\">RC II<\/a><\/th>\n<th><a title=\"Anexo:Ronda de Buenos Aires II de Turismo Competici\u00f3n 2000 2000\" href=\"https:\/\/es.wikipedia.org\/wiki\/Anexo:Ronda_de_Buenos_Aires_II_de_Turismo_Competici%C3%B3n_2000_2000\">BA II<\/a><\/th>\n<th><a title=\"Anexo:Ronda de Paran\u00e1 II de Turismo Competici\u00f3n 2000 2000\" href=\"https:\/\/es.wikipedia.org\/wiki\/Anexo:Ronda_de_Paran%C3%A1_II_de_Turismo_Competici%C3%B3n_2000_2000\">PAR II<\/a><\/th>\n<th><\/th>\n<th><\/th>\n<th><\/th>\n<th><\/th>\n<th><\/th>\n<th><\/th>\n<th><\/th>\n<th><\/th>\n<th><\/th>\n<th><\/th>\n<th><\/th>\n<th><\/th>\n<th><\/th>\n<th><\/th>\n<th rowspan=\"2\">3.\u00ba<\/th>\n<th rowspan=\"2\">87<\/th>\n<\/tr>\n<tr>\n<th><a title=\"Pro Racing\" href=\"https:\/\/es.wikipedia.org\/wiki\/Pro_Racing\">Honda Team<br \/>\nPro Racing<\/a><\/th>\n<th><a title=\"Honda Civic (sexta generaci\u00f3n)\" href=\"https:\/\/es.wikipedia.org\/wiki\/Honda_Civic_(sexta_generaci%C3%B3n)\">Honda<br \/>\nCivic VI<\/a><\/th>\n<td bgcolor=\"#EFCFFF\">Ret<\/td>\n<td bgcolor=\"#EFCFFF\">Ret<\/td>\n<td bgcolor=\"#DFFFDF\">6<\/td>\n<td bgcolor=\"#EFCFFF\">Ret<\/td>\n<td bgcolor=\"#DFFFDF\">7<\/td>\n<td bgcolor=\"#FFDF9F\">3<\/td>\n<td bgcolor=\"#DFDFDF\"><b>2<\/b><\/td>\n<td bgcolor=\"#DFFFDF\">6<\/td>\n<td bgcolor=\"#FFFFBF\">1<\/td>\n<td bgcolor=\"#CFCFFF\">15<\/td>\n<td bgcolor=\"#CFCFFF\">14<\/td>\n<td bgcolor=\"#DFFFDF\">4<\/td>\n<td bgcolor=\"#DFFFDF\">4<\/td>\n<td bgcolor=\"#DFFFDF\">8<\/td>\n<td><\/td>\n<td><\/td>\n<td><\/td>\n<td><\/td>\n<td><\/td>\n<td><\/td>\n<td><\/td>\n<td><\/td>\n<td><\/td>\n<td><\/td>\n<td><\/td>\n<td><\/td>\n<td><\/td>\n<td><\/td>\n<\/tr>\n<tr>\n<td rowspan=\"2\"><a class=\"mw-redirect\" title=\"Temporada 2001 de Turismo Competici\u00f3n 2000\" href=\"https:\/\/es.wikipedia.org\/wiki\/Temporada_2001_de_Turismo_Competici%C3%B3n_2000\">2001<\/a><\/td>\n<td><\/td>\n<td><\/td>\n<th><a title=\"Anexo:Ronda de Rafaela de Turismo Competici\u00f3n 2000 2001\" href=\"https:\/\/es.wikipedia.org\/wiki\/Anexo:Ronda_de_Rafaela_de_Turismo_Competici%C3%B3n_2000_2001\">RAF<\/a><\/th>\n<th><a title=\"Anexo:Ronda de R\u00edo Cuarto de Turismo Competici\u00f3n 2000 2001\" href=\"https:\/\/es.wikipedia.org\/wiki\/Anexo:Ronda_de_R%C3%ADo_Cuarto_de_Turismo_Competici%C3%B3n_2000_2001\">RC<\/a><\/th>\n<th><a title=\"Anexo:Ronda de Bah\u00eda Blanca de Turismo Competici\u00f3n 2000 2001\" href=\"https:\/\/es.wikipedia.org\/wiki\/Anexo:Ronda_de_Bah%C3%ADa_Blanca_de_Turismo_Competici%C3%B3n_2000_2001\">BB<\/a><\/th>\n<th><a title=\"Anexo:Ronda de San Juan I de Turismo Competici\u00f3n 2000 2001\" href=\"https:\/\/es.wikipedia.org\/wiki\/Anexo:Ronda_de_San_Juan_I_de_Turismo_Competici%C3%B3n_2000_2001\">SJU I<\/a><\/th>\n<th><a title=\"Anexo:Ronda de Paran\u00e1 de Turismo Competici\u00f3n 2000 2001\" href=\"https:\/\/es.wikipedia.org\/wiki\/Anexo:Ronda_de_Paran%C3%A1_de_Turismo_Competici%C3%B3n_2000_2001\">PAR<\/a><\/th>\n<th><a title=\"Anexo:Ronda de Buenos Aires I de Turismo Competici\u00f3n 2000 2001\" href=\"https:\/\/es.wikipedia.org\/wiki\/Anexo:Ronda_de_Buenos_Aires_I_de_Turismo_Competici%C3%B3n_2000_2001\">BA I<\/a><\/th>\n<th><a title=\"Anexo:Ronda de Ober\u00e1 de Turismo Competici\u00f3n 2000 2001\" href=\"https:\/\/es.wikipedia.org\/wiki\/Anexo:Ronda_de_Ober%C3%A1_de_Turismo_Competici%C3%B3n_2000_2001\">OBE<\/a><\/th>\n<th><a title=\"Anexo:Ronda de Alta Gracia I de Turismo Competici\u00f3n 2000 2001\" href=\"https:\/\/es.wikipedia.org\/wiki\/Anexo:Ronda_de_Alta_Gracia_I_de_Turismo_Competici%C3%B3n_2000_2001\">AG I<\/a><\/th>\n<th><a title=\"Anexo:Ronda de San Jorge de Turismo Competici\u00f3n 2000 2001\" href=\"https:\/\/es.wikipedia.org\/wiki\/Anexo:Ronda_de_San_Jorge_de_Turismo_Competici%C3%B3n_2000_2001\">SJO<\/a><\/th>\n<th><a title=\"Anexo:Ronda de San Juan II de Turismo Competici\u00f3n 2000 2001\" href=\"https:\/\/es.wikipedia.org\/wiki\/Anexo:Ronda_de_San_Juan_II_de_Turismo_Competici%C3%B3n_2000_2001\">SJU II<\/a><\/th>\n<th><a title=\"Anexo:Ronda de Mar de Aj\u00f3 de Turismo Competici\u00f3n 2000 2001\" href=\"https:\/\/es.wikipedia.org\/wiki\/Anexo:Ronda_de_Mar_de_Aj%C3%B3_de_Turismo_Competici%C3%B3n_2000_2001\">MDA<\/a><\/th>\n<th><a title=\"Anexo:Ronda de Resistencia de Turismo Competici\u00f3n 2000 2001\" href=\"https:\/\/es.wikipedia.org\/wiki\/Anexo:Ronda_de_Resistencia_de_Turismo_Competici%C3%B3n_2000_2001\">RES<\/a><\/th>\n<th><a title=\"Anexo:Ronda de Alta Gracia II de Turismo Competici\u00f3n 2000 2001\" href=\"https:\/\/es.wikipedia.org\/wiki\/Anexo:Ronda_de_Alta_Gracia_II_de_Turismo_Competici%C3%B3n_2000_2001\">AG II<\/a><\/th>\n<th><a title=\"Anexo:Ronda de Buenos Aires II de Turismo Competici\u00f3n 2000 2001\" href=\"https:\/\/es.wikipedia.org\/wiki\/Anexo:Ronda_de_Buenos_Aires_II_de_Turismo_Competici%C3%B3n_2000_2001\">BA II<\/a><\/th>\n<th><\/th>\n<th><\/th>\n<th><\/th>\n<th><\/th>\n<th><\/th>\n<th><\/th>\n<th><\/th>\n<th><\/th>\n<th><\/th>\n<th><\/th>\n<th><\/th>\n<th><\/th>\n<th><\/th>\n<th><\/th>\n<th rowspan=\"2\">5.\u00ba<\/th>\n<th rowspan=\"2\">75<\/th>\n<\/tr>\n<tr>\n<th><a title=\"RAM Racing Factory\" href=\"https:\/\/es.wikipedia.org\/wiki\/RAM_Racing_Factory\">Honda Racing<br \/>\nArgentina<\/a><\/th>\n<th><a title=\"Honda Civic (sexta generaci\u00f3n)\" href=\"https:\/\/es.wikipedia.org\/wiki\/Honda_Civic_(sexta_generaci%C3%B3n)\">Honda<br \/>\nCivic VI<\/a><\/th>\n<td bgcolor=\"#DFDFDF\">2<\/td>\n<td bgcolor=\"#CFCFFF\">21\u2020<\/td>\n<td bgcolor=\"#EFCFFF\">Ret<\/td>\n<td bgcolor=\"#DFFFDF\">8<\/td>\n<td bgcolor=\"#DFFFDF\">9<\/td>\n<td bgcolor=\"#CFCFFF\">19\u2020<\/td>\n<td bgcolor=\"#FFDF9F\">3<\/td>\n<td bgcolor=\"#000000\">Ex.<\/td>\n<td bgcolor=\"#EFCFFF\">Ret<\/td>\n<td bgcolor=\"#FFDF9F\"><b>3<\/b><\/td>\n<td bgcolor=\"#FFFFBF\">1<\/td>\n<td bgcolor=\"#DFFFDF\">4<\/td>\n<td bgcolor=\"#CFCFFF\">15\u2020<\/td>\n<td bgcolor=\"#CFCFFF\">18\u2020<\/td>\n<td><\/td>\n<td><\/td>\n<td><\/td>\n<td><\/td>\n<td><\/td>\n<td><\/td>\n<td><\/td>\n<td><\/td>\n<td><\/td>\n<td><\/td>\n<td><\/td>\n<td><\/td>\n<td><\/td>\n<td><\/td>\n<\/tr>\n<tr>\n<td rowspan=\"2\"><a class=\"mw-redirect\" title=\"Temporada 2002 de Turismo Competici\u00f3n 2000\" href=\"https:\/\/es.wikipedia.org\/wiki\/Temporada_2002_de_Turismo_Competici%C3%B3n_2000\">2002<\/a><\/td>\n<td><\/td>\n<td><\/td>\n<th><a title=\"Anexo:Ronda de General Roca de Turismo Competici\u00f3n 2000 2002\" href=\"https:\/\/es.wikipedia.org\/wiki\/Anexo:Ronda_de_General_Roca_de_Turismo_Competici%C3%B3n_2000_2002\">GR<\/a><\/th>\n<th><a title=\"Anexo:Ronda de R\u00edo Cuarto de Turismo Competici\u00f3n 2000 2002\" href=\"https:\/\/es.wikipedia.org\/wiki\/Anexo:Ronda_de_R%C3%ADo_Cuarto_de_Turismo_Competici%C3%B3n_2000_2002\">RC<\/a><\/th>\n<th><a title=\"Anexo:Ronda de San Juan I de Turismo Competici\u00f3n 2000 2002\" href=\"https:\/\/es.wikipedia.org\/wiki\/Anexo:Ronda_de_San_Juan_I_de_Turismo_Competici%C3%B3n_2000_2002\">SJU I<\/a><\/th>\n<th><a title=\"Anexo:Ronda de Bah\u00eda Blanca de Turismo Competici\u00f3n 2000 2002\" href=\"https:\/\/es.wikipedia.org\/wiki\/Anexo:Ronda_de_Bah%C3%ADa_Blanca_de_Turismo_Competici%C3%B3n_2000_2002\">BB<\/a><\/th>\n<th><a title=\"Anexo:Ronda de Resistencia de Turismo Competici\u00f3n 2000 2002\" href=\"https:\/\/es.wikipedia.org\/wiki\/Anexo:Ronda_de_Resistencia_de_Turismo_Competici%C3%B3n_2000_2002\">RES<\/a><\/th>\n<th><a title=\"Anexo:Ronda de Ober\u00e1 de Turismo Competici\u00f3n 2000 2002\" href=\"https:\/\/es.wikipedia.org\/wiki\/Anexo:Ronda_de_Ober%C3%A1_de_Turismo_Competici%C3%B3n_2000_2002\">OBE<\/a><\/th>\n<th><a title=\"Anexo:Ronda de Alta Gracia de Turismo Competici\u00f3n 2000 2002\" href=\"https:\/\/es.wikipedia.org\/wiki\/Anexo:Ronda_de_Alta_Gracia_de_Turismo_Competici%C3%B3n_2000_2002\">AG<\/a><\/th>\n<th><a title=\"Anexo:Ronda de Salta de Turismo Competici\u00f3n 2000 2002\" href=\"https:\/\/es.wikipedia.org\/wiki\/Anexo:Ronda_de_Salta_de_Turismo_Competici%C3%B3n_2000_2002\">SAL<\/a><\/th>\n<th><a title=\"Anexo:Ronda de San Juan II de Turismo Competici\u00f3n 2000 2002\" href=\"https:\/\/es.wikipedia.org\/wiki\/Anexo:Ronda_de_San_Juan_II_de_Turismo_Competici%C3%B3n_2000_2002\">SJU II<\/a><\/th>\n<th><a title=\"Anexo:Ronda de Paran\u00e1 de Turismo Competici\u00f3n 2000 2002\" href=\"https:\/\/es.wikipedia.org\/wiki\/Anexo:Ronda_de_Paran%C3%A1_de_Turismo_Competici%C3%B3n_2000_2002\">PAR<\/a><\/th>\n<th><a title=\"Anexo:Ronda de Buenos Aires de Turismo Competici\u00f3n 2000 2002\" href=\"https:\/\/es.wikipedia.org\/wiki\/Anexo:Ronda_de_Buenos_Aires_de_Turismo_Competici%C3%B3n_2000_2002\">BA<\/a><\/th>\n<th><a title=\"Anexo:Ronda de San Rafael de Turismo Competici\u00f3n 2000 2002\" href=\"https:\/\/es.wikipedia.org\/wiki\/Anexo:Ronda_de_San_Rafael_de_Turismo_Competici%C3%B3n_2000_2002\">SRA<\/a><\/th>\n<th><a title=\"Anexo:Ronda de Pig\u00fc\u00e9 de Turismo Competici\u00f3n 2000 2002\" href=\"https:\/\/es.wikipedia.org\/wiki\/Anexo:Ronda_de_Pig%C3%BC%C3%A9_de_Turismo_Competici%C3%B3n_2000_2002\">PIG<\/a><\/th>\n<th><a title=\"Anexo:Ronda de Mar del Plata de Turismo Competici\u00f3n 2000 2002\" href=\"https:\/\/es.wikipedia.org\/wiki\/Anexo:Ronda_de_Mar_del_Plata_de_Turismo_Competici%C3%B3n_2000_2002\">MDP<\/a><\/th>\n<th><\/th>\n<th><\/th>\n<th><\/th>\n<th><\/th>\n<th><\/th>\n<th><\/th>\n<th><\/th>\n<th><\/th>\n<th><\/th>\n<th><\/th>\n<th><\/th>\n<th><\/th>\n<th><\/th>\n<th><\/th>\n<th rowspan=\"2\">3.\u00ba<\/th>\n<th rowspan=\"2\">103<\/th>\n<\/tr>\n<tr>\n<th><a title=\"RAM Racing Factory\" href=\"https:\/\/es.wikipedia.org\/wiki\/RAM_Racing_Factory\">Honda Racing<br \/>\nArgentina<\/a><\/th>\n<th><a title=\"Honda Civic (sexta generaci\u00f3n)\" href=\"https:\/\/es.wikipedia.org\/wiki\/Honda_Civic_(sexta_generaci%C3%B3n)\">Honda<br \/>\nCivic VI<\/a><\/th>\n<td bgcolor=\"#FFFFBF\">1<\/td>\n<td bgcolor=\"#DFFFDF\">9<\/td>\n<td bgcolor=\"#DFFFDF\">8<\/td>\n<td bgcolor=\"#CFCFFF\">15<\/td>\n<td bgcolor=\"#CFCFFF\">16\u2020<\/td>\n<td bgcolor=\"#EFCFFF\">Ret<\/td>\n<td bgcolor=\"#DFFFDF\">8<\/td>\n<td bgcolor=\"#FFFFBF\">1<\/td>\n<td bgcolor=\"#FFFFBF\">1<\/td>\n<td bgcolor=\"#DFFFDF\">4<\/td>\n<td bgcolor=\"#DFFFDF\">8<\/td>\n<td bgcolor=\"#DFFFDF\">5<\/td>\n<td bgcolor=\"#FFDF9F\">3<\/td>\n<td bgcolor=\"#DFFFDF\">9<\/td>\n<td><\/td>\n<td><\/td>\n<td><\/td>\n<td><\/td>\n<td><\/td>\n<td><\/td>\n<td><\/td>\n<td><\/td>\n<td><\/td>\n<td><\/td>\n<td><\/td>\n<td><\/td>\n<td><\/td>\n<td><\/td>\n<\/tr>\n<tr>\n<td rowspan=\"2\"><a class=\"mw-redirect\" title=\"Temporada 2003 de Turismo Competici\u00f3n 2000\" href=\"https:\/\/es.wikipedia.org\/wiki\/Temporada_2003_de_Turismo_Competici%C3%B3n_2000\">2003<\/a><\/td>\n<td><\/td>\n<td><\/td>\n<th><a title=\"Anexo:Ronda de San Luis I de Turismo Competici\u00f3n 2000 2003\" href=\"https:\/\/es.wikipedia.org\/wiki\/Anexo:Ronda_de_San_Luis_I_de_Turismo_Competici%C3%B3n_2000_2003\">SL I<\/a><\/th>\n<th><a title=\"Anexo:Ronda de General Roca de Turismo Competici\u00f3n 2000 2003\" href=\"https:\/\/es.wikipedia.org\/wiki\/Anexo:Ronda_de_General_Roca_de_Turismo_Competici%C3%B3n_2000_2003\">GR<\/a><\/th>\n<th><a title=\"Anexo:Ronda de Trelew de Turismo Competici\u00f3n 2000 2003\" href=\"https:\/\/es.wikipedia.org\/wiki\/Anexo:Ronda_de_Trelew_de_Turismo_Competici%C3%B3n_2000_2003\">TRE<\/a><\/th>\n<th><a title=\"Anexo:Ronda de San Juan de Turismo Competici\u00f3n 2000 2003\" href=\"https:\/\/es.wikipedia.org\/wiki\/Anexo:Ronda_de_San_Juan_de_Turismo_Competici%C3%B3n_2000_2003\">SJU<\/a><\/th>\n<th><a title=\"Anexo:Ronda de Bah\u00eda Blanca de Turismo Competici\u00f3n 2000 2003\" href=\"https:\/\/es.wikipedia.org\/wiki\/Anexo:Ronda_de_Bah%C3%ADa_Blanca_de_Turismo_Competici%C3%B3n_2000_2003\">BB<\/a><\/th>\n<th><a title=\"Anexo:Ronda de Ober\u00e1 de Turismo Competici\u00f3n 2000 2003\" href=\"https:\/\/es.wikipedia.org\/wiki\/Anexo:Ronda_de_Ober%C3%A1_de_Turismo_Competici%C3%B3n_2000_2003\">OBE<\/a><\/th>\n<th><a title=\"Anexo:Ronda de R\u00edo Cuarto de Turismo Competici\u00f3n 2000 2003\" href=\"https:\/\/es.wikipedia.org\/wiki\/Anexo:Ronda_de_R%C3%ADo_Cuarto_de_Turismo_Competici%C3%B3n_2000_2003\">RC<\/a><\/th>\n<th><a title=\"Anexo:Ronda de Salta de Turismo Competici\u00f3n 2000 2003\" href=\"https:\/\/es.wikipedia.org\/wiki\/Anexo:Ronda_de_Salta_de_Turismo_Competici%C3%B3n_2000_2003\">SAL<\/a><\/th>\n<th><a title=\"Anexo:Ronda de Resistencia de Turismo Competici\u00f3n 2000 2003\" href=\"https:\/\/es.wikipedia.org\/wiki\/Anexo:Ronda_de_Resistencia_de_Turismo_Competici%C3%B3n_2000_2003\">RES<\/a><\/th>\n<th><a title=\"Anexo:Ronda de San Rafael de Turismo Competici\u00f3n 2000 2003\" href=\"https:\/\/es.wikipedia.org\/wiki\/Anexo:Ronda_de_San_Rafael_de_Turismo_Competici%C3%B3n_2000_2003\">SR<\/a><\/th>\n<th><a title=\"Anexo:Ronda de Buenos Aires de Turismo Competici\u00f3n 2000 2003\" href=\"https:\/\/es.wikipedia.org\/wiki\/Anexo:Ronda_de_Buenos_Aires_de_Turismo_Competici%C3%B3n_2000_2003\">BA<\/a><\/th>\n<th><a title=\"Anexo:Ronda de San Luis II de Turismo Competici\u00f3n 2000 2003\" href=\"https:\/\/es.wikipedia.org\/wiki\/Anexo:Ronda_de_San_Luis_II_de_Turismo_Competici%C3%B3n_2000_2003\">SL II<\/a><\/th>\n<th><a title=\"Anexo:Ronda de Alta Gracia de Turismo Competici\u00f3n 2000 2003\" href=\"https:\/\/es.wikipedia.org\/wiki\/Anexo:Ronda_de_Alta_Gracia_de_Turismo_Competici%C3%B3n_2000_2003\">AG<\/a><\/th>\n<th><a title=\"Anexo:Ronda de Mar del Plata de Turismo Competici\u00f3n 2000 2003\" href=\"https:\/\/es.wikipedia.org\/wiki\/Anexo:Ronda_de_Mar_del_Plata_de_Turismo_Competici%C3%B3n_2000_2003\">MDP<\/a><\/th>\n<th><\/th>\n<th><\/th>\n<th><\/th>\n<th><\/th>\n<th><\/th>\n<th><\/th>\n<th><\/th>\n<th><\/th>\n<th><\/th>\n<th><\/th>\n<th><\/th>\n<th><\/th>\n<th><\/th>\n<th><\/th>\n<th rowspan=\"2\">4.\u00ba<\/th>\n<th rowspan=\"2\">92<\/th>\n<\/tr>\n<tr>\n<th><a title=\"RAM Racing Factory\" href=\"https:\/\/es.wikipedia.org\/wiki\/RAM_Racing_Factory\">Honda Racing<br \/>\nPetrobras<\/a><\/th>\n<th><a title=\"Honda Civic (sexta generaci\u00f3n)\" href=\"https:\/\/es.wikipedia.org\/wiki\/Honda_Civic_(sexta_generaci%C3%B3n)\">Honda<br \/>\nCivic VI<\/a><\/th>\n<td bgcolor=\"#DFFFDF\">6<\/td>\n<td bgcolor=\"#FFFFBF\"><b>1<\/b><\/td>\n<td bgcolor=\"#EFCFFF\">Ret<\/td>\n<td bgcolor=\"#EFCFFF\">Ret<\/td>\n<td bgcolor=\"#CFCFFF\">12<\/td>\n<td bgcolor=\"#DFDFDF\">2<\/td>\n<td bgcolor=\"#FFDF9F\">3<\/td>\n<td bgcolor=\"#DFDFDF\">2<\/td>\n<td bgcolor=\"#CFCFFF\">13<\/td>\n<td bgcolor=\"#CFCFFF\"><b>21\u2020<\/b><\/td>\n<td bgcolor=\"#DFFFDF\">4<\/td>\n<td bgcolor=\"#DFFFDF\">4<\/td>\n<td bgcolor=\"#DFFFDF\">9<\/td>\n<td bgcolor=\"#CFCFFF\">16<\/td>\n<td><\/td>\n<td><\/td>\n<td><\/td>\n<td><\/td>\n<td><\/td>\n<td><\/td>\n<td><\/td>\n<td><\/td>\n<td><\/td>\n<td><\/td>\n<td><\/td>\n<td><\/td>\n<td><\/td>\n<td><\/td>\n<\/tr>\n<tr>\n<td rowspan=\"2\"><a class=\"mw-redirect\" title=\"Temporada 2004 de Turismo Competici\u00f3n 2000\" href=\"https:\/\/es.wikipedia.org\/wiki\/Temporada_2004_de_Turismo_Competici%C3%B3n_2000\">2004<\/a><\/td>\n<td><\/td>\n<td><\/td>\n<th><a title=\"Anexo:Ronda de General Roca de Turismo Competici\u00f3n 2000 2004\" href=\"https:\/\/es.wikipedia.org\/wiki\/Anexo:Ronda_de_General_Roca_de_Turismo_Competici%C3%B3n_2000_2004\">GR<\/a><\/th>\n<th><a title=\"Anexo:Ronda de Viedma de Turismo Competici\u00f3n 2000 2004\" href=\"https:\/\/es.wikipedia.org\/wiki\/Anexo:Ronda_de_Viedma_de_Turismo_Competici%C3%B3n_2000_2004\">VIE<\/a><\/th>\n<th><a title=\"Anexo:Ronda de San Juan de Turismo Competici\u00f3n 2000 2004\" href=\"https:\/\/es.wikipedia.org\/wiki\/Anexo:Ronda_de_San_Juan_de_Turismo_Competici%C3%B3n_2000_2004\">SJU<\/a><\/th>\n<th><a title=\"Anexo:Ronda de Paran\u00e1 de Turismo Competici\u00f3n 2000 2004\" href=\"https:\/\/es.wikipedia.org\/wiki\/Anexo:Ronda_de_Paran%C3%A1_de_Turismo_Competici%C3%B3n_2000_2004\">PAR<\/a><\/th>\n<th><a title=\"Anexo:Ronda de San Luis de Turismo Competici\u00f3n 2000 2004\" href=\"https:\/\/es.wikipedia.org\/wiki\/Anexo:Ronda_de_San_Luis_de_Turismo_Competici%C3%B3n_2000_2004\">SL<\/a><\/th>\n<th><a title=\"Anexo:Ronda de Ober\u00e1 de Turismo Competici\u00f3n 2000 2004\" href=\"https:\/\/es.wikipedia.org\/wiki\/Anexo:Ronda_de_Ober%C3%A1_de_Turismo_Competici%C3%B3n_2000_2004\">OBE<\/a><\/th>\n<th><a title=\"Anexo:Ronda de Alta Gracia de Turismo Competici\u00f3n 2000 2004\" href=\"https:\/\/es.wikipedia.org\/wiki\/Anexo:Ronda_de_Alta_Gracia_de_Turismo_Competici%C3%B3n_2000_2004\">AG<\/a><\/th>\n<th><a title=\"Anexo:Ronda de Concordia de Turismo Competici\u00f3n 2000 2004\" href=\"https:\/\/es.wikipedia.org\/wiki\/Anexo:Ronda_de_Concordia_de_Turismo_Competici%C3%B3n_2000_2004\">CON<\/a><\/th>\n<th><a title=\"Anexo:Ronda de R\u00edo Cuarto de Turismo Competici\u00f3n 2000 2004\" href=\"https:\/\/es.wikipedia.org\/wiki\/Anexo:Ronda_de_R%C3%ADo_Cuarto_de_Turismo_Competici%C3%B3n_2000_2004\">RC<\/a><\/th>\n<th><a title=\"Anexo:Ronda de San Rafael de Turismo Competici\u00f3n 2000 2004\" href=\"https:\/\/es.wikipedia.org\/wiki\/Anexo:Ronda_de_San_Rafael_de_Turismo_Competici%C3%B3n_2000_2004\">SRA<\/a><\/th>\n<th><a title=\"Anexo:Ronda de Bah\u00eda Blanca de Turismo Competici\u00f3n 2000 2004\" href=\"https:\/\/es.wikipedia.org\/wiki\/Anexo:Ronda_de_Bah%C3%ADa_Blanca_de_Turismo_Competici%C3%B3n_2000_2004\">BB<\/a><\/th>\n<th><a title=\"Anexo:Ronda de Buenos Aires de Turismo Competici\u00f3n 2000 2004\" href=\"https:\/\/es.wikipedia.org\/wiki\/Anexo:Ronda_de_Buenos_Aires_de_Turismo_Competici%C3%B3n_2000_2004\">BA<\/a><\/th>\n<th><a title=\"Anexo:Ronda de Rafaela de Turismo Competici\u00f3n 2000 2004\" href=\"https:\/\/es.wikipedia.org\/wiki\/Anexo:Ronda_de_Rafaela_de_Turismo_Competici%C3%B3n_2000_2004\">RAF<\/a><\/th>\n<th><a title=\"Anexo:Ronda de Mar del Plata de Turismo Competici\u00f3n 2000 2004\" href=\"https:\/\/es.wikipedia.org\/wiki\/Anexo:Ronda_de_Mar_del_Plata_de_Turismo_Competici%C3%B3n_2000_2004\">MDP<\/a><\/th>\n<th><\/th>\n<th><\/th>\n<th><\/th>\n<th><\/th>\n<th><\/th>\n<th><\/th>\n<th><\/th>\n<th><\/th>\n<th><\/th>\n<th><\/th>\n<th><\/th>\n<th><\/th>\n<th><\/th>\n<th><\/th>\n<th rowspan=\"2\">4.\u00ba<\/th>\n<th rowspan=\"2\">112<\/th>\n<\/tr>\n<tr>\n<th><a title=\"RAM Racing Factory\" href=\"https:\/\/es.wikipedia.org\/wiki\/RAM_Racing_Factory\">Honda Racing<br \/>\nPetrobras<\/a><\/th>\n<th><a title=\"Honda Civic\" href=\"https:\/\/es.wikipedia.org\/wiki\/Honda_Civic#S%C3%A9ptima_generaci%C3%B3n_(2000-2005)_ES\/EP\/EM\">Honda<br \/>\nCivic VII<\/a><\/th>\n<td bgcolor=\"#EFCFFF\"><b>Ret<\/b><\/td>\n<td bgcolor=\"#EFCFFF\">Ret<\/td>\n<td bgcolor=\"#CFCFFF\">11\u2020<\/td>\n<td bgcolor=\"#DFFFDF\">6<\/td>\n<td bgcolor=\"#DFFFDF\">4<\/td>\n<td bgcolor=\"#DFDFDF\"><b>2<\/b><\/td>\n<td bgcolor=\"#DFFFDF\">5<\/td>\n<td bgcolor=\"#EFCFFF\">Ret<\/td>\n<td bgcolor=\"#FFDF9F\">3<\/td>\n<td bgcolor=\"#DFFFDF\">7<\/td>\n<td bgcolor=\"#DFDFDF\">2<\/td>\n<td bgcolor=\"#CFCFFF\">18\u2020<\/td>\n<td bgcolor=\"#FFDF9F\"><i>3<\/i><\/td>\n<td bgcolor=\"#CFCFFF\">16\u2020<\/td>\n<td><\/td>\n<td><\/td>\n<td><\/td>\n<td><\/td>\n<td><\/td>\n<td><\/td>\n<td><\/td>\n<td><\/td>\n<td><\/td>\n<td><\/td>\n<td><\/td>\n<td><\/td>\n<td><\/td>\n<td><\/td>\n<\/tr>\n<tr>\n<td rowspan=\"2\"><a class=\"mw-redirect\" title=\"Temporada 2005 de Turismo Competici\u00f3n 2000\" href=\"https:\/\/es.wikipedia.org\/wiki\/Temporada_2005_de_Turismo_Competici%C3%B3n_2000\">2005<\/a><\/td>\n<td><\/td>\n<td><\/td>\n<th><a title=\"Anexo:Ronda de Buenos Aires I de Turismo Competici\u00f3n 2000 2005\" href=\"https:\/\/es.wikipedia.org\/wiki\/Anexo:Ronda_de_Buenos_Aires_I_de_Turismo_Competici%C3%B3n_2000_2005\">BA I<\/a><\/th>\n<th><a title=\"Anexo:Ronda de Paran\u00e1 de Turismo Competici\u00f3n 2000 2005\" href=\"https:\/\/es.wikipedia.org\/wiki\/Anexo:Ronda_de_Paran%C3%A1_de_Turismo_Competici%C3%B3n_2000_2005\">PAR<\/a><\/th>\n<th><a title=\"Anexo:Ronda de Viedma de Turismo Competici\u00f3n 2000 2005\" href=\"https:\/\/es.wikipedia.org\/wiki\/Anexo:Ronda_de_Viedma_de_Turismo_Competici%C3%B3n_2000_2005\">VIE<\/a><\/th>\n<th><a title=\"Anexo:Ronda de San Juan de Turismo Competici\u00f3n 2000 2005\" href=\"https:\/\/es.wikipedia.org\/wiki\/Anexo:Ronda_de_San_Juan_de_Turismo_Competici%C3%B3n_2000_2005\">SJU<\/a><\/th>\n<th><a title=\"Anexo:Ronda de Olavarr\u00eda de Turismo Competici\u00f3n 2000 2005\" href=\"https:\/\/es.wikipedia.org\/wiki\/Anexo:Ronda_de_Olavarr%C3%ADa_de_Turismo_Competici%C3%B3n_2000_2005\">OLA<\/a><\/th>\n<th><a title=\"Anexo:Ronda de Alta Gracia de Turismo Competici\u00f3n 2000 2005\" href=\"https:\/\/es.wikipedia.org\/wiki\/Anexo:Ronda_de_Alta_Gracia_de_Turismo_Competici%C3%B3n_2000_2005\">AG<\/a><\/th>\n<th><a title=\"Anexo:Ronda de Curitiba de Turismo Competici\u00f3n 2000 2005\" href=\"https:\/\/es.wikipedia.org\/wiki\/Anexo:Ronda_de_Curitiba_de_Turismo_Competici%C3%B3n_2000_2005\">CUR<\/a><\/th>\n<th><a title=\"Anexo:Ronda de Ober\u00e1 de Turismo Competici\u00f3n 2000 2005\" href=\"https:\/\/es.wikipedia.org\/wiki\/Anexo:Ronda_de_Ober%C3%A1_de_Turismo_Competici%C3%B3n_2000_2005\">OBE<\/a><\/th>\n<th><a title=\"Anexo:Ronda de Rafaela de Turismo Competici\u00f3n 2000 2005\" href=\"https:\/\/es.wikipedia.org\/wiki\/Anexo:Ronda_de_Rafaela_de_Turismo_Competici%C3%B3n_2000_2005\">RAF<\/a><\/th>\n<th><a title=\"Anexo:Ronda de San Rafael de Turismo Competici\u00f3n 2000 2005\" href=\"https:\/\/es.wikipedia.org\/wiki\/Anexo:Ronda_de_San_Rafael_de_Turismo_Competici%C3%B3n_2000_2005\">SRA<\/a><\/th>\n<th><a title=\"Anexo:Ronda de Concordia de Turismo Competici\u00f3n 2000 2005\" href=\"https:\/\/es.wikipedia.org\/wiki\/Anexo:Ronda_de_Concordia_de_Turismo_Competici%C3%B3n_2000_2005\">CON<\/a><\/th>\n<th><a title=\"Anexo:Ronda de Buenos Aires II de Turismo Competici\u00f3n 2000 2005\" href=\"https:\/\/es.wikipedia.org\/wiki\/Anexo:Ronda_de_Buenos_Aires_II_de_Turismo_Competici%C3%B3n_2000_2005\">BA II<\/a><\/th>\n<th><a title=\"Anexo:Ronda de San Luis de Turismo Competici\u00f3n 2000 2005\" href=\"https:\/\/es.wikipedia.org\/wiki\/Anexo:Ronda_de_San_Luis_de_Turismo_Competici%C3%B3n_2000_2005\">SL<\/a><\/th>\n<th><a title=\"Anexo:Ronda de General Roca de Turismo Competici\u00f3n 2000 2005\" href=\"https:\/\/es.wikipedia.org\/wiki\/Anexo:Ronda_de_General_Roca_de_Turismo_Competici%C3%B3n_2000_2005\">GR<\/a><\/th>\n<th><\/th>\n<th><\/th>\n<th><\/th>\n<th><\/th>\n<th><\/th>\n<th><\/th>\n<th><\/th>\n<th><\/th>\n<th><\/th>\n<th><\/th>\n<th><\/th>\n<th><\/th>\n<th><\/th>\n<th><\/th>\n<th rowspan=\"2\">5.\u00ba<\/th>\n<th rowspan=\"2\">92<\/th>\n<\/tr>\n<tr>\n<th><a title=\"RAM Racing Factory\" href=\"https:\/\/es.wikipedia.org\/wiki\/RAM_Racing_Factory\">Honda Racing<br \/>\nPetrobras<\/a><\/th>\n<th><a title=\"Honda Civic\" href=\"https:\/\/es.wikipedia.org\/wiki\/Honda_Civic#S%C3%A9ptima_generaci%C3%B3n_(2000-2005)_ES\/EP\/EM\">Honda<br \/>\nCivic VII<\/a><\/th>\n<td bgcolor=\"#CFCFFF\"><i><b>14<\/b><\/i><\/td>\n<td bgcolor=\"#CFCFFF\">16\u2020<\/td>\n<td bgcolor=\"#DFFFDF\">5<\/td>\n<td bgcolor=\"#DFFFDF\"><b>6<\/b><\/td>\n<td bgcolor=\"#FFDF9F\">3<\/td>\n<td bgcolor=\"#DFFFDF\">6<\/td>\n<td bgcolor=\"#CFCFFF\">17<\/td>\n<td bgcolor=\"#EFCFFF\">Ret<\/td>\n<td bgcolor=\"#DFFFDF\">10<\/td>\n<td bgcolor=\"#DFFFDF\">4<\/td>\n<td bgcolor=\"#CFCFFF\">14<\/td>\n<td bgcolor=\"#EFCFFF\">Ret<\/td>\n<td bgcolor=\"#DFFFDF\"><i>4<\/i><\/td>\n<td bgcolor=\"#FFFFBF\"><b>1<\/b><\/td>\n<td><\/td>\n<td><\/td>\n<td><\/td>\n<td><\/td>\n<td><\/td>\n<td><\/td>\n<td><\/td>\n<td><\/td>\n<td><\/td>\n<td><\/td>\n<td><\/td>\n<td><\/td>\n<td><\/td>\n<td><\/td>\n<\/tr>\n<tr>\n<td rowspan=\"2\"><a class=\"mw-redirect\" title=\"Temporada 2006 de Turismo Competici\u00f3n 2000\" href=\"https:\/\/es.wikipedia.org\/wiki\/Temporada_2006_de_Turismo_Competici%C3%B3n_2000\">2006<\/a><\/td>\n<td><\/td>\n<td><\/td>\n<th><a title=\"Anexo:Ronda de Buenos Aires I de Turismo Competici\u00f3n 2000 2006\" href=\"https:\/\/es.wikipedia.org\/wiki\/Anexo:Ronda_de_Buenos_Aires_I_de_Turismo_Competici%C3%B3n_2000_2006\">BA I<\/a><\/th>\n<th><a title=\"Anexo:Ronda de Olavarr\u00eda de Turismo Competici\u00f3n 2000 2006\" href=\"https:\/\/es.wikipedia.org\/wiki\/Anexo:Ronda_de_Olavarr%C3%ADa_de_Turismo_Competici%C3%B3n_2000_2006\">OLA<\/a><\/th>\n<th><a title=\"Anexo:Ronda de Comodoro Rivadavia de Turismo Competici\u00f3n 2000 2006\" href=\"https:\/\/es.wikipedia.org\/wiki\/Anexo:Ronda_de_Comodoro_Rivadavia_de_Turismo_Competici%C3%B3n_2000_2006\">CR<\/a><\/th>\n<th><a title=\"Anexo:Ronda de Viedma de Turismo Competici\u00f3n 2000 2006\" href=\"https:\/\/es.wikipedia.org\/wiki\/Anexo:Ronda_de_Viedma_de_Turismo_Competici%C3%B3n_2000_2006\">VIE<\/a><\/th>\n<th><a title=\"Anexo:Ronda de Santa Fe de Turismo Competici\u00f3n 2000 2006\" href=\"https:\/\/es.wikipedia.org\/wiki\/Anexo:Ronda_de_Santa_Fe_de_Turismo_Competici%C3%B3n_2000_2006\">SFE<\/a><\/th>\n<th><a title=\"Anexo:Ronda de San Juan de Turismo Competici\u00f3n 2000 2006\" href=\"https:\/\/es.wikipedia.org\/wiki\/Anexo:Ronda_de_San_Juan_de_Turismo_Competici%C3%B3n_2000_2006\">SJU<\/a><\/th>\n<th><a title=\"Anexo:Ronda de San Rafael de Turismo Competici\u00f3n 2000 2006\" href=\"https:\/\/es.wikipedia.org\/wiki\/Anexo:Ronda_de_San_Rafael_de_Turismo_Competici%C3%B3n_2000_2006\">SRA<\/a><\/th>\n<th><a title=\"Anexo:Ronda de Resistencia de Turismo Competici\u00f3n 2000 2006\" href=\"https:\/\/es.wikipedia.org\/wiki\/Anexo:Ronda_de_Resistencia_de_Turismo_Competici%C3%B3n_2000_2006\">RES<\/a><\/th>\n<th><a title=\"Anexo:Ronda de Curitiba de Turismo Competici\u00f3n 2000 2006\" href=\"https:\/\/es.wikipedia.org\/wiki\/Anexo:Ronda_de_Curitiba_de_Turismo_Competici%C3%B3n_2000_2006\">CUR<\/a><\/th>\n<th><a title=\"Anexo:Ronda de San Mart\u00edn (Mendoza) de Turismo Competici\u00f3n 2000 2006\" href=\"https:\/\/es.wikipedia.org\/wiki\/Anexo:Ronda_de_San_Mart%C3%ADn_(Mendoza)_de_Turismo_Competici%C3%B3n_2000_2006\">SMM<\/a><\/th>\n<th><a title=\"Anexo:Ronda de General Roca de Turismo Competici\u00f3n 2000 2006\" href=\"https:\/\/es.wikipedia.org\/wiki\/Anexo:Ronda_de_General_Roca_de_Turismo_Competici%C3%B3n_2000_2006\">GR<\/a><\/th>\n<th><a title=\"Anexo:Ronda de Buenos Aires II de Turismo Competici\u00f3n 2000 2006\" href=\"https:\/\/es.wikipedia.org\/wiki\/Anexo:Ronda_de_Buenos_Aires_II_de_Turismo_Competici%C3%B3n_2000_2006\">BA II<\/a><\/th>\n<th><a title=\"Anexo:Ronda de Ober\u00e1 de Turismo Competici\u00f3n 2000 2006\" href=\"https:\/\/es.wikipedia.org\/wiki\/Anexo:Ronda_de_Ober%C3%A1_de_Turismo_Competici%C3%B3n_2000_2006\">OBE<\/a><\/th>\n<th><a title=\"Anexo:Ronda de Paran\u00e1 de Turismo Competici\u00f3n 2000 2006\" href=\"https:\/\/es.wikipedia.org\/wiki\/Anexo:Ronda_de_Paran%C3%A1_de_Turismo_Competici%C3%B3n_2000_2006\">PAR<\/a><\/th>\n<th><\/th>\n<th><\/th>\n<th><\/th>\n<th><\/th>\n<th><\/th>\n<th><\/th>\n<th><\/th>\n<th><\/th>\n<th><\/th>\n<th><\/th>\n<th><\/th>\n<th><\/th>\n<th><\/th>\n<th><\/th>\n<th rowspan=\"2\">2.\u00ba<\/th>\n<th rowspan=\"2\">185<\/th>\n<\/tr>\n<tr>\n<th><a class=\"new\" title=\"Alisi Racing (a\u00fan no redactado)\" href=\"https:\/\/es.wikipedia.org\/w\/index.php?title=Alisi_Racing&amp;action=edit&amp;redlink=1\">Honda Petrobras<br \/>\nLubrax<\/a><\/th>\n<th><a title=\"Honda Civic\" href=\"https:\/\/es.wikipedia.org\/wiki\/Honda_Civic#S%C3%A9ptima_generaci%C3%B3n_(2000-2005)_ES\/EP\/EM\">Honda<br \/>\nCivic VII<\/a><\/th>\n<td bgcolor=\"#FFDF9F\">3<\/td>\n<td bgcolor=\"#EFCFFF\">Ret<\/td>\n<td bgcolor=\"#DFFFDF\">4<\/td>\n<td bgcolor=\"#DFDFDF\">2<\/td>\n<td bgcolor=\"#DFFFDF\">6<\/td>\n<td bgcolor=\"#DFFFDF\"><i>4<\/i><\/td>\n<td bgcolor=\"#DFDFDF\">2<\/td>\n<td bgcolor=\"#FFFFBF\"><i><b>1<\/b><\/i><\/td>\n<td bgcolor=\"#FFFFBF\"><b>1<\/b><\/td>\n<td bgcolor=\"#DFFFDF\">5<\/td>\n<td bgcolor=\"#DFFFDF\"><b>7<\/b><\/td>\n<td bgcolor=\"#EFCFFF\">Ret<\/td>\n<td bgcolor=\"#FFFFBF\">1<\/td>\n<td bgcolor=\"#DFDFDF\">2<\/td>\n<td><\/td>\n<td><\/td>\n<td><\/td>\n<td><\/td>\n<td><\/td>\n<td><\/td>\n<td><\/td>\n<td><\/td>\n<td><\/td>\n<td><\/td>\n<td><\/td>\n<td><\/td>\n<td><\/td>\n<td><\/td>\n<\/tr>\n<tr>\n<td rowspan=\"2\"><a class=\"mw-redirect\" title=\"Temporada 2007 de Turismo Competici\u00f3n 2000\" href=\"https:\/\/es.wikipedia.org\/wiki\/Temporada_2007_de_Turismo_Competici%C3%B3n_2000\">2007<\/a><\/td>\n<td><\/td>\n<td><\/td>\n<th><a title=\"Anexo:Ronda de Comodoro Rivadavia de Turismo Competici\u00f3n 2000 2007\" href=\"https:\/\/es.wikipedia.org\/wiki\/Anexo:Ronda_de_Comodoro_Rivadavia_de_Turismo_Competici%C3%B3n_2000_2007\">CR<\/a><\/th>\n<th><a title=\"Anexo:Ronda de General Roca de Turismo Competici\u00f3n 2000 2007\" href=\"https:\/\/es.wikipedia.org\/wiki\/Anexo:Ronda_de_General_Roca_de_Turismo_Competici%C3%B3n_2000_2007\">GR<\/a><\/th>\n<th><a title=\"Anexo:Ronda de Bah\u00eda Blanca de Turismo Competici\u00f3n 2000 2007\" href=\"https:\/\/es.wikipedia.org\/wiki\/Anexo:Ronda_de_Bah%C3%ADa_Blanca_de_Turismo_Competici%C3%B3n_2000_2007\">BB<\/a><\/th>\n<th><a title=\"Anexo:Ronda de San Mart\u00edn (Mendoza) de Turismo Competici\u00f3n 2000 2007\" href=\"https:\/\/es.wikipedia.org\/wiki\/Anexo:Ronda_de_San_Mart%C3%ADn_(Mendoza)_de_Turismo_Competici%C3%B3n_2000_2007\">SMM<\/a><\/th>\n<th><a title=\"Anexo:Ronda de San Juan de Turismo Competici\u00f3n 2000 2007\" href=\"https:\/\/es.wikipedia.org\/wiki\/Anexo:Ronda_de_San_Juan_de_Turismo_Competici%C3%B3n_2000_2007\">SJU<\/a><\/th>\n<th><a title=\"Anexo:Ronda de San Pablo de Turismo Competici\u00f3n 2000 2007\" href=\"https:\/\/es.wikipedia.org\/wiki\/Anexo:Ronda_de_San_Pablo_de_Turismo_Competici%C3%B3n_2000_2007\">SP<\/a><\/th>\n<th><a title=\"Anexo:Ronda de Alta Gracia de Turismo Competici\u00f3n 2000 2007\" href=\"https:\/\/es.wikipedia.org\/wiki\/Anexo:Ronda_de_Alta_Gracia_de_Turismo_Competici%C3%B3n_2000_2007\">AG<\/a><\/th>\n<th><a title=\"Anexo:Ronda de Santa Fe de Turismo Competici\u00f3n 2000 2007\" href=\"https:\/\/es.wikipedia.org\/wiki\/Anexo:Ronda_de_Santa_Fe_de_Turismo_Competici%C3%B3n_2000_2007\">SFE<\/a><\/th>\n<th><a title=\"Anexo:Ronda de San Rafael de Turismo Competici\u00f3n 2000 2007\" href=\"https:\/\/es.wikipedia.org\/wiki\/Anexo:Ronda_de_San_Rafael_de_Turismo_Competici%C3%B3n_2000_2007\">SRA<\/a><\/th>\n<th><a title=\"Anexo:Ronda de Viedma de Turismo Competici\u00f3n 2000 2007\" href=\"https:\/\/es.wikipedia.org\/wiki\/Anexo:Ronda_de_Viedma_de_Turismo_Competici%C3%B3n_2000_2007\">VIE<\/a><\/th>\n<th><a title=\"Anexo:Ronda de Buenos Aires de Turismo Competici\u00f3n 2000 2007\" href=\"https:\/\/es.wikipedia.org\/wiki\/Anexo:Ronda_de_Buenos_Aires_de_Turismo_Competici%C3%B3n_2000_2007\">BA<\/a><\/th>\n<th><a title=\"Anexo:Ronda de Ober\u00e1 de Turismo Competici\u00f3n 2000 2007\" href=\"https:\/\/es.wikipedia.org\/wiki\/Anexo:Ronda_de_Ober%C3%A1_de_Turismo_Competici%C3%B3n_2000_2007\">OBE<\/a><\/th>\n<th><a title=\"Anexo:Ronda de San Luis de Turismo Competici\u00f3n 2000 2007\" href=\"https:\/\/es.wikipedia.org\/wiki\/Anexo:Ronda_de_San_Luis_de_Turismo_Competici%C3%B3n_2000_2007\">SL<\/a><\/th>\n<th><a title=\"Anexo:Ronda de Punta del Este de Turismo Competici\u00f3n 2000 2007\" href=\"https:\/\/es.wikipedia.org\/wiki\/Anexo:Ronda_de_Punta_del_Este_de_Turismo_Competici%C3%B3n_2000_2007\">PDE<\/a><\/th>\n<th><\/th>\n<th><\/th>\n<th><\/th>\n<th><\/th>\n<th><\/th>\n<th><\/th>\n<th><\/th>\n<th><\/th>\n<th><\/th>\n<th><\/th>\n<th><\/th>\n<th><\/th>\n<th><\/th>\n<th><\/th>\n<th rowspan=\"2\">7.\u00ba<\/th>\n<th rowspan=\"2\">92<\/th>\n<\/tr>\n<tr>\n<th><a class=\"new\" title=\"Alisi Racing (a\u00fan no redactado)\" href=\"https:\/\/es.wikipedia.org\/w\/index.php?title=Alisi_Racing&amp;action=edit&amp;redlink=1\">Honda<br \/>\nPetrobras<\/a><\/th>\n<th><a title=\"Honda Civic\" href=\"https:\/\/es.wikipedia.org\/wiki\/Honda_Civic#Octava_generaci%C3%B3n_(2006-2011)_FK\/FN\/FD\/FA\">Honda<br \/>\nCivic VIII<\/a><\/th>\n<td bgcolor=\"#EFCFFF\">Ret<\/td>\n<td bgcolor=\"#CFCFFF\"><i>19\u2020<\/i><\/td>\n<td bgcolor=\"#000000\"><b>Ex.<\/b><\/td>\n<td bgcolor=\"#FFFFBF\">1<\/td>\n<td bgcolor=\"#CFCFFF\">15\u2020<\/td>\n<td bgcolor=\"#DFFFDF\">8<\/td>\n<td bgcolor=\"#DFFFDF\">7<\/td>\n<td bgcolor=\"#DFFFDF\">6<\/td>\n<td bgcolor=\"#EFCFFF\">Ret<\/td>\n<td bgcolor=\"#DFFFDF\">5<\/td>\n<td bgcolor=\"#FFFFBF\"><b>1<\/b><\/td>\n<td bgcolor=\"#DFFFDF\">9<\/td>\n<td bgcolor=\"#EFCFFF\">Ret<\/td>\n<td bgcolor=\"#CFCFFF\">11<\/td>\n<td><\/td>\n<td><\/td>\n<td><\/td>\n<td><\/td>\n<td><\/td>\n<td><\/td>\n<td><\/td>\n<td><\/td>\n<td><\/td>\n<td><\/td>\n<td><\/td>\n<td><\/td>\n<td><\/td>\n<td><\/td>\n<\/tr>\n<tr>\n<td rowspan=\"2\"><a class=\"mw-redirect\" title=\"Temporada 2008 de Turismo Competici\u00f3n 2000\" href=\"https:\/\/es.wikipedia.org\/wiki\/Temporada_2008_de_Turismo_Competici%C3%B3n_2000\">2008<\/a><\/td>\n<td><\/td>\n<td><\/td>\n<th><a title=\"Anexo:Ronda de Paran\u00e1 de Turismo Competici\u00f3n 2000 2008\" href=\"https:\/\/es.wikipedia.org\/wiki\/Anexo:Ronda_de_Paran%C3%A1_de_Turismo_Competici%C3%B3n_2000_2008\">PAR<\/a><\/th>\n<th><a title=\"Anexo:Ronda de Salta de Turismo Competici\u00f3n 2000 2008\" href=\"https:\/\/es.wikipedia.org\/wiki\/Anexo:Ronda_de_Salta_de_Turismo_Competici%C3%B3n_2000_2008\">SAL<\/a><\/th>\n<th><a title=\"Anexo:Ronda de General Roca de Turismo Competici\u00f3n 2000 2008\" href=\"https:\/\/es.wikipedia.org\/wiki\/Anexo:Ronda_de_General_Roca_de_Turismo_Competici%C3%B3n_2000_2008\">GR<\/a><\/th>\n<th><a title=\"Anexo:Ronda de Santa Fe de Turismo Competici\u00f3n 2000 2008\" href=\"https:\/\/es.wikipedia.org\/wiki\/Anexo:Ronda_de_Santa_Fe_de_Turismo_Competici%C3%B3n_2000_2008\">SFE<\/a><\/th>\n<th><a title=\"Anexo:Ronda de San Juan de Turismo Competici\u00f3n 2000 2008\" href=\"https:\/\/es.wikipedia.org\/wiki\/Anexo:Ronda_de_San_Juan_de_Turismo_Competici%C3%B3n_2000_2008\">SJU<\/a><\/th>\n<th><a title=\"Anexo:Ronda de Resistencia de Turismo Competici\u00f3n 2000 2008\" href=\"https:\/\/es.wikipedia.org\/wiki\/Anexo:Ronda_de_Resistencia_de_Turismo_Competici%C3%B3n_2000_2008\">RES<\/a><\/th>\n<th><a title=\"Anexo:Ronda de Alta Gracia de Turismo Competici\u00f3n 2000 2008\" href=\"https:\/\/es.wikipedia.org\/wiki\/Anexo:Ronda_de_Alta_Gracia_de_Turismo_Competici%C3%B3n_2000_2008\">AG<\/a><\/th>\n<th><a title=\"Anexo:Ronda de Buenos Aires de Turismo Competici\u00f3n 2000 2008\" href=\"https:\/\/es.wikipedia.org\/wiki\/Anexo:Ronda_de_Buenos_Aires_de_Turismo_Competici%C3%B3n_2000_2008\">BA<\/a><\/th>\n<th><a title=\"Anexo:Ronda de Ober\u00e1 de Turismo Competici\u00f3n 2000 2008\" href=\"https:\/\/es.wikipedia.org\/wiki\/Anexo:Ronda_de_Ober%C3%A1_de_Turismo_Competici%C3%B3n_2000_2008\">OBE<\/a><\/th>\n<th><a title=\"Anexo:Ronda de Termas de R\u00edo Hondo de Turismo Competici\u00f3n 2000 2008\" href=\"https:\/\/es.wikipedia.org\/wiki\/Anexo:Ronda_de_Termas_de_R%C3%ADo_Hondo_de_Turismo_Competici%C3%B3n_2000_2008\">TRH<\/a><\/th>\n<th><a title=\"Anexo:Ronda de Viedma de Turismo Competici\u00f3n 2000 2008\" href=\"https:\/\/es.wikipedia.org\/wiki\/Anexo:Ronda_de_Viedma_de_Turismo_Competici%C3%B3n_2000_2008\">VIE<\/a><\/th>\n<th><a title=\"Anexo:Ronda de San Mart\u00edn (Mendoza) de Turismo Competici\u00f3n 2000 2008\" href=\"https:\/\/es.wikipedia.org\/wiki\/Anexo:Ronda_de_San_Mart%C3%ADn_(Mendoza)_de_Turismo_Competici%C3%B3n_2000_2008\">SMM<\/a><\/th>\n<th><a title=\"Anexo:Ronda de Potrero de los Funes de Turismo Competici\u00f3n 2000 2008\" href=\"https:\/\/es.wikipedia.org\/wiki\/Anexo:Ronda_de_Potrero_de_los_Funes_de_Turismo_Competici%C3%B3n_2000_2008\">PDF<\/a><\/th>\n<th><a title=\"Anexo:Ronda de Punta del Este de Turismo Competici\u00f3n 2000 2008\" href=\"https:\/\/es.wikipedia.org\/wiki\/Anexo:Ronda_de_Punta_del_Este_de_Turismo_Competici%C3%B3n_2000_2008\">PDE<\/a><\/th>\n<th><\/th>\n<th><\/th>\n<th><\/th>\n<th><\/th>\n<th><\/th>\n<th><\/th>\n<th><\/th>\n<th><\/th>\n<th><\/th>\n<th><\/th>\n<th><\/th>\n<th><\/th>\n<th><\/th>\n<th><\/th>\n<th rowspan=\"2\">3.\u00ba<\/th>\n<th rowspan=\"2\">153<\/th>\n<\/tr>\n<tr>\n<th><a title=\"RAM Racing Factory\" href=\"https:\/\/es.wikipedia.org\/wiki\/RAM_Racing_Factory\">Honda<br \/>\nPetrobras<\/a><\/th>\n<th><a title=\"Honda Civic\" href=\"https:\/\/es.wikipedia.org\/wiki\/Honda_Civic#Octava_generaci%C3%B3n_(2006-2011)_FK\/FN\/FD\/FA\">Honda<br \/>\nCivic VIII<\/a><\/th>\n<td bgcolor=\"#DFFFDF\">6<\/td>\n<td bgcolor=\"#FFDF9F\">3<\/td>\n<td bgcolor=\"#DFDFDF\">2<\/td>\n<td bgcolor=\"#CFCFFF\">13<\/td>\n<td bgcolor=\"#EFCFFF\"><b>Ret<\/b><\/td>\n<td bgcolor=\"#DFFFDF\">5<\/td>\n<td bgcolor=\"#DFFFDF\">6<\/td>\n<td bgcolor=\"#DFDFDF\">2<\/td>\n<td bgcolor=\"#DFDFDF\">2<\/td>\n<td bgcolor=\"#DFDFDF\">2<\/td>\n<td bgcolor=\"#DFFFDF\">5<\/td>\n<td bgcolor=\"#FFDF9F\"><b>3<\/b><\/td>\n<td bgcolor=\"#FFDF9F\">3<\/td>\n<td bgcolor=\"#DFFFDF\">6<\/td>\n<td><\/td>\n<td><\/td>\n<td><\/td>\n<td><\/td>\n<td><\/td>\n<td><\/td>\n<td><\/td>\n<td><\/td>\n<td><\/td>\n<td><\/td>\n<td><\/td>\n<td><\/td>\n<td><\/td>\n<td><\/td>\n<\/tr>\n<tr>\n<td rowspan=\"2\"><a class=\"mw-redirect\" title=\"Temporada 2009 de Turismo Competici\u00f3n 2000\" href=\"https:\/\/es.wikipedia.org\/wiki\/Temporada_2009_de_Turismo_Competici%C3%B3n_2000\">2009<\/a><\/td>\n<td><\/td>\n<td><\/td>\n<th><a title=\"Anexo:Ronda de Alta Gracia de Turismo Competici\u00f3n 2000 2009\" href=\"https:\/\/es.wikipedia.org\/wiki\/Anexo:Ronda_de_Alta_Gracia_de_Turismo_Competici%C3%B3n_2000_2009\">AG<\/a><\/th>\n<th><a title=\"Anexo:Ronda de General Roca de Turismo Competici\u00f3n 2000 2009\" href=\"https:\/\/es.wikipedia.org\/wiki\/Anexo:Ronda_de_General_Roca_de_Turismo_Competici%C3%B3n_2000_2009\">GR<\/a><\/th>\n<th><a title=\"Anexo:Ronda de Ober\u00e1 de Turismo Competici\u00f3n 2000 2009\" href=\"https:\/\/es.wikipedia.org\/wiki\/Anexo:Ronda_de_Ober%C3%A1_de_Turismo_Competici%C3%B3n_2000_2009\">OBE<\/a><\/th>\n<th><a title=\"Anexo:Ronda de San Mart\u00edn (Mendoza) de Turismo Competici\u00f3n 2000 2009\" href=\"https:\/\/es.wikipedia.org\/wiki\/Anexo:Ronda_de_San_Mart%C3%ADn_(Mendoza)_de_Turismo_Competici%C3%B3n_2000_2009\">SMM<\/a><\/th>\n<th><a title=\"Anexo:Ronda de Termas de R\u00edo Hondo de Turismo Competici\u00f3n 2000 2009\" href=\"https:\/\/es.wikipedia.org\/wiki\/Anexo:Ronda_de_Termas_de_R%C3%ADo_Hondo_de_Turismo_Competici%C3%B3n_2000_2009\">TRH<\/a><\/th>\n<th><a title=\"Anexo:Ronda de Resistencia de Turismo Competici\u00f3n 2000 2009\" href=\"https:\/\/es.wikipedia.org\/wiki\/Anexo:Ronda_de_Resistencia_de_Turismo_Competici%C3%B3n_2000_2009\">RES<\/a><\/th>\n<th><a title=\"Anexo:Ronda de Buenos Aires de Turismo Competici\u00f3n 2000 2009\" href=\"https:\/\/es.wikipedia.org\/wiki\/Anexo:Ronda_de_Buenos_Aires_de_Turismo_Competici%C3%B3n_2000_2009\">BA<\/a><\/th>\n<th><a title=\"Anexo:Ronda de Centenario de Turismo Competici\u00f3n 2000 2009\" href=\"https:\/\/es.wikipedia.org\/wiki\/Anexo:Ronda_de_Centenario_de_Turismo_Competici%C3%B3n_2000_2009\">CEN<\/a><\/th>\n<th colspan=\"2\"><a title=\"Anexo:Ronda de Santa Fe de Turismo Competici\u00f3n 2000 2009\" href=\"https:\/\/es.wikipedia.org\/wiki\/Anexo:Ronda_de_Santa_Fe_de_Turismo_Competici%C3%B3n_2000_2009\">SFE<\/a><\/th>\n<th colspan=\"2\"><a title=\"Anexo:Ronda de San Juan de Turismo Competici\u00f3n 2000 2009\" href=\"https:\/\/es.wikipedia.org\/wiki\/Anexo:Ronda_de_San_Juan_de_Turismo_Competici%C3%B3n_2000_2009\">SJU<\/a><\/th>\n<th><a title=\"Anexo:Ronda de Potrero de los Funes de Turismo Competici\u00f3n 2000 2009\" href=\"https:\/\/es.wikipedia.org\/wiki\/Anexo:Ronda_de_Potrero_de_los_Funes_de_Turismo_Competici%C3%B3n_2000_2009\">PDF<\/a><\/th>\n<th><\/th>\n<th><\/th>\n<th><\/th>\n<th><\/th>\n<th><\/th>\n<th><\/th>\n<th><\/th>\n<th><\/th>\n<th><\/th>\n<th><\/th>\n<th><\/th>\n<th><\/th>\n<th><\/th>\n<th><\/th>\n<th><\/th>\n<th rowspan=\"2\">3.\u00ba<\/th>\n<th rowspan=\"2\">127<\/th>\n<\/tr>\n<tr>\n<th><a title=\"RAM Racing Factory\" href=\"https:\/\/es.wikipedia.org\/wiki\/RAM_Racing_Factory\">Equipo<br \/>\nPetrobras<\/a><\/th>\n<th><a title=\"Honda Civic\" href=\"https:\/\/es.wikipedia.org\/wiki\/Honda_Civic#Octava_generaci%C3%B3n_(2006-2011)_FK\/FN\/FD\/FA\">Honda<br \/>\nCivic VIII<\/a><\/th>\n<td bgcolor=\"#FFFFBF\"><i>1<\/i><\/td>\n<td bgcolor=\"#CFCFFF\">18\u2020<\/td>\n<td bgcolor=\"#DFDFDF\"><i>2<\/i><\/td>\n<td bgcolor=\"#DFFFDF\">4<\/td>\n<td bgcolor=\"#DFDFDF\"><i>2<\/i><\/td>\n<td bgcolor=\"#DFFFDF\">6<\/td>\n<td bgcolor=\"#DFFFDF\">6<\/td>\n<td bgcolor=\"#DFFFDF\">6<\/td>\n<td bgcolor=\"#FFDF9F\">3<\/td>\n<td bgcolor=\"#FFDF9F\">3<\/td>\n<td bgcolor=\"#DFFFDF\">4<\/td>\n<td bgcolor=\"#DFFFDF\">5<\/td>\n<td bgcolor=\"#EFCFFF\">Ret<\/td>\n<td><\/td>\n<td><\/td>\n<td><\/td>\n<td><\/td>\n<td><\/td>\n<td><\/td>\n<td><\/td>\n<td><\/td>\n<td><\/td>\n<td><\/td>\n<td><\/td>\n<td><\/td>\n<td><\/td>\n<td><\/td>\n<td><\/td>\n<\/tr>\n<tr>\n<td rowspan=\"2\"><a class=\"mw-redirect\" title=\"Temporada 2010 de Turismo Competici\u00f3n 2000\" href=\"https:\/\/es.wikipedia.org\/wiki\/Temporada_2010_de_Turismo_Competici%C3%B3n_2000\">2010<\/a><\/td>\n<td><\/td>\n<td><\/td>\n<th><a title=\"Anexo:Ronda de Punta del Este de Turismo Competici\u00f3n 2000 2010\" href=\"https:\/\/es.wikipedia.org\/wiki\/Anexo:Ronda_de_Punta_del_Este_de_Turismo_Competici%C3%B3n_2000_2010\">PDE<\/a><\/th>\n<th><a title=\"Anexo:Ronda de San Mart\u00edn (Mendoza) de Turismo Competici\u00f3n 2000 2010\" href=\"https:\/\/es.wikipedia.org\/wiki\/Anexo:Ronda_de_San_Mart%C3%ADn_(Mendoza)_de_Turismo_Competici%C3%B3n_2000_2010\">SMM<\/a><\/th>\n<th><a title=\"Anexo:Ronda de General Roca de Turismo Competici\u00f3n 2000 2010\" href=\"https:\/\/es.wikipedia.org\/wiki\/Anexo:Ronda_de_General_Roca_de_Turismo_Competici%C3%B3n_2000_2010\">GR<\/a><\/th>\n<th><a title=\"Anexo:Ronda de Alta Gracia de Turismo Competici\u00f3n 2000 2010\" href=\"https:\/\/es.wikipedia.org\/wiki\/Anexo:Ronda_de_Alta_Gracia_de_Turismo_Competici%C3%B3n_2000_2010\">AG<\/a><\/th>\n<th><a title=\"Anexo:Ronda de Resistencia de Turismo Competici\u00f3n 2000 2010\" href=\"https:\/\/es.wikipedia.org\/wiki\/Anexo:Ronda_de_Resistencia_de_Turismo_Competici%C3%B3n_2000_2010\">RES<\/a><\/th>\n<th><a title=\"Anexo:Ronda de Termas de R\u00edo Hondo de Turismo Competici\u00f3n 2000 2010\" href=\"https:\/\/es.wikipedia.org\/wiki\/Anexo:Ronda_de_Termas_de_R%C3%ADo_Hondo_de_Turismo_Competici%C3%B3n_2000_2010\">TRH<\/a><\/th>\n<th><a title=\"Anexo:Ronda de La Rioja de Turismo Competici\u00f3n 2000 2010\" href=\"https:\/\/es.wikipedia.org\/wiki\/Anexo:Ronda_de_La_Rioja_de_Turismo_Competici%C3%B3n_2000_2010\">LR<\/a><\/th>\n<th colspan=\"2\"><a title=\"Anexo:Ronda de Santa Fe de Turismo Competici\u00f3n 2000 2010\" href=\"https:\/\/es.wikipedia.org\/wiki\/Anexo:Ronda_de_Santa_Fe_de_Turismo_Competici%C3%B3n_2000_2010\">SFE<\/a><\/th>\n<th><a title=\"Anexo:Ronda de Centenario de Turismo Competici\u00f3n 2000 2010\" href=\"https:\/\/es.wikipedia.org\/wiki\/Anexo:Ronda_de_Centenario_de_Turismo_Competici%C3%B3n_2000_2010\">CEN<\/a><\/th>\n<th><a title=\"Anexo:Ronda de Ober\u00e1 de Turismo Competici\u00f3n 2000 2010\" href=\"https:\/\/es.wikipedia.org\/wiki\/Anexo:Ronda_de_Ober%C3%A1_de_Turismo_Competici%C3%B3n_2000_2010\">OBE<\/a><\/th>\n<th><a title=\"Anexo:Ronda de Buenos Aires de Turismo Competici\u00f3n 2000 2010\" href=\"https:\/\/es.wikipedia.org\/wiki\/Anexo:Ronda_de_Buenos_Aires_de_Turismo_Competici%C3%B3n_2000_2010\">BA<\/a><\/th>\n<th><a title=\"Anexo:Ronda de Potrero de los Funes de Turismo Competici\u00f3n 2000 2010\" href=\"https:\/\/es.wikipedia.org\/wiki\/Anexo:Ronda_de_Potrero_de_los_Funes_de_Turismo_Competici%C3%B3n_2000_2010\">PDF<\/a><\/th>\n<th><\/th>\n<th><\/th>\n<th><\/th>\n<th><\/th>\n<th><\/th>\n<th><\/th>\n<th><\/th>\n<th><\/th>\n<th><\/th>\n<th><\/th>\n<th><\/th>\n<th><\/th>\n<th><\/th>\n<th><\/th>\n<th><\/th>\n<th rowspan=\"2\">15.\u00ba<\/th>\n<th rowspan=\"2\">25<\/th>\n<\/tr>\n<tr>\n<th><a class=\"new\" title=\"EF Racing (a\u00fan no redactado)\" href=\"https:\/\/es.wikipedia.org\/w\/index.php?title=EF_Racing&amp;action=edit&amp;redlink=1\">Renault Lo<br \/>\nJack Team<\/a><\/th>\n<th><a title=\"Renault M\u00e9gane\" href=\"https:\/\/es.wikipedia.org\/wiki\/Renault_M%C3%A9gane#Segunda_generaci%C3%B3n_(2002-2009)\">Renault<br \/>\nM\u00e9gane II<\/a><\/th>\n<td bgcolor=\"#EFCFFF\">Ret<\/td>\n<td bgcolor=\"#EFCFFF\">Ret<\/td>\n<td bgcolor=\"#EFCFFF\"><i>Ret<\/i><\/td>\n<td bgcolor=\"#EFCFFF\">Ret<\/td>\n<td bgcolor=\"#CFCFFF\">12<\/td>\n<td bgcolor=\"#DFFFDF\">4<\/td>\n<td bgcolor=\"#CFCFFF\">14<\/td>\n<td bgcolor=\"#DFFFDF\">7<\/td>\n<td bgcolor=\"#FFDF9F\">3<\/td>\n<td bgcolor=\"#CFCFFF\">16<\/td>\n<td bgcolor=\"#EFCFFF\">Ret<\/td>\n<td bgcolor=\"#DFFFDF\">10<\/td>\n<td bgcolor=\"#EFCFFF\">Ret<\/td>\n<td><\/td>\n<td><\/td>\n<td><\/td>\n<td><\/td>\n<td><\/td>\n<td><\/td>\n<td><\/td>\n<td><\/td>\n<td><\/td>\n<td><\/td>\n<td><\/td>\n<td><\/td>\n<td><\/td>\n<td><\/td>\n<td><\/td>\n<\/tr>\n<tr>\n<td rowspan=\"2\"><a class=\"mw-redirect\" title=\"Temporada 2011 de Turismo Competici\u00f3n 2000\" href=\"https:\/\/es.wikipedia.org\/wiki\/Temporada_2011_de_Turismo_Competici%C3%B3n_2000\">2011<\/a><\/td>\n<td><\/td>\n<td><\/td>\n<th><a title=\"Anexo:Ronda de General Roca de Turismo Competici\u00f3n 2000 2011\" href=\"https:\/\/es.wikipedia.org\/wiki\/Anexo:Ronda_de_General_Roca_de_Turismo_Competici%C3%B3n_2000_2011\">GR<\/a><\/th>\n<th colspan=\"2\"><a title=\"Anexo:Ronda de Santa Fe de Turismo Competici\u00f3n 2000 2011\" href=\"https:\/\/es.wikipedia.org\/wiki\/Anexo:Ronda_de_Santa_Fe_de_Turismo_Competici%C3%B3n_2000_2011\">SFE<\/a><\/th>\n<th><a title=\"Anexo:Ronda de San Mart\u00edn (Mendoza) de Turismo Competici\u00f3n 2000 2011\" href=\"https:\/\/es.wikipedia.org\/wiki\/Anexo:Ronda_de_San_Mart%C3%ADn_(Mendoza)_de_Turismo_Competici%C3%B3n_2000_2011\">SMM<\/a><\/th>\n<th><a title=\"Anexo:Ronda de San Juan de Turismo Competici\u00f3n 2000 2011\" href=\"https:\/\/es.wikipedia.org\/wiki\/Anexo:Ronda_de_San_Juan_de_Turismo_Competici%C3%B3n_2000_2011\">SJU<\/a><\/th>\n<th><a title=\"Anexo:Ronda de Resistencia de Turismo Competici\u00f3n 2000 2011\" href=\"https:\/\/es.wikipedia.org\/wiki\/Anexo:Ronda_de_Resistencia_de_Turismo_Competici%C3%B3n_2000_2011\">RES<\/a><\/th>\n<th><a title=\"Anexo:Ronda de Alta Gracia de Turismo Competici\u00f3n 2000 2011\" href=\"https:\/\/es.wikipedia.org\/wiki\/Anexo:Ronda_de_Alta_Gracia_de_Turismo_Competici%C3%B3n_2000_2011\">AG<\/a><\/th>\n<th><a title=\"Anexo:Ronda de Termas de R\u00edo Hondo de Turismo Competici\u00f3n 2000 2011\" href=\"https:\/\/es.wikipedia.org\/wiki\/Anexo:Ronda_de_Termas_de_R%C3%ADo_Hondo_de_Turismo_Competici%C3%B3n_2000_2011\">TRH<\/a><\/th>\n<th><a title=\"Anexo:Ronda de La Plata de Turismo Competici\u00f3n 2000 2011\" href=\"https:\/\/es.wikipedia.org\/wiki\/Anexo:Ronda_de_La_Plata_de_Turismo_Competici%C3%B3n_2000_2011\">LPL<\/a><\/th>\n<th><a title=\"Anexo:Ronda de Trelew de Turismo Competici\u00f3n 2000 2011\" href=\"https:\/\/es.wikipedia.org\/wiki\/Anexo:Ronda_de_Trelew_de_Turismo_Competici%C3%B3n_2000_2011\">TRE<\/a><\/th>\n<th><a title=\"Anexo:Ronda de Jun\u00edn de Turismo Competici\u00f3n 2000 2011\" href=\"https:\/\/es.wikipedia.org\/wiki\/Anexo:Ronda_de_Jun%C3%ADn_de_Turismo_Competici%C3%B3n_2000_2011\">JUN<\/a><\/th>\n<th><a title=\"Anexo:Ronda de Potrero de los Funes de Turismo Competici\u00f3n 2000 2011\" href=\"https:\/\/es.wikipedia.org\/wiki\/Anexo:Ronda_de_Potrero_de_los_Funes_de_Turismo_Competici%C3%B3n_2000_2011\">PDF<\/a><\/th>\n<th><a title=\"Anexo:Ronda de Paran\u00e1 de Turismo Competici\u00f3n 2000 2011\" href=\"https:\/\/es.wikipedia.org\/wiki\/Anexo:Ronda_de_Paran%C3%A1_de_Turismo_Competici%C3%B3n_2000_2011\">PAR<\/a><\/th>\n<th><\/th>\n<th><\/th>\n<th><\/th>\n<th><\/th>\n<th><\/th>\n<th><\/th>\n<th><\/th>\n<th><\/th>\n<th><\/th>\n<th><\/th>\n<th><\/th>\n<th><\/th>\n<th><\/th>\n<th><\/th>\n<th><\/th>\n<th rowspan=\"2\">6.\u00ba<\/th>\n<th rowspan=\"2\">138<\/th>\n<\/tr>\n<tr>\n<th><a title=\"HAZ Racing Team\" href=\"https:\/\/es.wikipedia.org\/wiki\/HAZ_Racing_Team\">Ford YPF<\/a><\/th>\n<th><a title=\"Ford Focus\" href=\"https:\/\/es.wikipedia.org\/wiki\/Ford_Focus#Segunda_generaci%C3%B3n_(2004-2010)\">Ford<br \/>\nFocus II<\/a><\/th>\n<td bgcolor=\"#FFFFBF\">1<\/td>\n<td bgcolor=\"#DFFFDF\">7<\/td>\n<td bgcolor=\"#DFFFDF\">12<\/td>\n<td bgcolor=\"#DFFFDF\">8<\/td>\n<td bgcolor=\"#DFFFDF\">6<\/td>\n<td bgcolor=\"#EFCFFF\">Ret<\/td>\n<td bgcolor=\"#EFCFFF\">Ret<\/td>\n<td bgcolor=\"#DFFFDF\">8<\/td>\n<td bgcolor=\"#CFCFFF\">16<\/td>\n<td bgcolor=\"#DFFFDF\">7<\/td>\n<td bgcolor=\"#FFDF9F\">3<\/td>\n<td bgcolor=\"#DFFFDF\">4<\/td>\n<td bgcolor=\"#DFFFDF\"><i>6<\/i><\/td>\n<td><\/td>\n<td><\/td>\n<td><\/td>\n<td><\/td>\n<td><\/td>\n<td><\/td>\n<td><\/td>\n<td><\/td>\n<td><\/td>\n<td><\/td>\n<td><\/td>\n<td><\/td>\n<td><\/td>\n<td><\/td>\n<td><\/td>\n<\/tr>\n<\/tbody>\n<\/table>\n<\/div>\n<div class=\"mw-heading mw-heading4\">\n<h4 id=\"Copa_Endurance_Series\">Copa Endurance Series<\/h4>\n<\/div>\n<table class=\"wikitable\">\n<tbody>\n<tr>\n<th>A\u00f1o<\/th>\n<th>Equipo<\/th>\n<th>Auto<\/th>\n<th>1<\/th>\n<th>2<\/th>\n<th>3<\/th>\n<th>Res.<\/th>\n<th>Puntos<\/th>\n<\/tr>\n<tr>\n<td rowspan=\"2\"><a class=\"mw-redirect\" title=\"Temporada 2009 de Turismo Competici\u00f3n 2000\" href=\"https:\/\/es.wikipedia.org\/wiki\/Temporada_2009_de_Turismo_Competici%C3%B3n_2000\">2009<\/a><\/td>\n<td><\/td>\n<td><\/td>\n<th><a title=\"Anexo:Ronda de Termas de R\u00edo Hondo de Turismo Competici\u00f3n 2000 2009\" href=\"https:\/\/es.wikipedia.org\/wiki\/Anexo:Ronda_de_Termas_de_R%C3%ADo_Hondo_de_Turismo_Competici%C3%B3n_2000_2009\">TRH<\/a><\/th>\n<th><a title=\"Anexo:Ronda de Buenos Aires de Turismo Competici\u00f3n 2000 2009\" href=\"https:\/\/es.wikipedia.org\/wiki\/Anexo:Ronda_de_Buenos_Aires_de_Turismo_Competici%C3%B3n_2000_2009\">BA<\/a><\/th>\n<th><a title=\"Anexo:Ronda de Potrero de los Funes de Turismo Competici\u00f3n 2000 2009\" href=\"https:\/\/es.wikipedia.org\/wiki\/Anexo:Ronda_de_Potrero_de_los_Funes_de_Turismo_Competici%C3%B3n_2000_2009\">PDF<\/a><\/th>\n<th rowspan=\"2\">5.\u00ba<\/th>\n<th rowspan=\"2\">27<\/th>\n<\/tr>\n<tr>\n<th><a title=\"RAM Racing Factory\" href=\"https:\/\/es.wikipedia.org\/wiki\/RAM_Racing_Factory\">Equipo Petrobras<\/a><\/th>\n<th><a title=\"Honda Civic\" href=\"https:\/\/es.wikipedia.org\/wiki\/Honda_Civic#Octava_generaci%C3%B3n_(2006-2011)_FK\/FN\/FD\/FA\">Honda Civic VIII<\/a><\/th>\n<td bgcolor=\"#DFDFDF\">2<\/td>\n<td bgcolor=\"#DFFFDF\">6<\/td>\n<td bgcolor=\"#EFCFFF\">Ret<\/td>\n<\/tr>\n<tr>\n<td rowspan=\"2\"><a class=\"mw-redirect\" title=\"Temporada 2010 de Turismo Competici\u00f3n 2000\" href=\"https:\/\/es.wikipedia.org\/wiki\/Temporada_2010_de_Turismo_Competici%C3%B3n_2000\">2010<\/a><\/td>\n<td><\/td>\n<td><\/td>\n<th><a title=\"Anexo:Ronda de Termas de R\u00edo Hondo de Turismo Competici\u00f3n 2000 2010\" href=\"https:\/\/es.wikipedia.org\/wiki\/Anexo:Ronda_de_Termas_de_R%C3%ADo_Hondo_de_Turismo_Competici%C3%B3n_2000_2010\">TRH<\/a><\/th>\n<th><a title=\"Anexo:Ronda de Centenario de Turismo Competici\u00f3n 2000 2010\" href=\"https:\/\/es.wikipedia.org\/wiki\/Anexo:Ronda_de_Centenario_de_Turismo_Competici%C3%B3n_2000_2010\">CEN<\/a><\/th>\n<th><a title=\"Anexo:Ronda de Buenos Aires de Turismo Competici\u00f3n 2000 2010\" href=\"https:\/\/es.wikipedia.org\/wiki\/Anexo:Ronda_de_Buenos_Aires_de_Turismo_Competici%C3%B3n_2000_2010\">BA<\/a><\/th>\n<th rowspan=\"2\">10.\u00ba<\/th>\n<th rowspan=\"2\">13<\/th>\n<\/tr>\n<tr>\n<th><a class=\"new\" title=\"EF Racing (a\u00fan no redactado)\" href=\"https:\/\/es.wikipedia.org\/w\/index.php?title=EF_Racing&amp;action=edit&amp;redlink=1\">Renault Lo Jack Team<\/a><\/th>\n<th><a title=\"Renault M\u00e9gane\" href=\"https:\/\/es.wikipedia.org\/wiki\/Renault_M%C3%A9gane#Segunda_generaci%C3%B3n_(2002-2009)\">Renault M\u00e9gane II<\/a><\/th>\n<td bgcolor=\"#DFFFDF\">4<\/td>\n<td bgcolor=\"#CFCFFF\">16<\/td>\n<td bgcolor=\"#DFFFDF\">10<\/td>\n<\/tr>\n<\/tbody>\n<\/table>\n<div class=\"mw-heading mw-heading3\">\n<h3 id=\"S\u00faper_TC_2000\"><span id=\"S.C3.BAper_TC_2000\"><\/span>S\u00faper TC 2000<\/h3>\n<\/div>\n<div class=\"overflow-x-auto\">\n<table class=\"wikitable\">\n<tbody>\n<tr>\n<th>A\u00f1o<\/th>\n<th>Equipo<\/th>\n<th>Auto<\/th>\n<th>1<\/th>\n<th>2<\/th>\n<th>3<\/th>\n<th>4<\/th>\n<th>5<\/th>\n<th>6<\/th>\n<th>7<\/th>\n<th>8<\/th>\n<th>9<\/th>\n<th>10<\/th>\n<th>11<\/th>\n<th>12<\/th>\n<th>13<\/th>\n<th>14<\/th>\n<th>15<\/th>\n<th>16<\/th>\n<th>17<\/th>\n<th>18<\/th>\n<th>19<\/th>\n<th>Res.<\/th>\n<th>Puntos<\/th>\n<\/tr>\n<tr>\n<td rowspan=\"2\"><a class=\"mw-redirect\" title=\"Temporada 2017 del S\u00faper TC 2000\" href=\"https:\/\/es.wikipedia.org\/wiki\/Temporada_2017_del_S%C3%BAper_TC_2000\">2017<\/a><\/td>\n<td><\/td>\n<td><\/td>\n<th><a title=\"Anexo:Ronda de Buenos Aires I del S\u00faper TC 2000 2017\" href=\"https:\/\/es.wikipedia.org\/wiki\/Anexo:Ronda_de_Buenos_Aires_I_del_S%C3%BAper_TC_2000_2017\">BA I<\/a><\/th>\n<th><a title=\"Anexo:Ronda de Potrero de los Funes del S\u00faper TC 2000 2017\" href=\"https:\/\/es.wikipedia.org\/wiki\/Anexo:Ronda_de_Potrero_de_los_Funes_del_S%C3%BAper_TC_2000_2017\">PDF<\/a><\/th>\n<th><a title=\"Anexo:Ronda de San Mart\u00edn (Mendoza) del S\u00faper TC 2000 2017\" href=\"https:\/\/es.wikipedia.org\/wiki\/Anexo:Ronda_de_San_Mart%C3%ADn_(Mendoza)_del_S%C3%BAper_TC_2000_2017\">SMM<\/a><\/th>\n<th colspan=\"2\"><a title=\"Anexo:Ronda de Rosario del S\u00faper TC 2000 2017\" href=\"https:\/\/es.wikipedia.org\/wiki\/Anexo:Ronda_de_Rosario_del_S%C3%BAper_TC_2000_2017\">ROS<\/a><\/th>\n<th><a title=\"Anexo:Ronda de Termas de R\u00edo Hondo del S\u00faper TC 2000 2017\" href=\"https:\/\/es.wikipedia.org\/wiki\/Anexo:Ronda_de_Termas_de_R%C3%ADo_Hondo_del_S%C3%BAper_TC_2000_2017\">TRH<\/a><\/th>\n<th><a title=\"Anexo:Ronda de Rafaela del S\u00faper TC 2000 2017\" href=\"https:\/\/es.wikipedia.org\/wiki\/Anexo:Ronda_de_Rafaela_del_S%C3%BAper_TC_2000_2017\">RAF<\/a><\/th>\n<th><a title=\"Anexo:Ronda de Ober\u00e1 del S\u00faper TC 2000 2017\" href=\"https:\/\/es.wikipedia.org\/wiki\/Anexo:Ronda_de_Ober%C3%A1_del_S%C3%BAper_TC_2000_2017\">OBE<\/a><\/th>\n<th colspan=\"2\"><a title=\"Anexo:Ronda de Santa Fe del S\u00faper TC 2000 2017\" href=\"https:\/\/es.wikipedia.org\/wiki\/Anexo:Ronda_de_Santa_Fe_del_S%C3%BAper_TC_2000_2017\">SFE<\/a><\/th>\n<th><a title=\"Anexo:Ronda de Buenos Aires II del S\u00faper TC 2000 2017\" href=\"https:\/\/es.wikipedia.org\/wiki\/Anexo:Ronda_de_Buenos_Aires_II_del_S%C3%BAper_TC_2000_2017\">BA II<\/a><\/th>\n<th><a title=\"Anexo:Ronda de San Juan del S\u00faper TC 2000 2017\" href=\"https:\/\/es.wikipedia.org\/wiki\/Anexo:Ronda_de_San_Juan_del_S%C3%BAper_TC_2000_2017\">SJU<\/a><\/th>\n<th><a title=\"Anexo:Ronda de General Roca del S\u00faper TC 2000 2017\" href=\"https:\/\/es.wikipedia.org\/wiki\/Anexo:Ronda_de_General_Roca_del_S%C3%BAper_TC_2000_2017\">GR<\/a><\/th>\n<th><a title=\"Anexo:Ronda de Alta Gracia del S\u00faper TC 2000 2017\" href=\"https:\/\/es.wikipedia.org\/wiki\/Anexo:Ronda_de_Alta_Gracia_del_S%C3%BAper_TC_2000_2017\">AG<\/a><\/th>\n<th><\/th>\n<th><\/th>\n<th><\/th>\n<th><\/th>\n<th><\/th>\n<th rowspan=\"2\">&#8211;<\/th>\n<th rowspan=\"2\">&#8211;<sup id=\"cite_ref-200km_8-1\" class=\"mw-references reference separada\"><a href=\"https:\/\/es.wikipedia.org\/wiki\/Juan_Manuel_Silva#cite_note-200km-8\"><span class=\"cite-bracket\">[<\/span>nota 2<span class=\"cite-bracket\">]<\/span><\/a><\/sup>\u200b<\/th>\n<\/tr>\n<tr>\n<th><a title=\"RAM Racing Factory\" href=\"https:\/\/es.wikipedia.org\/wiki\/RAM_Racing_Factory\">Escuder\u00eda Fela<\/a><\/th>\n<th><a title=\"Ford Focus\" href=\"https:\/\/es.wikipedia.org\/wiki\/Ford_Focus#Redise%C3%B1o_de_2014\">Ford Focus III<\/a><\/th>\n<td><\/td>\n<td><\/td>\n<td><\/td>\n<td><\/td>\n<td><\/td>\n<td><\/td>\n<td><\/td>\n<td><\/td>\n<td><\/td>\n<td><\/td>\n<td bgcolor=\"#DFFFDF\">5<sup id=\"cite_ref-200km2017_10-0\" class=\"mw-references reference separada\"><a href=\"https:\/\/es.wikipedia.org\/wiki\/Juan_Manuel_Silva#cite_note-200km2017-10\"><span class=\"cite-bracket\">[<\/span>nota 3<span class=\"cite-bracket\">]<\/span><\/a><\/sup>\u200b<\/td>\n<td><\/td>\n<td><\/td>\n<td><\/td>\n<td><\/td>\n<td><\/td>\n<td><\/td>\n<td><\/td>\n<td><\/td>\n<\/tr>\n<tr>\n<td rowspan=\"2\"><a class=\"mw-redirect\" title=\"Temporada 2020 del S\u00faper TC 2000\" href=\"https:\/\/es.wikipedia.org\/wiki\/Temporada_2020_del_S%C3%BAper_TC_2000\">2020<\/a><\/td>\n<td><\/td>\n<td><\/td>\n<th colspan=\"2\"><a title=\"Anexo:Ronda de Buenos Aires I del S\u00faper TC 2000 2020\" href=\"https:\/\/es.wikipedia.org\/wiki\/Anexo:Ronda_de_Buenos_Aires_I_del_S%C3%BAper_TC_2000_2020\">BA I<\/a><\/th>\n<th colspan=\"2\"><a title=\"Anexo:Ronda de Buenos Aires II del S\u00faper TC 2000 2020\" href=\"https:\/\/es.wikipedia.org\/wiki\/Anexo:Ronda_de_Buenos_Aires_II_del_S%C3%BAper_TC_2000_2020\">BA II<\/a><\/th>\n<th colspan=\"2\"><a title=\"Anexo:Ronda de Alta Gracia I del S\u00faper TC 2000 2020\" href=\"https:\/\/es.wikipedia.org\/wiki\/Anexo:Ronda_de_Alta_Gracia_I_del_S%C3%BAper_TC_2000_2020\">AG I<\/a><\/th>\n<th colspan=\"2\"><a title=\"Anexo:Ronda de Alta Gracia II del S\u00faper TC 2000 2020\" href=\"https:\/\/es.wikipedia.org\/wiki\/Anexo:Ronda_de_Alta_Gracia_II_del_S%C3%BAper_TC_2000_2020\">AG II<\/a><\/th>\n<th colspan=\"2\"><a title=\"Anexo:Ronda de Buenos Aires III del S\u00faper TC 2000 2020\" href=\"https:\/\/es.wikipedia.org\/wiki\/Anexo:Ronda_de_Buenos_Aires_III_del_S%C3%BAper_TC_2000_2020\">BA III<\/a><\/th>\n<th colspan=\"2\"><a title=\"Anexo:Ronda de Buenos Aires IV del S\u00faper TC 2000 2020\" href=\"https:\/\/es.wikipedia.org\/wiki\/Anexo:Ronda_de_Buenos_Aires_IV_del_S%C3%BAper_TC_2000_2020\">BA IV<\/a><\/th>\n<th colspan=\"2\"><a title=\"Anexo:Ronda de R\u00edo Cuarto del S\u00faper TC 2000 2020\" href=\"https:\/\/es.wikipedia.org\/wiki\/Anexo:Ronda_de_R%C3%ADo_Cuarto_del_S%C3%BAper_TC_2000_2020\">RC<\/a><\/th>\n<th colspan=\"2\"><a title=\"Anexo:Ronda de Paran\u00e1 del S\u00faper TC 2000 2020\" href=\"https:\/\/es.wikipedia.org\/wiki\/Anexo:Ronda_de_Paran%C3%A1_del_S%C3%BAper_TC_2000_2020\">PAR<\/a><\/th>\n<th colspan=\"2\"><a title=\"Anexo:Ronda de Buenos Aires V del S\u00faper TC 2000 2020\" href=\"https:\/\/es.wikipedia.org\/wiki\/Anexo:Ronda_de_Buenos_Aires_V_del_S%C3%BAper_TC_2000_2020\">BA V<\/a><\/th>\n<th><a title=\"Anexo:Ronda de Buenos Aires VI del S\u00faper TC 2000 2020\" href=\"https:\/\/es.wikipedia.org\/wiki\/Anexo:Ronda_de_Buenos_Aires_VI_del_S%C3%BAper_TC_2000_2020\">BA VI<\/a><\/th>\n<th rowspan=\"2\">16.\u00ba<\/th>\n<th rowspan=\"2\">20<\/th>\n<\/tr>\n<tr>\n<th><a title=\"RAM Racing Factory\" href=\"https:\/\/es.wikipedia.org\/wiki\/RAM_Racing_Factory\">Puma Energy Honda Racing<\/a><\/th>\n<th><a title=\"Honda Civic\" href=\"https:\/\/es.wikipedia.org\/wiki\/Honda_Civic#D%C3%A9cima_generaci%C3%B3n_(2016-presente)\">Honda Civic X<\/a><\/th>\n<td bgcolor=\"#CFCFFF\">16<\/td>\n<td bgcolor=\"#DFFFDF\">7<\/td>\n<td bgcolor=\"#DFFFDF\">4<\/td>\n<td bgcolor=\"#DFFFDF\">5<\/td>\n<td bgcolor=\"#CFCFFF\">9<\/td>\n<td bgcolor=\"#DFFFDF\">9<\/td>\n<td bgcolor=\"#CFCFFF\">16<\/td>\n<td bgcolor=\"#DFFFDF\">10<\/td>\n<td bgcolor=\"#EFCFFF\">Ret<\/td>\n<td bgcolor=\"#DFFFDF\">10<\/td>\n<td bgcolor=\"#CFCFFF\">11<\/td>\n<td bgcolor=\"#CFCFFF\">14<\/td>\n<td><\/td>\n<td><\/td>\n<td><\/td>\n<td><\/td>\n<td bgcolor=\"#CFCFFF\">17<\/td>\n<td bgcolor=\"#CFCFFF\">18\u2020<\/td>\n<td bgcolor=\"#CFCFFF\">11<\/td>\n<\/tr>\n<\/tbody>\n<\/table>\n<\/div>\n<div class=\"mw-heading mw-heading3\">\n<h3 id=\"Rally_Dakar\">Rally Dakar<\/h3>\n<\/div>\n<table class=\"wikitable\">\n<tbody>\n<tr>\n<th>A\u00f1o<\/th>\n<th>Categor\u00eda<\/th>\n<th>Veh\u00edculo<\/th>\n<th>Copiloto<\/th>\n<th>Posici\u00f3n<\/th>\n<th>Etapas<\/th>\n<\/tr>\n<tr>\n<th><a title=\"Rally Dakar de 2011\" href=\"https:\/\/es.wikipedia.org\/wiki\/Rally_Dakar_de_2011\">2011<\/a><\/th>\n<td rowspan=\"9\">Coches<\/td>\n<td>McRae<\/td>\n<td><i>Sin copiloto<\/i><\/td>\n<td>46.\u00ba<\/td>\n<td>&#8211;<\/td>\n<\/tr>\n<tr>\n<th><a title=\"Rally Dakar de 2012\" href=\"https:\/\/es.wikipedia.org\/wiki\/Rally_Dakar_de_2012\">2012<\/a><\/th>\n<td rowspan=\"2\"><a title=\"Volkswagen\" href=\"https:\/\/es.wikipedia.org\/wiki\/Volkswagen\">Volkswagen<\/a><\/td>\n<td rowspan=\"2\"><a class=\"new\" title=\"Rub\u00e9n Garc\u00eda (piloto) (a\u00fan no redactado)\" href=\"https:\/\/es.wikipedia.org\/w\/index.php?title=Rub%C3%A9n_Garc%C3%ADa_(piloto)&amp;action=edit&amp;redlink=1\">Rub\u00e9n Garc\u00eda<\/a><\/td>\n<td>Ret.<\/td>\n<td>&#8211;<\/td>\n<\/tr>\n<tr>\n<th><a title=\"Rally Dakar de 2013\" href=\"https:\/\/es.wikipedia.org\/wiki\/Rally_Dakar_de_2013\">2013<\/a><\/th>\n<td>Ret.<\/td>\n<td>&#8211;<\/td>\n<\/tr>\n<tr>\n<th><a title=\"Rally Dakar de 2014\" href=\"https:\/\/es.wikipedia.org\/wiki\/Rally_Dakar_de_2014\">2014<\/a><\/th>\n<td rowspan=\"5\"><a class=\"mw-redirect\" title=\"Mercedes Benz\" href=\"https:\/\/es.wikipedia.org\/wiki\/Mercedes_Benz\">Mercedes<\/a><\/td>\n<td><a class=\"new\" title=\"Tomislaw Glavic (a\u00fan no redactado)\" href=\"https:\/\/es.wikipedia.org\/w\/index.php?title=Tomislaw_Glavic&amp;action=edit&amp;redlink=1\">Tomislaw Glavic<\/a><\/td>\n<td>20.\u00ba<\/td>\n<td>&#8211;<\/td>\n<\/tr>\n<tr>\n<th><a title=\"Rally Dakar de 2015\" href=\"https:\/\/es.wikipedia.org\/wiki\/Rally_Dakar_de_2015\">2015<\/a><\/th>\n<td><a class=\"new\" title=\"Juan Pablo Sisterna (a\u00fan no redactado)\" href=\"https:\/\/es.wikipedia.org\/w\/index.php?title=Juan_Pablo_Sisterna&amp;action=edit&amp;redlink=1\">Juan Pablo Sisterna<\/a><\/td>\n<td>Ret.<\/td>\n<td>&#8211;<\/td>\n<\/tr>\n<tr>\n<th><a title=\"Rally Dakar de 2016\" href=\"https:\/\/es.wikipedia.org\/wiki\/Rally_Dakar_de_2016\">2016<\/a><\/th>\n<td><a class=\"new\" title=\"Tomislaw Glavic (a\u00fan no redactado)\" href=\"https:\/\/es.wikipedia.org\/w\/index.php?title=Tomislaw_Glavic&amp;action=edit&amp;redlink=1\">Tomislaw Glavic<\/a><\/td>\n<td>50.\u00ba<\/td>\n<td>&#8211;<\/td>\n<\/tr>\n<tr>\n<th><a title=\"Rally Dakar de 2017\" href=\"https:\/\/es.wikipedia.org\/wiki\/Rally_Dakar_de_2017\">2017<\/a><\/th>\n<td><a title=\"Sergio Lafuente\" href=\"https:\/\/es.wikipedia.org\/wiki\/Sergio_Lafuente\">Sergio Lafuente<\/a><\/td>\n<td>33.\u00ba<\/td>\n<td>&#8211;<\/td>\n<\/tr>\n<tr>\n<th><a title=\"\" href=\"https:\/\/es.wikipedia.org\/wiki\/Rally_Dakar_de_2018\">2018<\/a><\/th>\n<td><a class=\"new\" title=\"Andres Young (a\u00fan no redactado)\" href=\"https:\/\/es.wikipedia.org\/w\/index.php?title=Andres_Young&amp;action=edit&amp;redlink=1\">Andres Young<\/a><\/td>\n<td>Ret.<\/td>\n<td>&#8211;<\/td>\n<\/tr>\n<tr>\n<th><a title=\"Rally Dakar de 2019\" href=\"https:\/\/es.wikipedia.org\/wiki\/Rally_Dakar_de_2019\">2019<\/a><\/th>\n<td><a title=\"Can-Am (empresa)\" href=\"https:\/\/es.wikipedia.org\/wiki\/Can-Am_(empresa)\">Can-Am<\/a><\/td>\n<td><i>Sin copiloto<\/i><\/td>\n<td>18.\u00ba<\/td>\n<td>&#8211;<\/td>\n<\/tr>\n<tr>\n<th><a title=\"Rally Dakar de 2022\" href=\"https:\/\/es.wikipedia.org\/wiki\/Rally_Dakar_de_2022\">2022<\/a><\/th>\n<td>Camiones<\/td>\n<td><a title=\"MAN SE\" href=\"https:\/\/es.wikipedia.org\/wiki\/MAN_SE\">MAN<\/a><\/td>\n<td><a class=\"new\" title=\"Pau Navarro (a\u00fan no redactado)\" href=\"https:\/\/es.wikipedia.org\/w\/index.php?title=Pau_Navarro&amp;action=edit&amp;redlink=1\">Pau Navarro<\/a>\u00a0\/\u00a0<a title=\"Carlos Mel Banfi\" href=\"https:\/\/es.wikipedia.org\/wiki\/Carlos_Mel_Banfi\">Carlos Mel Banfi<\/a><\/td>\n<td>Ret.<\/td>\n<td>&#8211;<\/td>\n<\/tr>\n<tr>\n<th><a title=\"Rally Dakar de 2023\" href=\"https:\/\/es.wikipedia.org\/wiki\/Rally_Dakar_de_2023\">2023<\/a><\/th>\n<td>SSVs<\/td>\n<td><a title=\"Can-Am (empresa)\" href=\"https:\/\/es.wikipedia.org\/wiki\/Can-Am_(empresa)\">Can-Am<\/a><\/td>\n<td><a class=\"new\" title=\"Xavier Flick (a\u00fan no redactado)\" href=\"https:\/\/es.wikipedia.org\/w\/index.php?title=Xavier_Flick&amp;action=edit&amp;redlink=1\">Xavier Flick<\/a><\/td>\n<td>16.\u00ba<\/td>\n<td>&#8211;<\/td>\n<\/tr>\n<tr>\n<th colspan=\"6\">Fuente:\u00a0<sup id=\"cite_ref-11\" class=\"mw-references reference separada\"><a href=\"https:\/\/es.wikipedia.org\/wiki\/Juan_Manuel_Silva#cite_note-11\"><span class=\"cite-bracket\">[<\/span><\/a><\/sup>\u200b<\/th>\n<\/tr>\n<\/tbody>\n<\/table>\n<\/div>\n<\/div>\n<\/div>\n<\/div>\n<\/div>\n","protected":false},"excerpt":{"rendered":"<p>El \u00abPato\u00bb Silva, destacado piloto chaque\u00f1o cumple este domingo 53 a\u00f1os, y todos los pas\u00f3 ligado a los fierros. No solo se destac\u00f3 por sus t\u00edtulos y victorias, sino tambi\u00e9n por una carrera forjada desde abajo, con un gran sacrificio personal. La historia de c\u00f3mo lleg\u00f3 a la cima est\u00e1 llena de momentos que reflejan &hellip;<\/p>\n","protected":false},"author":2,"featured_media":26854,"comment_status":"open","ping_status":"open","sticky":false,"template":"","format":"standard","meta":{"footnotes":""},"categories":[78],"tags":[],"class_list":["post-26844","post","type-post","status-publish","format-standard","has-post-thumbnail","hentry","category-historias"],"_links":{"self":[{"href":"https:\/\/www.sportchaco.com.ar\/index.php?rest_route=\/wp\/v2\/posts\/26844","targetHints":{"allow":["GET"]}}],"collection":[{"href":"https:\/\/www.sportchaco.com.ar\/index.php?rest_route=\/wp\/v2\/posts"}],"about":[{"href":"https:\/\/www.sportchaco.com.ar\/index.php?rest_route=\/wp\/v2\/types\/post"}],"author":[{"embeddable":true,"href":"https:\/\/www.sportchaco.com.ar\/index.php?rest_route=\/wp\/v2\/users\/2"}],"replies":[{"embeddable":true,"href":"https:\/\/www.sportchaco.com.ar\/index.php?rest_route=%2Fwp%2Fv2%2Fcomments&post=26844"}],"version-history":[{"count":4,"href":"https:\/\/www.sportchaco.com.ar\/index.php?rest_route=\/wp\/v2\/posts\/26844\/revisions"}],"predecessor-version":[{"id":26905,"href":"https:\/\/www.sportchaco.com.ar\/index.php?rest_route=\/wp\/v2\/posts\/26844\/revisions\/26905"}],"wp:featuredmedia":[{"embeddable":true,"href":"https:\/\/www.sportchaco.com.ar\/index.php?rest_route=\/wp\/v2\/media\/26854"}],"wp:attachment":[{"href":"https:\/\/www.sportchaco.com.ar\/index.php?rest_route=%2Fwp%2Fv2%2Fmedia&parent=26844"}],"wp:term":[{"taxonomy":"category","embeddable":true,"href":"https:\/\/www.sportchaco.com.ar\/index.php?rest_route=%2Fwp%2Fv2%2Fcategories&post=26844"},{"taxonomy":"post_tag","embeddable":true,"href":"https:\/\/www.sportchaco.com.ar\/index.php?rest_route=%2Fwp%2Fv2%2Ftags&post=26844"}],"curies":[{"name":"wp","href":"https:\/\/api.w.org\/{rel}","templated":true}]}}